{"id":2748,"date":"2020-05-09T21:26:48","date_gmt":"2020-05-09T21:26:48","guid":{"rendered":"http:\/\/www.chnk.pl\/?p=2748"},"modified":"2020-05-09T21:26:48","modified_gmt":"2020-05-09T21:26:48","slug":"dekret-dot-duszpasterstwa-w-czasie-epidemii","status":"publish","type":"post","link":"https:\/\/www.chnk.pl\/?p=2748","title":{"rendered":"DEKRET DOT. DUSZPASTERSTWA W CZASIE EPIDEMII"},"content":{"rendered":"\n<p>DEKRET<br \/>dotycz\u0105cy duszpasterstwa w czasie epidemii (maj 2020)<\/p>\n<p>W zwi\u0105zku z aktualn\u0105 sytuacj\u0105 epidemiologiczn\u0105 obowi\u0105zuj\u0105 dotychczas wydane dla Archidiecezji Pozna\u0144skiej akty prawne, dotycz\u0105ce sprawowania pos\u0142ugi duszpasterskiej i liturgicznej w czasie epidemii. Obecnie szczeg\u00f3lnie nale\u017cy uwzgl\u0119dni\u0107 wskazania zaktualizowane w niniejszym dekrecie.<\/p>\n<p>1. Udzia\u0142 w liturgii<br \/>Z uwagi na wprowadzone ograniczenia serdecznie zach\u0119cam wiernych do duchowej \u0142\u0105czno\u015bci z liturgi\u0105 Mszy \u015bw. za po\u015brednictwem transmisji telewizyjnych, radiowych i internetowych. Warto jednocze\u015bnie rozwa\u017cy\u0107 fizyczny udzia\u0142 we Mszy \u015bw. w \u015bwi\u0105tyniach, w kt\u00f3rych jest wystarczaj\u0105ca liczba miejsc, zw\u0142aszcza w dni powszednie. Prosz\u0119 jednak szczeg\u00f3lnie osoby b\u0119d\u0105ce w grupie podwy\u017cszonego ryzyka zara\u017cenia (chorych, starszych wiekiem i kobiety w stanie b\u0142ogos\u0142awionym) o pozostanie w domu. Dyspensa od obowi\u0105zku uczestnictwa w niedzielnej Mszy \u015bw. jest przed\u0142u\u017cona i obowi\u0105zuje a\u017c do odwo\u0142ania.<br \/>Zapraszam wszystkich \u2013 kap\u0142an\u00f3w, osoby \u017cycia konsekrowanego i wiernych \u015bwieckich \u2013 do wytrwa\u0142ej modlitwy we wsp\u00f3lnotach domowych, w szczeg\u00f3lno\u015bci do modlitwy r\u00f3\u017ca\u0144cowej o godz. 20.30 w jedno\u015bci z Ojcem \u015awi\u0119tym Franciszkiem.<\/p>\n<p>2. Sprawowanie Eucharystii w ko\u015bciele<br \/>Nadal obowi\u0105zuje zasada, zgodnie z kt\u00f3r\u0105 podczas Eucharystii i nabo\u017ce\u0144stw w \u015bwi\u0105tyni przebywa\u0107 mo\u017ce 1 osoba na 15 m2, nie wliczaj\u0105c do tego os\u00f3b sprawuj\u0105cych pos\u0142ug\u0119. Na drzwiach wej\u015bciowych winna si\u0119 znajdowa\u0107 stosowna informacja.<br \/>Z najwy\u017csz\u0105 trosk\u0105 nale\u017cy zachowa\u0107 wszystkie zasady dotycz\u0105ce bezpiecze\u0144stwa, stosownego dystansu os\u00f3b, zas\u0142aniania ust i nosa oraz dezynfekcji powierzchni i wietrzenia ko\u015bcio\u0142a po ka\u017cdej Mszy \u015bw. (por. https:\/\/www.gov.pl\/web\/koronawirus).<br \/>Udzielanie Komunii \u015bw. przez nadzwyczajnych szafarzy pozostaje zawieszone.<br \/>W dalszym ci\u0105gu rekomenduje si\u0119 przyjmowanie Komunii \u015bw. na r\u0119k\u0119 \u2013 nie wolno tego jednak czyni\u0107 u\u017cywaj\u0105c chusteczki czy r\u0119kawiczki. Osoby, kt\u00f3re pragn\u0105 przyj\u0105\u0107 Komuni\u0119 \u015bw. do ust, mog\u0105 uczyni\u0107 to po zako\u0144czeniu rozdzielania jej wiernym przyjmuj\u0105cym Komuni\u0119 \u015bw. na r\u0119k\u0119 lub u oddzielnego szafarza. W jednym rz\u0119dzie mo\u017cna rozdziela\u0107 Komuni\u0119 \u015bw. do ust, a w drugim \u2013 na r\u0119k\u0119. Celebrans lub proboszcz podczas ka\u017cdej liturgii winien wyra\u017anie zapowiedzie\u0107 porz\u0105dek Komunii \u015bw.<\/p>\n<p>3. Sprawowanie sakramentu pokuty i pojednania<br \/>Duszpasterze powinni codziennie dawa\u0107 wiernym okazj\u0119 do skorzystania z sakramentu pokuty i pojednania. Spowied\u017a winna mie\u0107 miejsce w osobnych pomieszczeniach, umo\u017cliwiaj\u0105cych sprawowanie sakramentu z zachowaniem wi\u0119kszej odleg\u0142o\u015bci mi\u0119dzy penitentem a spowiednikiem, lub w ko\u015bciele w cz\u0119sto dezynfekowanych otwartych konfesjona\u0142ach.<\/p>\n<p>4. Uroczysto\u015b\u0107 Pierwszej Komunii \u015bw.<br \/>Ze wzgl\u0119du na niemo\u017cliwo\u015b\u0107 okre\u015blenia czasu zako\u0144czenia pandemii, dopuszcza si\u0119 organizowanie uroczysto\u015bci Pierwszej Komunii \u015bw. dla jednej lub kilku rodzin, na wyra\u017ane \u017cyczenie rodzic\u00f3w, tak by zachowa\u0107 obowi\u0105zuj\u0105ce zasady sanitarne. Ka\u017cdy przypadek trzeba rozpatrzy\u0107 indywidualnie \u2013 o terminie uroczysto\u015bci nie mo\u017ce decydowa\u0107 g\u0142osowanie lub wola wi\u0119kszo\u015bci, a ostateczn\u0105 decyzj\u0119 podejmuj\u0105 w tej sprawie rodzice poszczeg\u00f3lnego dziecka, zawsze w porozumieniu z proboszczem i z uwzgl\u0119dnieniem mo\u017cliwo\u015bci parafii.<br \/>Bezpo\u015brednie przygotowanie do uroczysto\u015bci komunijnej powinno mie\u0107 r\u00f3wnie\u017c charakter indywidualny (rodzinny lub zdalny, bez mno\u017cenia spotka\u0144), za\u015b pierwsz\u0105 spowied\u017a \u015bw. nale\u017cy sprawowa\u0107 wed\u0142ug zasad wy\u017cej opisanych. Pierwszej Komunii \u015bw. mo\u017cna udziela\u0107 podczas Mszy \u015bw. w niedziel\u0119 i dni powszednie; tak\u017ce podczas Mszy \u015bw. dodatkowych. Spos\u00f3b udzielenia Pierwszej Komunii \u015bw. nale\u017cy uzgodni\u0107 z rodzicami; dopuszcza si\u0119 udzielenie Komunii \u015bw. na r\u0119k\u0119, je\u015bli takie jest \u017cyczenie rodzic\u00f3w.<br \/>Uroczysto\u015bci pierwszokomunijne w wi\u0119kszych grupach wolno organizowa\u0107 dopiero po zniesieniu przez w\u0142adze pa\u0144stwowe odpowiednich ogranicze\u0144, w terminie, kt\u00f3ry rodzice wraz z proboszczem uznaj\u0105 za bezpieczny.<\/p>\n<p>5. Duszpasterstwo<br \/>a. Wyra\u017caj\u0105c wdzi\u0119czno\u015b\u0107 wszystkim ksi\u0119\u017com za podejmowanie w czasie trwania pandemii inicjatyw pastoralnych oraz za trosk\u0119 o wiernych, zobowi\u0105zuj\u0119 kap\u0142an\u00f3w do podtrzymywania kontakt\u00f3w z grupami duszpasterskimi w formie telefonicznej i internetowej, a tak\u017ce w miar\u0119 mo\u017cliwo\u015bci do organizowania ich formacji (katechezy i spotkania online, nauki dla doros\u0142ych w ramach nabo\u017ce\u0144stw). Pomoc\u0105 s\u0142u\u017cy m. in. Fundacja Pro Publico, kt\u00f3rej przedstawiciele s\u0105 do dyspozycji duszpasterzy.<br \/>b. Poniewa\u017c w dalszym ci\u0105gu zawieszone s\u0105 tzw. objazdy chorych, duszpasterze powinni utrzymywa\u0107 z tymi osobami i ich rodzinami kontakt telefoniczny, rozeznaj\u0105c duchowe potrzeby, z Komuni\u0105 \u015bw. i spowiedzi\u0105 w\u0142\u0105cznie. Jednak wizyt\u0119 duszpastersk\u0105 nale\u017cy sk\u0142ada\u0107 tylko na wyra\u017ane zaproszenie osoby chorej lub jej rodziny, zachowuj\u0105c szczeg\u00f3lny rygor sanitarny.<br \/>c. Kapelan\u00f3w szpitalnych i hospicyjnych zach\u0119cam do sta\u0142ego kontaktu z dyrekcjami tych o\u015brodk\u00f3w medycznych w sprawie zakresu ich pos\u0142ugi duszpasterskiej.<br \/>d. W zwi\u0105zku z 100. rocznic\u0105 urodzin \u015bw. Jana Paw\u0142a II zalecam odprawienie w ka\u017cdej parafii Mszy \u015bw. w intencji dzi\u0119kczynnej za Jego \u017cycie i pontyfikat w niedziel\u0119 17 maja lub w poniedzia\u0142ek 18 maja, bez mo\u017cliwo\u015bci oddania czci relikwiom \u015awi\u0119tego przez uca\u0142owanie.<br \/>e. Udzielanie bierzmowania pozostaje nadal zawieszone. Przypadki pilnej potrzeby indywidualnego udzielenia tego sakramentu nale\u017cy zg\u0142asza\u0107 w Kurii.<br \/>f. Bior\u0105c pod uwag\u0119 aktualnie obowi\u0105zuj\u0105cy stan prawny, nie organizuje si\u0119 procesji Bo\u017cego Cia\u0142a ulicami parafii. W uroczysto\u015b\u0107 Naj\u015bwi\u0119tszego Cia\u0142a i Krwi Chrystusa mo\u017cliwa jest skromna procesja eucharystyczna po Mszy \u015bw. wok\u00f3\u0142 ko\u015bcio\u0142a \u2013 nale\u017cy jednak zadba\u0107 o zachowanie stosownego dystansu mi\u0119dzy uczestnikami.<br \/>g. Nie organizuje si\u0119 wakacyjnych rekolekcji w tradycyjnej formie, zaleca si\u0119 natomiast formacj\u0119 online, ze szczeg\u00f3lnym uwzgl\u0119dnieniem lider\u00f3w grup i wsp\u00f3lnot.<br \/>h. 86. Pozna\u0144ska Piesza Pielgrzymka na Jasn\u0105 G\u00f3r\u0119 b\u0119dzie mia\u0142a charakter duchowy, z symbolicznym udzia\u0142em delegowanych kap\u0142an\u00f3w oraz z celebracjami stacyjnymi w wyznaczonych \u015bwi\u0105tyniach. Zach\u0119cam do \u0142\u0105czno\u015bci duchowej przy wykorzystaniu propozycji medialnych przygotowywanych przez Kierownika i Przewodnik\u00f3w \u2013 b\u0119d\u0105 one przekazane w terminie p\u00f3\u017aniejszym.<\/p>\n<p>6. Transmisje internetowe<br \/>Transmitowanie Mszy \u015bw. i nabo\u017ce\u0144stw domaga si\u0119 wzorcowego przygotowania i celebracji liturgii, doboru \u015bpiew\u00f3w, opracowania homilii czy katechezy. Celebracje powinny by\u0107 transmitowane jedynie w czasie rzeczywistym, dlatego nie nale\u017cy udost\u0119pnia\u0107 nagra\u0144 obrz\u0119d\u00f3w Mszy \u015bw. po ich zako\u0144czeniu, <br \/>z wyj\u0105tkiem liturgii s\u0142owa.<\/p>\n<p>\u2020 Stanis\u0142aw G\u0105decki<br \/>Arcybiskup Metropolita Pozna\u0144ski<\/p>\n<p><br \/>ks. pra\u0142at dr Ireneusz Dosz<br \/>Kanclerz Kurii<\/p>\n","protected":false},"excerpt":{"rendered":"<p>DEKRETdotycz\u0105cy duszpasterstwa w czasie epidemii (maj 2020) W zwi\u0105zku z aktualn\u0105 sytuacj\u0105 epidemiologiczn\u0105 obowi\u0105zuj\u0105 dotychczas wydane dla Archidiecezji Pozna\u0144skiej akty prawne, dotycz\u0105ce sprawowania pos\u0142ugi duszpasterskiej i liturgicznej w czasie epidemii. Obecnie szczeg\u00f3lnie nale\u017cy uwzgl\u0119dni\u0107 wskazania zaktualizowane w niniejszym dekrecie. 1. Udzia\u0142 w liturgiiZ uwagi na wprowadzone ograniczenia serdecznie zach\u0119cam wiernych do duchowej \u0142\u0105czno\u015bci z liturgi\u0105 &#8230; <span class=\"more\"><a class=\"more-link\" href=\"https:\/\/www.chnk.pl\/?p=2748\">czytaj wi\u0119cej<\/a><\/span><\/p>\n","protected":false},"author":3,"featured_media":0,"comment_status":"open","ping_status":"open","sticky":false,"template":"","format":"standard","meta":{"ngg_post_thumbnail":0,"footnotes":""},"categories":[1],"tags":[],"_links":{"self":[{"href":"https:\/\/www.chnk.pl\/index.php?rest_route=\/wp\/v2\/posts\/2748"}],"collection":[{"href":"https:\/\/www.chnk.pl\/index.php?rest_route=\/wp\/v2\/posts"}],"about":[{"href":"https:\/\/www.chnk.pl\/index.php?rest_route=\/wp\/v2\/types\/post"}],"author":[{"embeddable":true,"href":"https:\/\/www.chnk.pl\/index.php?rest_route=\/wp\/v2\/users\/3"}],"replies":[{"embeddable":true,"href":"https:\/\/www.chnk.pl\/index.php?rest_route=%2Fwp%2Fv2%2Fcomments&post=2748"}],"version-history":[{"count":1,"href":"https:\/\/www.chnk.pl\/index.php?rest_route=\/wp\/v2\/posts\/2748\/revisions"}],"predecessor-version":[{"id":2749,"href":"https:\/\/www.chnk.pl\/index.php?rest_route=\/wp\/v2\/posts\/2748\/revisions\/2749"}],"wp:attachment":[{"href":"https:\/\/www.chnk.pl\/index.php?rest_route=%2Fwp%2Fv2%2Fmedia&parent=2748"}],"wp:term":[{"taxonomy":"category","embeddable":true,"href":"https:\/\/www.chnk.pl\/index.php?rest_route=%2Fwp%2Fv2%2Fcategories&post=2748"},{"taxonomy":"post_tag","embeddable":true,"href":"https:\/\/www.chnk.pl\/index.php?rest_route=%2Fwp%2Fv2%2Ftags&post=2748"}],"curies":[{"name":"wp","href":"https:\/\/api.w.org\/{rel}","templated":true}]}}