{"id":2736,"date":"2020-05-02T17:16:45","date_gmt":"2020-05-02T17:16:45","guid":{"rendered":"http:\/\/www.chnk.pl\/?p=2736"},"modified":"2020-05-05T19:55:45","modified_gmt":"2020-05-05T19:55:45","slug":"4-niedziela-wielkanocna-3","status":"publish","type":"post","link":"https:\/\/www.chnk.pl\/?p=2736","title":{"rendered":"4 Niedziela Wielkanocna"},"content":{"rendered":"\n<p>OG\u0141OSZENIA DUSZPASTERSKIE<br \/>NIEDZIELA IV WIELKANOCNA<br \/>3 maja 2020 r.<\/p>\n<p>1. Kalendarz liturgiczny:<br \/>poniedzia\u0142ek \u2013 \u015bw. Floriana,<br \/>wtorek \u2013 \u015bw. Stanis\u0142awa Ka\u017amierczyka,<br \/>\u015broda &#8211; app. Filipa i Jakuba,<br \/>pi\u0105tek \u2013 \u015bw. Stanis\u0142awa biskupa i m\u0119czennika, g\u0142\u00f3wnego patrona Polski i Archidiecezji.<\/p>\n<p><br \/>2. Nabo\u017ce\u0144stwa majowe codziennie o godz. 17.30. Prze\u017cywamy nabo\u017ce\u0144stwa rozwa\u017caj\u0105c \u017cycie S\u0142ugi Bo\u017cego kard. Stefana Wyszy\u0144skiego, tak\u017ce jako dzi\u0119kczynienie za zesz\u0142oroczne Nawiedzenia Matki Bo\u017cej w Jasnog\u00f3rskim Wizerunku, oraz uproszenia ust\u0105pienia pandemii i z pro\u015bba o deszcz. \u015arodowa nowenna do Matki Bo\u017cej Nieustaj\u0105cej Pomocy w razem z majowym nabo\u017ce\u0144stwem.<\/p>\n<p><br \/>3. W pi\u0105tek, 8 maja, w uroczysto\u015b\u0107 \u015bw. Stanis\u0142awa biskupa i m\u0119czennika. Nie obowi\u0105zuje post.<\/p>\n<p><br \/>4. W naszym ko\u015bciele mo\u017ce przebywa\u0107 do 40 os\u00f3b. W niedziel\u0119, na mszy \u015bw. o godz. 11.15, 12.30 i 18.00, s\u0105 jeszcze wolne miejsca. Uczestnicz\u0105c nale\u017cy zas\u0142ania\u0107 drogi oddechowe, ods\u0142aniaj\u0105c je jedynie przed przyj\u0119ciem komunii \u015bw. Prosimy rozsiada\u0107 si\u0119 na ca\u0142ej przestrzeni ko\u015bcio\u0142a: nawa, podcienia, ch\u00f3r i kaplica.<\/p>\n<p><br \/>5. B\u00f3g zap\u0142a\u0107 za ofiary na danin\u0119 diecezjaln\u0105 i utrzymanie naszego ko\u015bcio\u0142a.<\/p>\n<p>6. Zapraszamy na parafialnego Facebooka: <a href=\"http:\/\/www.facebook.com\/parafiachnk\">http:\/\/www.facebook.com\/parafiachnk<\/a> Przygotowujemy specjalne nagrania dla dzieci. W ka\u017cd\u0105 sobot\u0119 od 18:00 dost\u0119pne s\u0142owo na niedziel\u0119 z piosenk\u0105 i wyzwaniem na kolejny tydzie\u0144. Poza tym dzieci znajd\u0105 inne skierowane do nich nagrania w ci\u0105gu tygodnia.<\/p>\n<p><br \/>7. Zach\u0119camy do czytania prasy katolickiej. Przy zakrystii: Przewodnik Katolicki (z modlitewnikiem na maj), Go\u015b\u0107 Niedzielny, Ziarno (doro\u015bli zabieraj\u0105 dla dzieci zw\u0142aszcza pierwszokomunijnych). S\u0142uchaj na antenie i w internecie Dobrego Radia \u201eEmaus\u201d &#8211; www.radioemaus.pl.<\/p>\n<p><br \/>8. M\u00f3dlmy si\u0119 za zmar\u0142ych parafian. Za dusz\u0119 \u015bp. Tadeusza Nowickiego, os. Lecha 87 ) msza \u015bw. pogrzebowa w poniedzia\u0142ek o godz. 10.00 i pogrzeb o godz. 12.00 na cmentarzu przy ul. Bluszczowej) oraz za dusz\u0119 \u015bp. Zofii Dzi\u0119cio\u0142 (msza \u015bw. pogrzebowa we wtorek o godz. 11.00). Wieczny odpoczynek racz zmar\u0142ym da\u0107 Panie.<\/p>\n","protected":false},"excerpt":{"rendered":"<p>OG\u0141OSZENIA DUSZPASTERSKIENIEDZIELA IV WIELKANOCNA3 maja 2020 r. 1. Kalendarz liturgiczny:poniedzia\u0142ek \u2013 \u015bw. Floriana,wtorek \u2013 \u015bw. Stanis\u0142awa Ka\u017amierczyka,\u015broda &#8211; app. Filipa i Jakuba,pi\u0105tek \u2013 \u015bw. Stanis\u0142awa biskupa i m\u0119czennika, g\u0142\u00f3wnego patrona Polski i Archidiecezji. 2. Nabo\u017ce\u0144stwa majowe codziennie o godz. 17.30. Prze\u017cywamy nabo\u017ce\u0144stwa rozwa\u017caj\u0105c \u017cycie S\u0142ugi Bo\u017cego kard. Stefana Wyszy\u0144skiego, tak\u017ce jako dzi\u0119kczynienie za zesz\u0142oroczne Nawiedzenia &#8230; <span class=\"more\"><a class=\"more-link\" href=\"https:\/\/www.chnk.pl\/?p=2736\">czytaj wi\u0119cej<\/a><\/span><\/p>\n","protected":false},"author":3,"featured_media":0,"comment_status":"open","ping_status":"open","sticky":false,"template":"","format":"standard","meta":{"ngg_post_thumbnail":0,"footnotes":""},"categories":[1],"tags":[],"_links":{"self":[{"href":"https:\/\/www.chnk.pl\/index.php?rest_route=\/wp\/v2\/posts\/2736"}],"collection":[{"href":"https:\/\/www.chnk.pl\/index.php?rest_route=\/wp\/v2\/posts"}],"about":[{"href":"https:\/\/www.chnk.pl\/index.php?rest_route=\/wp\/v2\/types\/post"}],"author":[{"embeddable":true,"href":"https:\/\/www.chnk.pl\/index.php?rest_route=\/wp\/v2\/users\/3"}],"replies":[{"embeddable":true,"href":"https:\/\/www.chnk.pl\/index.php?rest_route=%2Fwp%2Fv2%2Fcomments&post=2736"}],"version-history":[{"count":3,"href":"https:\/\/www.chnk.pl\/index.php?rest_route=\/wp\/v2\/posts\/2736\/revisions"}],"predecessor-version":[{"id":2740,"href":"https:\/\/www.chnk.pl\/index.php?rest_route=\/wp\/v2\/posts\/2736\/revisions\/2740"}],"wp:attachment":[{"href":"https:\/\/www.chnk.pl\/index.php?rest_route=%2Fwp%2Fv2%2Fmedia&parent=2736"}],"wp:term":[{"taxonomy":"category","embeddable":true,"href":"https:\/\/www.chnk.pl\/index.php?rest_route=%2Fwp%2Fv2%2Fcategories&post=2736"},{"taxonomy":"post_tag","embeddable":true,"href":"https:\/\/www.chnk.pl\/index.php?rest_route=%2Fwp%2Fv2%2Ftags&post=2736"}],"curies":[{"name":"wp","href":"https:\/\/api.w.org\/{rel}","templated":true}]}}