{"id":2732,"date":"2020-05-01T15:22:52","date_gmt":"2020-05-01T15:22:52","guid":{"rendered":"http:\/\/www.chnk.pl\/?p=2732"},"modified":"2020-05-01T15:22:52","modified_gmt":"2020-05-01T15:22:52","slug":"akt-zawierzenia-polski-najswietszemu-sercu-pana-jezusa-i-matce-bozej-krolowej-polski","status":"publish","type":"post","link":"https:\/\/www.chnk.pl\/?p=2732","title":{"rendered":"AKT ZAWIERZENIA POLSKI NAJ\u015aWI\u0118TSZEMU SERCU PANA JEZUSA I MATCE BO\u017bEJ KR\u00d3LOWEJ POLSKI"},"content":{"rendered":"\n<p>AKT ZAWIERZENIA POLSKI<br \/>NAJ\u015aWI\u0118TSZEMU SERCU PANA JEZUSA <br \/>I MATCE BO\u017bEJ KR\u00d3LOWEJ POLSKI<\/p>\n<p>Bo\u017ce, Ojcze Wszechmog\u0105cy, bogaty w Mi\u0142osierdzie, b\u0105d\u017a uwielbiony w tajemnicy Twojej Mi\u0142o\u015bci, objawionej przez Syna w Duchu \u015awi\u0119tym. <br \/>Panie Jezu Chryste, Zbawicielu \u015bwiata. Dzi\u0119kujemy Ci za Twoj\u0105 ofiarn\u0105 mi\u0142o\u015b\u0107, kt\u00f3ra w tajemnicy Ukrzy\u017cowania i Zmartwychwstania sta\u0142a si\u0119 mi\u0142o\u015bci\u0105 zwyci\u0119sk\u0105. <br \/>Duchu \u015awi\u0119ty, Duchu Prawdy, mi\u0142o\u015bci, mocy i \u015bwiadectwa, prowad\u017a nas.<br \/>Gdy zbli\u017ca si\u0119 100. rocznica Cudu Nad Wis\u0142\u0105 \u2013 kt\u00f3ry w sierpniu 1920 roku za przyczyn\u0105 Naj\u015bwi\u0119tszej Maryi Panny ocali\u0142 nasz\u0105 Ojczyzn\u0119 i cywilizacj\u0119 europejsk\u0105 od bolszewickiego panowania &#8211; my, Pasterze Ko\u015bcio\u0142a w Polsce, podobnie jak nasi Poprzednicy przybywamy na Jasn\u0105 G\u00f3r\u0119. To tutaj od pokole\u0144 uczymy si\u0119, \u017ce kr\u00f3lowanie Chrystusa, a wraz z Nim Maryi, Kr\u00f3lowej Polski, obejmuje w spos\u00f3b szczeg\u00f3lny r\u00f3wnie\u017c s\u0142u\u017cb\u0119 Narodowi. Tutaj &#8211; na Jasnej G\u00f3rze &#8211; u\u015bwiadamiamy sobie wyra\u017aniej odpowiedzialno\u015b\u0107 za chrze\u015bcija\u0144skie dziedzictwo na polskiej ziemi. Potrzeb\u0119 wsp\u00f3lnej troski wszystkich warstw spo\u0142ecznych nie tylko za materialne, ale tak\u017ce za duchowe dobro naszej Ojczyzny. <br \/>W tym szczeg\u00f3lnym roku dzi\u0119kujemy za 100. rocznic\u0119 urodzin \u015aw. Jana Paw\u0142a II, kt\u00f3ry dostrzega\u0142 w Maryi wz\u00f3r niezawodnej nadziei ogarniaj\u0105cej ca\u0142ego cz\u0142owieka. Dzi\u0119kujemy r\u00f3wnie\u017c za decyzj\u0119 o beatyfikacji S\u0142ugi Bo\u017cego Stefana Kardyna\u0142a Wyszy\u0144skiego, kt\u00f3ry przypomina\u0142 nam, \u017ce nie wystarczy patrze\u0107 w czyste, zranione oblicze Matki, ale trzeba te\u017c, aby nasz Nar\u00f3d wyczyta\u0142 w Jej oczach wszystko, co jest potrzebne dla odnowy polskich sumie\u0144.<br \/>Wraz z Maryj\u0105, Bogurodzic\u0105 Dziewic\u0105, Kr\u00f3low\u0105 Polski i \u015awi\u0119tymi Patronami, b\u0142agamy o ratunek dla naszej Ojczyzny w jej dzisiejszym trudnym do\u015bwiadczeniu. <br \/>W duchu Aktu Zawierzenia przez Biskup\u00f3w Polskich sprzed 100 laty, wyznajemy \u201ew prawdzie i pokorze, \u017ce niewdzi\u0119czno\u015bci\u0105 nasz\u0105 i grzechami zas\u0142u\u017cyli\u015bmy na Twoj\u0105 kar\u0119, ale przez zas\u0142ugi naszych \u015awi\u0119tych Patron\u00f3w, przez krew m\u0119cze\u0144sk\u0105 przelan\u0105 dla wiary przez braci naszych, za przyczyn\u0105 Kr\u00f3lowej Korony Polskiej, Twojej Rodzicielki, a naszej ukochanej Matki Cz\u0119stochowskiej, b\u0142agamy Ci\u0119, racz nam darowa\u0107 nasze winy\u201d. Prosimy Ci\u0119, przebacz nam nasze grzechy przeciwko \u017cyciu, bezczeszczenie Twojej eucharystycznej Obecno\u015bci, blu\u017anierstwa wobec Twojej Naj\u015bwi\u0119tszej Matki i Jej wizerunk\u00f3w oraz wszelki grzech niezgody. \u201ePrzemie\u0144 serca nasze na wz\u00f3r Twojego Boskiego Serca; przemie\u0144 nas pot\u0119g\u0105 Twojej wszechmocnej \u0142aski a z oboj\u0119tnych i letnich uczy\u0144 nas gorliwymi i gor\u0105cymi, z ma\u0142odusznych m\u0119\u017cnymi i spraw, aby\u015bmy ju\u017c wszyscy odt\u0105d trwali w wiernej s\u0142u\u017cbie Twojej i nigdy Ci\u0119 nie opu\u015bcili\u201d.<br \/>Naj\u015bwi\u0119tsze Serce Jezusa, Tobie zawierzamy Ko\u015bci\u00f3\u0142 na polskiej ziemi, wszystkie jego stany i powo\u0142ania: duchowie\u0144stwo, osoby \u017cycia konsekrowanego, wszystkich wiernych, kt\u00f3rzy \u201ePolsk\u0119 stanowi\u0105\u201d w kraju i poza jego granicami. Oddal od nas wszelk\u0105 zaraz\u0119 b\u0142\u0119d\u00f3w i grzech\u00f3w, pandemi\u0119 koronawirusa, gro\u017c\u0105c\u0105 nam susz\u0119, jak r\u00f3wnie\u017c kryzys ekonomiczny i zwi\u0105zane z tym bezrobocie. Te nasze pro\u015bby o\u015bmielamy si\u0119 zanie\u015b\u0107 do Ciebie przez szczeg\u00f3lne wstawiennictwo Naj\u015bwi\u0119tszej Maryi Panny, kt\u00f3ra jest nasz\u0105 Przedziwn\u0105 Pomoc\u0105 i Obron\u0105. <br \/>Bogurodzico Dziewico, Kr\u00f3lowo Polski i nasza Jasnog\u00f3rska Matko! Ku Tobie wznosi si\u0119 dzisiaj nasza ufna modlitwa, kt\u00f3ra zespala serca wszystkich Polak\u00f3w. Przyjmij godziwe pragnienia Twoich dzieci, kt\u00f3rymi opiekowa\u0142a\u015b si\u0119 zawsze z macierzy\u0144sk\u0105 trosk\u0105. Twoimi jeste\u015bmy i Twoimi pragniemy pozosta\u0107. Towarzysz nam w codziennej w\u0119dr\u00f3wce naszego \u017cycia, b\u0105d\u017a Przewodniczk\u0105, b\u0142agaj\u0105c\u0105 i niezwyci\u0119\u017con\u0105 Moc\u0105. <br \/>Maryjo! Pragniemy w tej modlitwie przywo\u0142a\u0107 solidarny Akt Zawierzenia \u015bwiata, Ko\u015bcio\u0142a a tak\u017ce naszej Ojczyzny, kt\u00f3ry w dniu 25 marca 2020 r., wypowiada\u0142 Pasterz Ko\u015bcio\u0142a Portugalskiego w Fatimie. Dzisiaj zawierzamy Tobie nasz\u0105 Ojczyzn\u0119 i Nar\u00f3d, wszystkich Polak\u00f3w \u017cyj\u0105cych w Ojczy\u017anie i na obczy\u017anie. Tobie zawierzamy ca\u0142e nasze \u017cycie, wszystkie nasze rado\u015bci i cierpienia, wszystko czym jeste\u015bmy i co posiadamy, ca\u0142\u0105 nasz\u0105 przesz\u0142o\u015b\u0107, tera\u017aniejszo\u015b\u0107 i przysz\u0142o\u015b\u0107. Upro\u015b nam wszystkim obiecanego Ducha \u015awi\u0119tego, aby ponownie zst\u0105pi\u0142 i odnowi\u0142 oblicze tej Ziemi.<br \/>Naj\u015bwi\u0119tsze Serce Jezusa, przyjd\u017a Kr\u00f3lestwo Twoje! <br \/>Maryjo, Kr\u00f3lowo Polski, m\u00f3dl si\u0119 za nami. Amen<\/p>\n<p><br \/>W Uroczysto\u015b\u0107 Naj\u015bwi\u0119tszej Maryi Panny, Kr\u00f3lowej Polski, 2020 r.<\/p>\n","protected":false},"excerpt":{"rendered":"<p>AKT ZAWIERZENIA POLSKINAJ\u015aWI\u0118TSZEMU SERCU PANA JEZUSA I MATCE BO\u017bEJ KR\u00d3LOWEJ POLSKI Bo\u017ce, Ojcze Wszechmog\u0105cy, bogaty w Mi\u0142osierdzie, b\u0105d\u017a uwielbiony w tajemnicy Twojej Mi\u0142o\u015bci, objawionej przez Syna w Duchu \u015awi\u0119tym. Panie Jezu Chryste, Zbawicielu \u015bwiata. Dzi\u0119kujemy Ci za Twoj\u0105 ofiarn\u0105 mi\u0142o\u015b\u0107, kt\u00f3ra w tajemnicy Ukrzy\u017cowania i Zmartwychwstania sta\u0142a si\u0119 mi\u0142o\u015bci\u0105 zwyci\u0119sk\u0105. Duchu \u015awi\u0119ty, Duchu Prawdy, mi\u0142o\u015bci, &#8230; <span class=\"more\"><a class=\"more-link\" href=\"https:\/\/www.chnk.pl\/?p=2732\">czytaj wi\u0119cej<\/a><\/span><\/p>\n","protected":false},"author":3,"featured_media":0,"comment_status":"open","ping_status":"open","sticky":false,"template":"","format":"standard","meta":{"ngg_post_thumbnail":0,"footnotes":""},"categories":[1],"tags":[],"_links":{"self":[{"href":"https:\/\/www.chnk.pl\/index.php?rest_route=\/wp\/v2\/posts\/2732"}],"collection":[{"href":"https:\/\/www.chnk.pl\/index.php?rest_route=\/wp\/v2\/posts"}],"about":[{"href":"https:\/\/www.chnk.pl\/index.php?rest_route=\/wp\/v2\/types\/post"}],"author":[{"embeddable":true,"href":"https:\/\/www.chnk.pl\/index.php?rest_route=\/wp\/v2\/users\/3"}],"replies":[{"embeddable":true,"href":"https:\/\/www.chnk.pl\/index.php?rest_route=%2Fwp%2Fv2%2Fcomments&post=2732"}],"version-history":[{"count":2,"href":"https:\/\/www.chnk.pl\/index.php?rest_route=\/wp\/v2\/posts\/2732\/revisions"}],"predecessor-version":[{"id":2734,"href":"https:\/\/www.chnk.pl\/index.php?rest_route=\/wp\/v2\/posts\/2732\/revisions\/2734"}],"wp:attachment":[{"href":"https:\/\/www.chnk.pl\/index.php?rest_route=%2Fwp%2Fv2%2Fmedia&parent=2732"}],"wp:term":[{"taxonomy":"category","embeddable":true,"href":"https:\/\/www.chnk.pl\/index.php?rest_route=%2Fwp%2Fv2%2Fcategories&post=2732"},{"taxonomy":"post_tag","embeddable":true,"href":"https:\/\/www.chnk.pl\/index.php?rest_route=%2Fwp%2Fv2%2Ftags&post=2732"}],"curies":[{"name":"wp","href":"https:\/\/api.w.org\/{rel}","templated":true}]}}