{"id":2728,"date":"2020-04-26T12:56:09","date_gmt":"2020-04-26T12:56:09","guid":{"rendered":"http:\/\/www.chnk.pl\/?p=2728"},"modified":"2020-04-26T12:56:09","modified_gmt":"2020-04-26T12:56:09","slug":"modlitwa-o-deszcz","status":"publish","type":"post","link":"https:\/\/www.chnk.pl\/?p=2728","title":{"rendered":"MODLITWA O DESZCZ"},"content":{"rendered":"\n<p><strong>APEL O MODLITW\u0118 O DESZCZ<\/strong><\/p>\n<p><strong>ZACH\u0118TA DO MODLITWY O DESZCZ<\/strong><\/p>\n<p>W zwi\u0105zku z&nbsp;zagro\u017ceniem susz\u0105, kt\u00f3rej konsekwencje mog\u0105 by\u0107 bardzo dotkliwe dla \u017cycia spo\u0142ecznego, wzywam wszystkich wiernych do wytrwa\u0142ej i&nbsp;\u017carliwej modlitwy b\u0142agalnej o&nbsp;deszcz. Prosz\u0119, aby w&nbsp;sanktuariach, parafiach, domach zakonnych i&nbsp;rodzinach w\u0142\u0105czy\u0107 t\u0119 intencj\u0119 do naszych modlitw ufaj\u0105c, \u017ce Pan B\u00f3g us\u0142yszy nasze pro\u015bby.<\/p>\n<p>W spos\u00f3b szczeg\u00f3lny prosz\u0119 o&nbsp;odprawienie nowenny o&nbsp;uproszenie deszczu, przez dziewi\u0119\u0107 dni pocz\u0105wszy od dnia 25 kwietnia a\u017c do dnia 3&nbsp;maja br. W&nbsp;ramach nowenny nale\u017cy do codziennego r\u00f3\u017ca\u0144ca o&nbsp;ustanie epidemii do\u0142\u0105czy\u0107 intencj\u0119 o&nbsp;deszcz, a&nbsp;na koniec odm\u00f3wi\u0107 przekazan\u0105 w&nbsp;za\u0142\u0105czeniu modlitw\u0119 o&nbsp;urodzaje i&nbsp;od\u015bpiewa\u0107 Suplikacje.<\/p>\n<p>W tym czasie, w&nbsp;dni kt\u00f3re dopuszczaj\u0105 u\u017cycie formularza w&nbsp;r\u00f3\u017cnych potrzebach, prosz\u0119, aby podczas jednej Mszy \u015awi\u0119tej jako kolekt\u0119 odm\u00f3wi\u0107 za\u0142\u0105czon\u0105 modlitw\u0119 o&nbsp;deszcz (Msza\u0142 Rzymski, s. 167\u201d, nr 46) oraz uwzgl\u0119dni\u0107 stosown\u0105 intencj\u0119 w&nbsp;modlitwie powszechnej.<\/p>\n<p>\u2020 Stanis\u0142aw G\u0105decki<br \/>Arcybiskup Metropolita Pozna\u0144ski<br \/>Pozna\u0144, dnia 23 kwietnia 2020 roku<\/p>\n<p>&nbsp;<\/p>\n<p><strong>NOWENNA O&nbsp;UPROSZENIE DESZCZU<br \/>25 kwietnia \u2013&nbsp;3 maja 2020 r.<\/strong><\/p>\n<p>Na zako\u0144czenie r\u00f3\u017ca\u0144ca:<br \/>P.&nbsp;&nbsp; &nbsp;Aby\u015b nam w&nbsp;odpowiednim czasie pogody i&nbsp;deszczu udzieli\u0107 raczy\u0142. Ciebie prosimy.<br \/>W.&nbsp;&nbsp; &nbsp;Wys\u0142uchaj nas, Panie!<br \/>P.&nbsp;&nbsp; &nbsp;M\u00f3dlmy si\u0119.<br \/>Bo\u017ce, Ojcze nasz w&nbsp;niebie,<br \/>Ty wiesz, czego nam potrzeba do \u017cycia godnego ludzi.<br \/>Ty powierzy\u0142e\u015b cz\u0142owiekowi ziemi\u0119, aby j\u0105 uprawia\u0142<br \/>i&nbsp;darzysz go ziarnem do siewu i&nbsp;chlebem do wzmocnienia si\u0142; wejrzyj na trud wszystkich pracuj\u0105cych na roli<br \/>i&nbsp;spraw swoim b\u0142ogos\u0142awie\u0144stwem,<br \/>aby ziemia przynios\u0142a oczekiwane plony.<br \/>Ze\u015blij deszcz z&nbsp;ob\u0142ok\u00f3w,<br \/>aby u\u017cy\u017ani\u0142 ziemi\u0119 i&nbsp;okry\u0142 j\u0105 zieleni\u0105,<br \/>udziel s\u0142o\u0144ca, aby kwiat zaowocowa\u0142 i&nbsp;dojrza\u0142o zbo\u017ce.<br \/>Nie dozw\u00f3l, aby plony uleg\u0142y zniszczeniu,<br \/>ale daj nam obfito\u015b\u0107 Twoich dar\u00f3w.<br \/>Spraw, aby wszyscy ludzie zachowali szacunek<br \/>dla chleba, jako znak dzi\u0119kczynienia Wobec Ciebie.<br \/>Dozw\u00f3l nam z&nbsp;ziarna zebranego nakarmi\u0107 nasze rodziny,<br \/>podzieli\u0107 si\u0119 z&nbsp;g\u0142odnymi<br \/>i&nbsp;przygotowa\u0107 te\u017c chleb na ofiar\u0119 dla Ciebie,<br \/>aby, przemieniony w&nbsp;Cia\u0142o Syna Twojego,<br \/>sta\u0142 si\u0119 dla nas pokarmem na \u017cycie wieczne.<br \/>Kt\u00f3ry \u017cyjesz i&nbsp;kr\u00f3lujesz na wieki wiek\u00f3w.<br \/>W.&nbsp;&nbsp; &nbsp;Amen.<br \/>Nast\u0119puje \u015bpiew Suplikacji.<br \/>&nbsp;<\/p>\n<p><strong>MODLITWA O&nbsp;DESZCZ<br \/>(Msza\u0142 Rzymski, s. 167\u201d)<\/strong><\/p>\n<p>KOLEKTA<br \/>Bo\u017ce, w&nbsp;Tobie \u017cyjemy, ruszamy si\u0119 i&nbsp;jeste\u015bmy, \u2020&nbsp;ze\u015blij nam obfity deszcz, aby\u015bmy posiadaj\u0105c dostateczne \u015brodki do \u017cycia doczesnego, *&nbsp;z wi\u0119ksz\u0105 ufno\u015bci\u0105 ubiegali si\u0119 o&nbsp;dobra wieczne. Przez naszego Pana Jezusa Chrystusa, Twojego Syna, \u2020&nbsp;kt\u00f3ry z&nbsp;Tob\u0105 \u017cyje i&nbsp;kr\u00f3luje w&nbsp;jedno\u015bci Ducha \u015awi\u0119tego, B\u00f3g, przez wszystkie wieki wiek\u00f3w.<\/p>\n<p>&nbsp;<\/p>\n<p>&nbsp;<\/p>\n<p><strong>A P&nbsp;E L<\/strong><\/p>\n<p><strong>PRZEWODNICZ\u0104CEGO KONFERENCJI EPISKOPATU POLSKI<\/strong><\/p>\n<p><strong>O MODLITW\u0118 O&nbsp;DESZCZ<\/strong><\/p>\n<p>W ostatnich tygodniach nasza ojczyzna \u2013&nbsp;podobniej jak wiele innych kraj\u00f3w na \u015bwiecie \u2013&nbsp;zmaga si\u0119 epidemi\u0105 koronawirusa. Towarzyszy temu wysi\u0142ek pa\u0144stwa w&nbsp;walce o&nbsp;gospodark\u0119, o&nbsp;utrzymanie miejsc pracy, o&nbsp;ratunek dla tych, kt\u00f3rzy borykaj\u0105 si\u0119 w&nbsp;problemami finansowymi oraz tych, kt\u00f3rym ju\u017c teraz \u2013&nbsp;z powodu epidemii \u2013&nbsp;zagra\u017ca skrajne ub\u00f3stwo.<\/p>\n<p>Zaanga\u017cowanie s\u0142u\u017cb medycznych, sanitarnych i&nbsp;mundurowych, a&nbsp;jednocze\u015bnie poczucie odpowiedzialno\u015bci i&nbsp;solidarno\u015bci Polak\u00f3w, zas\u0142uguj\u0105 w&nbsp;tych okoliczno\u015bciach na najwy\u017cszy szacunek i&nbsp;uznanie. Podobnie rzecz si\u0119 ma z&nbsp;zaanga\u017cowaniem duchownych, os\u00f3b \u017cycia konsekrowanego i&nbsp;wiernych \u015bwieckich, kt\u00f3rzy wiern\u0105 modlitw\u0105, wytrwa\u0142\u0105 prac\u0105 i&nbsp;konkretn\u0105 pomoc\u0105 materialn\u0105 w\u0142\u0105czaj\u0105 si\u0119 w&nbsp;walk\u0119 o&nbsp;zdrowie i&nbsp;\u017cycie Polak\u00f3w.<\/p>\n<p>Te trudne do\u015bwiadczenia nie s\u0105 jedynymi, z&nbsp;jakimi musimy zmaga\u0107 si\u0119 w&nbsp;obecnym czasie. Nasz kraj dotyka dzisiaj tak\u017ce inna, dotkliwa okoliczno\u015b\u0107 a&nbsp;mianowicie susza, kt\u00f3ra niesie z&nbsp;sob\u0105 kolejne trudno\u015bci. Jej skutkiem setki tysi\u0119cy hektar\u00f3w uprawnych s\u0105 zagro\u017cone zniszczeniem a&nbsp;wszystko to b\u0119dzie mia\u0142o negatywny wp\u0142yw na produkcj\u0119 roln\u0105, a&nbsp;w przysz\u0142o\u015bci na ceny produkt\u00f3w spo\u017cywczych oraz zdolno\u015bci eksportowe naszego kraju. Susza uderza w&nbsp;setki tysi\u0119cy rolnik\u00f3w, sadownik\u00f3w, ogrodnik\u00f3w i&nbsp;ich rodziny, kt\u00f3rzy utrzymuj\u0105 si\u0119 z&nbsp;owoc\u00f3w ziemi. Jej dotkliwo\u015b\u0107 mo\u017ce odczu\u0107 r\u00f3wnie\u017c przemys\u0142 przetw\u00f3rczy i&nbsp;spo\u017cywczy.<\/p>\n<p>Zwracam si\u0119 wi\u0119c do wszystkich wiernych oraz ludzi dobrej woli z&nbsp;apelem o&nbsp;wytrwa\u0142\u0105 i&nbsp;\u017carliw\u0105 modlitw\u0119 b\u0142agaln\u0105 o&nbsp;deszcz. Prosz\u0119, aby w&nbsp;sanktuariach, parafiach, domach zakonnych i&nbsp;rodzinach w\u0142\u0105czy\u0107 t\u0119 intencj\u0119 do naszych modlitwy ufaj\u0105c, \u017ce Pan B\u00f3g us\u0142yszy nasze pro\u015bby.<\/p>\n<p>W tym trudnym czasie zapewniam wszystkich o&nbsp;mojej duchowej pami\u0119ci, blisko\u015bci i&nbsp;modlitwie oraz przesy\u0142am pasterskie b\u0142ogos\u0142awie\u0144stwo.<\/p>\n<p>\u2020 Stanis\u0142aw G\u0105decki<br \/>Arcybiskup Metropolita Pozna\u0144ski<br \/>Przewodnicz\u0105cy Konferencji Episkopatu Polski<br \/>Wiceprzewodnicz\u0105cy Rady Konferencji Episkopat\u00f3w Europy CCEE<\/p>\n<p>Warszawam 21 kwietnia 2020 roku<\/p>\n<p>&nbsp;<\/p>\n","protected":false},"excerpt":{"rendered":"<p>APEL O MODLITW\u0118 O DESZCZ ZACH\u0118TA DO MODLITWY O DESZCZ W zwi\u0105zku z&nbsp;zagro\u017ceniem susz\u0105, kt\u00f3rej konsekwencje mog\u0105 by\u0107 bardzo dotkliwe dla \u017cycia spo\u0142ecznego, wzywam wszystkich wiernych do wytrwa\u0142ej i&nbsp;\u017carliwej modlitwy b\u0142agalnej o&nbsp;deszcz. Prosz\u0119, aby w&nbsp;sanktuariach, parafiach, domach zakonnych i&nbsp;rodzinach w\u0142\u0105czy\u0107 t\u0119 intencj\u0119 do naszych modlitw ufaj\u0105c, \u017ce Pan B\u00f3g us\u0142yszy nasze pro\u015bby. W spos\u00f3b szczeg\u00f3lny &#8230; <span class=\"more\"><a class=\"more-link\" href=\"https:\/\/www.chnk.pl\/?p=2728\">czytaj wi\u0119cej<\/a><\/span><\/p>\n","protected":false},"author":3,"featured_media":0,"comment_status":"open","ping_status":"open","sticky":false,"template":"","format":"standard","meta":{"ngg_post_thumbnail":0,"footnotes":""},"categories":[1],"tags":[],"_links":{"self":[{"href":"https:\/\/www.chnk.pl\/index.php?rest_route=\/wp\/v2\/posts\/2728"}],"collection":[{"href":"https:\/\/www.chnk.pl\/index.php?rest_route=\/wp\/v2\/posts"}],"about":[{"href":"https:\/\/www.chnk.pl\/index.php?rest_route=\/wp\/v2\/types\/post"}],"author":[{"embeddable":true,"href":"https:\/\/www.chnk.pl\/index.php?rest_route=\/wp\/v2\/users\/3"}],"replies":[{"embeddable":true,"href":"https:\/\/www.chnk.pl\/index.php?rest_route=%2Fwp%2Fv2%2Fcomments&post=2728"}],"version-history":[{"count":1,"href":"https:\/\/www.chnk.pl\/index.php?rest_route=\/wp\/v2\/posts\/2728\/revisions"}],"predecessor-version":[{"id":2729,"href":"https:\/\/www.chnk.pl\/index.php?rest_route=\/wp\/v2\/posts\/2728\/revisions\/2729"}],"wp:attachment":[{"href":"https:\/\/www.chnk.pl\/index.php?rest_route=%2Fwp%2Fv2%2Fmedia&parent=2728"}],"wp:term":[{"taxonomy":"category","embeddable":true,"href":"https:\/\/www.chnk.pl\/index.php?rest_route=%2Fwp%2Fv2%2Fcategories&post=2728"},{"taxonomy":"post_tag","embeddable":true,"href":"https:\/\/www.chnk.pl\/index.php?rest_route=%2Fwp%2Fv2%2Ftags&post=2728"}],"curies":[{"name":"wp","href":"https:\/\/api.w.org\/{rel}","templated":true}]}}