{"id":2723,"date":"2020-04-26T12:43:34","date_gmt":"2020-04-26T12:43:34","guid":{"rendered":"http:\/\/www.chnk.pl\/?p=2723"},"modified":"2020-04-26T12:43:34","modified_gmt":"2020-04-26T12:43:34","slug":"3-niedziela-wielkanocna-3","status":"publish","type":"post","link":"https:\/\/www.chnk.pl\/?p=2723","title":{"rendered":"3 Niedziela Wielkanocna"},"content":{"rendered":"\n<p><br \/>OG\u0141OSZENIA DUSZPASTERSKIE<br \/>NIEDZIELA III WIELKANOCNA<br \/>26 kwietnia 2020 r.<br \/>1. Kalendarz liturgiczny: wtorek \u2013 \u015bw. Ludwika M. Grignion de Montfort oraz Piotra Chanela, \u015broda \u2013 \u015bw. Katarzyny ze Sieny patronki Europy, pi\u0105tek \u2013 \u015bw. J\u00f3zefa Rzemie\u015blnika, sobota \u2013 NMP Kr\u00f3lowej Polski.<br \/>2. W zwi\u0105zku z zagro\u017ceniem susz\u0105, kt\u00f3rej konsekwencje mog\u0105 by\u0107 bardzo dotkliwe dla \u017cycia spo\u0142ecznego, Ksi\u0105dz Arcybiskup wzywa wszystkich wiernych do wytrwa\u0142ej i \u017carliwej modlitwy b\u0142agalnej o deszcz. Ufamy, \u017ce Pan B\u00f3g us\u0142yszy nasze pro\u015bby. Nowenna o uproszenie deszczu, przez dziewi\u0119\u0107 dni pocz\u0105wszy od 25 kwietnia a\u017c do 3 maja br. W ramach nowenny nale\u017cy do codziennego r\u00f3\u017ca\u0144ca o ustanie epidemii do\u0142\u0105czy\u0107 intencj\u0119 o deszcz, a na koniec odm\u00f3wi\u0107 modlitw\u0119 o urodzaje i od\u015bpiewa\u0107 Suplikacje. Tekst modlitwy jest na parafialnej stronie internetowej lub mo\u017cna zabra\u0107 go ze stolika pod ch\u00f3rem.<br \/>3. Od pi\u0105tku rozpoczynamy nabo\u017ce\u0144stwa majowe, codziennie o godz. 17.30. B\u0119dziemy je prze\u017cywa\u0107 jako podzi\u0119kowanie Matce Bo\u017cej za jej ubieg\u0142oroczne Nawiedzenie w Jasnog\u00f3rskim Wizerunku w naszej parafii. \u015arodowa nowenna do Matki Bo\u017cej Nieustaj\u0105cej Pomocy w razem z majowym nabo\u017ce\u0144stwem.<br \/>4. W pi\u0105tek, 1 maja, mo\u017cna skorzysta\u0107 z dyspensy od wstrzemi\u0119\u017aliwo\u015bci od pokarm\u00f3w mi\u0119snych, pod zwyk\u0142ymi warunkami. Lepiej jednak po\u015bci\u0107 w intencji odwr\u00f3cenia kl\u0119sk.<br \/>5. W tym roku uroczysto\u015b\u0107 Matki Bo\u017cej Kr\u00f3lowej Polski b\u0119dziemy obchodzi\u0107 w sobot\u0119, 2 maja. Msza \u015bw. w t\u0119 wielk\u0105 uroczysto\u015b\u0107 o godz. 8.00 i 9.30 i 11.15. Wieczorem msza \u015bw. ju\u017c z niedzieli.<br \/>6. W zwi\u0105zku z trwaj\u0105c\u0105 epidemi\u0105 obowi\u0105zuje wcze\u015bniej wydana dyspensa od obowi\u0105zku uczestnictwa we mszy \u015bw. niedzielnej i \u015bwi\u0105tecznej. W naszym ko\u015bciele mo\u017ce uczestniczy\u0107 we mszy \u015bw. do 40 os\u00f3b. Komunia \u015bw. poza msz\u0105 \u015bw. dla os\u00f3b nie mieszcz\u0105cych si\u0119 w limicie: w sobot\u0119 o godz. 20.00 w niedziel\u0119 o godz. 13.30. Spowied\u017a \u015bw. w salce parafialnej (wej\u015bcie z dziedzi\u0144ca) z oczekiwaniem na zewn\u0105trz, p\u00f3\u0142 godziny przed msz\u0105 \u015bw. odprawian\u0105 o godz. 8.00 i 18.00 i w sobot\u0119 od godz. 16.00 do 18.00. Mo\u017cna prosi\u0107 o spowied\u017a \u015bw. r\u00f3wnie\u017c po mszy \u015bw. Transmisja mszy \u015bw. niedzielnej 9:30 i 11:15. Dost\u0119p przez stron\u0119: www.facebook.com\/parafiachnk (z transmisji mo\u017cna korzysta\u0107 nie maj\u0105c konta na Facebooku \u2013 wystarczy wej\u015b\u0107 w podany link). Ko\u015bci\u00f3\u0142 w ci\u0105gu dnia otwarty.<br \/>7. Spotkanie r\u00f3\u017ca\u0144cowe w \u015brod\u0119 po wieczornej mszy \u015bw. w ko\u015bciele, do 40 os\u00f3b.<br \/>8. W tym tygodniu: I czwartek, I pi\u0105tek, i I sobota miesi\u0105ca. Adoracja Naj\u015bwi\u0119t\u00acszego Sakra\u00acmentu w czwartek przed po\u0142udniem od godz. 8.00 do 10.30 (r\u00f3\u017caniec w intencji dziecka nienarodzonego) i od 18.00 do 20.00 w intencji powo\u0142a\u0144. Nie wznawiamy jeszcze odwiedzin chorych z sakramentami \u015bw. W pi\u0105tek spowied\u017a \u015bw. od godz. 17.00 w salce. Nabo\u017ce\u0144stwo do Niepokalanego Serca Matki Bo\u017cej w sobot\u0119, 2 maja, o godz. 7.15 Spotkanie wsp\u00f3lnoty ma\u0142\u017ce\u0144stw w sobot\u0119 o godz. 19.15 w ko\u015bciele.<br \/>9. Zach\u0119camy do czytania prasy katolickiej. Przy zakrystii: Go\u015b\u0107 Niedzielny, Ziarno (dla dzieci zabieraj\u0105 odro\u015bli), Egzorcysta. Od przysz\u0142ej niedzieli Przewodnik Katolicki. <br \/>10. B\u00f3g zap\u0142a\u0107 za ofiary na danin\u0119 diecezjaln\u0105 i utrzymanie naszego ko\u015bcio\u0142a.<br \/>11. M\u00f3dlmy si\u0119 za zmar\u0142ych parafian. Za dusz\u0119 \u015bp. Lechos\u0142awa Walkowiaka, os. Lecha 19 (msza \u015bw. pogrzebowa we wtorek o godz. 11.00). Wieczny odpoczynek racz zmar\u0142ym da\u0107 Panie.<\/p>\n","protected":false},"excerpt":{"rendered":"<p>OG\u0141OSZENIA DUSZPASTERSKIENIEDZIELA III WIELKANOCNA26 kwietnia 2020 r.1. Kalendarz liturgiczny: wtorek \u2013 \u015bw. Ludwika M. Grignion de Montfort oraz Piotra Chanela, \u015broda \u2013 \u015bw. Katarzyny ze Sieny patronki Europy, pi\u0105tek \u2013 \u015bw. J\u00f3zefa Rzemie\u015blnika, sobota \u2013 NMP Kr\u00f3lowej Polski.2. W zwi\u0105zku z zagro\u017ceniem susz\u0105, kt\u00f3rej konsekwencje mog\u0105 by\u0107 bardzo dotkliwe dla \u017cycia spo\u0142ecznego, Ksi\u0105dz Arcybiskup wzywa &#8230; <span class=\"more\"><a class=\"more-link\" href=\"https:\/\/www.chnk.pl\/?p=2723\">czytaj wi\u0119cej<\/a><\/span><\/p>\n","protected":false},"author":3,"featured_media":0,"comment_status":"open","ping_status":"open","sticky":false,"template":"","format":"standard","meta":{"ngg_post_thumbnail":0,"footnotes":""},"categories":[1],"tags":[],"_links":{"self":[{"href":"https:\/\/www.chnk.pl\/index.php?rest_route=\/wp\/v2\/posts\/2723"}],"collection":[{"href":"https:\/\/www.chnk.pl\/index.php?rest_route=\/wp\/v2\/posts"}],"about":[{"href":"https:\/\/www.chnk.pl\/index.php?rest_route=\/wp\/v2\/types\/post"}],"author":[{"embeddable":true,"href":"https:\/\/www.chnk.pl\/index.php?rest_route=\/wp\/v2\/users\/3"}],"replies":[{"embeddable":true,"href":"https:\/\/www.chnk.pl\/index.php?rest_route=%2Fwp%2Fv2%2Fcomments&post=2723"}],"version-history":[{"count":1,"href":"https:\/\/www.chnk.pl\/index.php?rest_route=\/wp\/v2\/posts\/2723\/revisions"}],"predecessor-version":[{"id":2724,"href":"https:\/\/www.chnk.pl\/index.php?rest_route=\/wp\/v2\/posts\/2723\/revisions\/2724"}],"wp:attachment":[{"href":"https:\/\/www.chnk.pl\/index.php?rest_route=%2Fwp%2Fv2%2Fmedia&parent=2723"}],"wp:term":[{"taxonomy":"category","embeddable":true,"href":"https:\/\/www.chnk.pl\/index.php?rest_route=%2Fwp%2Fv2%2Fcategories&post=2723"},{"taxonomy":"post_tag","embeddable":true,"href":"https:\/\/www.chnk.pl\/index.php?rest_route=%2Fwp%2Fv2%2Ftags&post=2723"}],"curies":[{"name":"wp","href":"https:\/\/api.w.org\/{rel}","templated":true}]}}