{"id":2717,"date":"2020-04-18T22:20:16","date_gmt":"2020-04-18T22:20:16","guid":{"rendered":"http:\/\/www.chnk.pl\/?p=2717"},"modified":"2020-04-18T22:22:08","modified_gmt":"2020-04-18T22:22:08","slug":"niedziela-milosierdzia-bozego","status":"publish","type":"post","link":"https:\/\/www.chnk.pl\/?p=2717","title":{"rendered":"Niedziela Mi\u0142osierdzia Bo\u017cego"},"content":{"rendered":"\n<ul>\n<li><br \/>OG\u0141OSZENIA DUSZPASTERSKIE<br \/>NIEDZIELA MI\u0141OSIERDZIA BO\u017bEGO<br \/>19 kwietnia 2020 r.<br \/>1. Kalendarz liturgiczny: wtorek &#8211; \u015bw. Anzelma, czwartek &#8211; \u015bw. Wojciecha, G\u0142\u00f3wnego Patrona Polski, pi\u0105tek- \u015bw. Jerzego, sobota &#8211; \u015bw. Marka Ewangelisty.<br \/>2. W poniedzia\u0142ek, dnia 20 kwietnia br., przypada 18. rocznica ingresu do pozna\u0144skiej katedry Ksi\u0119dza Arcybiskupa Stanis\u0142awa G\u0105deckiego. Ka\u017cdego roku dzie\u0144 ten gromadzi\u0142 wiernych i kap\u0142an\u00f3w w katedrze, gdzie razem z Ksi\u0119dzem Arcybiskupem Metropolit\u0105 dzi\u0119kowali\u015bmy za czas jego pos\u0142ugi w naszej archidiecezji oraz prosili\u015bmy o potrzebne dla Niego dary i \u0142aski. W obecnej sytuacji epidemiologicznej takie spotkanie nie jest mo\u017cliwe. Prosimy Parafian aby w czasie uczestniczenia w Eucharystii dzi\u0119ki telewizji, czy modlitwach osobistych \u2013 w dniu 18 rocznicy &#8211; pami\u0119tali o Ksi\u0119dzu Arcybiskupie.<br \/>3. Dzisiaj, w Niedziel\u0119 Mi\u0142osierdzia Bo\u017cego, Caritas Archidiecezji Pozna\u0144skiej dzi\u0119kuje Panu Boga za 30 lat swojej s\u0142u\u017cby. Obecna sytuacja sprawi\u0142a, \u017ce zaplanowane uroczysto\u015bci i spotkania z lud\u017ami potrzebuj\u0105cymi nie mog\u0105 si\u0119 odby\u0107. Z tej okazji Ks. Dyrektor Pozna\u0144skiej CARITAS przesy\u0142a wyrazy wdzi\u0119czno\u015bci cz\u0142onkom Parafialnych Zespo\u0142\u00f3w Caritas za zaanga\u017cowanie a wszystkim ofiarodawcom za hojno\u015b\u0107 i wsparcie dzie\u0142 Caritas. Zbi\u00f3rka ofiar na Caritas zostanie przeprowadzona w podczas \u015awiatowego Dnia Ubogich.<br \/>4. W zwi\u0105zku z trwaj\u0105c\u0105 epidemi\u0105 obowi\u0105zuje wcze\u015bniej wydana dyspensa od obowi\u0105zku uczestnictwa we mszy \u015bw. niedzielnej i \u015bwi\u0105tecznej. Zgodnie z nowymi rozporz\u0105dzeniami w naszym ko\u015bciele mo\u017ce uczestniczy\u0107 we mszy \u015bw. do 35 os\u00f3b. Komunia \u015bw. poza msz\u0105 \u015bw. dla os\u00f3b nie mieszcz\u0105cych si\u0119 w limicie: w niedziel\u0119 o godz. 13.30 oraz od poniedzia\u0142ku do pi\u0105tku o godz. 8.45 i 18.45 i w sobot\u0119 o godz. 20.00. Spowied\u017a \u015bw. w salce parafialnej (wej\u015bcie z dziedzi\u0144ca) z oczekiwaniem na zewn\u0105trz, p\u00f3\u0142 godziny przed msz\u0105 \u015bw. odprawianej o godz. 8.00 i 18.00 i w sobot\u0119 od godz. 16.00 do 18.00. Mo\u017cna prosi\u0107 o spowied\u017a \u015bw. r\u00f3wnie\u017c po mszy \u015bw. Nasza parafia przeprowadza przez Internet transmisje mszy \u015bw. niedzielnej 9:30 i 11:15. Dost\u0119p przez stron\u0119: www.facebook.com\/parafiachnk (z transmisji mo\u017cna korzysta\u0107 nie maj\u0105c konta na Facebooku \u2013 wystarczy wej\u015b\u0107 w podany link). Ko\u015bci\u00f3\u0142 w ci\u0105gu dnia pozostaje otwarty.<br \/>5. Prosimy pan\u00f3w o pomoc w rozebraniu wielkanocnego wystroju ko\u015bcio\u0142a w poniedzia\u0142ek o godz. 9.00.<br \/>6. B\u00d3G ZAP\u0141A\u0106 za ofiary na kwiaty do Grobu Pa\u0144skiego, przy Grobie Pa\u0144skim, za ofiary na danin\u0119 diecezjaln\u0105 i doposa\u017canie naszego ko\u015bcio\u0142a, na KUL i Wydzia\u0142 Teologiczny.<br \/>7. O uroczystej I Komunii \u015bw. nic jeszcze nie wiadomo. Rodzice mog\u0105 pos\u0142a\u0107 dziecko do I Komunii \u015bw. indywidualnie po uzgodnieniu z ks. proboszczem.<br \/>8. W nast\u0119pn\u0105, trzeci\u0105 Niedziel\u0119 Wielkanocn\u0105 obchodzimy Niedziel\u0119 Biblijn\u0105. Przypada ona w okresie Wielkanocnym, poniewa\u017c to Zmartwychwsta\u0142y Pan wyja\u015bnia nam Pisma, tak jak uczniom id\u0105cym do Emaus. W przysz\u0142\u0105 niedziel\u0119 prosimy przyj\u015b\u0107 do ko\u015bcio\u0142a z osobistym Pismem \u015awi\u0119tym, po to, by w czasie przyst\u0119powania do Komunii \u015bw. po\u0142o\u017cy\u0107 je na swoim sercu na znak, \u017ce czytane i rozwa\u017cane S\u0142owo Bo\u017ce, tak jak Eucharystia, jest osobistym spotkaniem z Jezusem Zmartwychwsta\u0142ym.<br \/>9. Zach\u0119camy do czytania prasy katolickiej. Przy zakrystii: , Go\u015b\u0107 Niedzielny, Mi\u0142ujcie si\u0119, Egzorcysta. Zach\u0119camy do s\u0142uchania, tak\u017ce w internecie, Dobrego Radia \u201eEmaus\u201d &#8211; www.radioemaus.pl.<br \/>10. M\u00f3dlmy si\u0119 za zmar\u0142ych parafian. Za \u015bp. Mariana Dwornika, os. Lecha 42. Wieczny odpoczynek racz zmar\u0142ym da\u0107 Panie<\/li>\n<\/ul>\n","protected":false},"excerpt":{"rendered":"<p>OG\u0141OSZENIA DUSZPASTERSKIENIEDZIELA MI\u0141OSIERDZIA BO\u017bEGO19 kwietnia 2020 r.1. Kalendarz liturgiczny: wtorek &#8211; \u015bw. Anzelma, czwartek &#8211; \u015bw. Wojciecha, G\u0142\u00f3wnego Patrona Polski, pi\u0105tek- \u015bw. Jerzego, sobota &#8211; \u015bw. Marka Ewangelisty.2. W poniedzia\u0142ek, dnia 20 kwietnia br., przypada 18. rocznica ingresu do pozna\u0144skiej katedry Ksi\u0119dza Arcybiskupa Stanis\u0142awa G\u0105deckiego. Ka\u017cdego roku dzie\u0144 ten gromadzi\u0142 wiernych i kap\u0142an\u00f3w w katedrze, &#8230; <span class=\"more\"><a class=\"more-link\" href=\"https:\/\/www.chnk.pl\/?p=2717\">czytaj wi\u0119cej<\/a><\/span><\/p>\n","protected":false},"author":3,"featured_media":0,"comment_status":"open","ping_status":"open","sticky":false,"template":"","format":"standard","meta":{"ngg_post_thumbnail":0,"footnotes":""},"categories":[1],"tags":[],"_links":{"self":[{"href":"https:\/\/www.chnk.pl\/index.php?rest_route=\/wp\/v2\/posts\/2717"}],"collection":[{"href":"https:\/\/www.chnk.pl\/index.php?rest_route=\/wp\/v2\/posts"}],"about":[{"href":"https:\/\/www.chnk.pl\/index.php?rest_route=\/wp\/v2\/types\/post"}],"author":[{"embeddable":true,"href":"https:\/\/www.chnk.pl\/index.php?rest_route=\/wp\/v2\/users\/3"}],"replies":[{"embeddable":true,"href":"https:\/\/www.chnk.pl\/index.php?rest_route=%2Fwp%2Fv2%2Fcomments&post=2717"}],"version-history":[{"count":2,"href":"https:\/\/www.chnk.pl\/index.php?rest_route=\/wp\/v2\/posts\/2717\/revisions"}],"predecessor-version":[{"id":2719,"href":"https:\/\/www.chnk.pl\/index.php?rest_route=\/wp\/v2\/posts\/2717\/revisions\/2719"}],"wp:attachment":[{"href":"https:\/\/www.chnk.pl\/index.php?rest_route=%2Fwp%2Fv2%2Fmedia&parent=2717"}],"wp:term":[{"taxonomy":"category","embeddable":true,"href":"https:\/\/www.chnk.pl\/index.php?rest_route=%2Fwp%2Fv2%2Fcategories&post=2717"},{"taxonomy":"post_tag","embeddable":true,"href":"https:\/\/www.chnk.pl\/index.php?rest_route=%2Fwp%2Fv2%2Ftags&post=2717"}],"curies":[{"name":"wp","href":"https:\/\/api.w.org\/{rel}","templated":true}]}}