{"id":2695,"date":"2020-04-04T20:10:36","date_gmt":"2020-04-04T20:10:36","guid":{"rendered":"http:\/\/www.chnk.pl\/?p=2695"},"modified":"2020-04-04T20:10:36","modified_gmt":"2020-04-04T20:10:36","slug":"6-niedziela-wielkiego-postu","status":"publish","type":"post","link":"https:\/\/www.chnk.pl\/?p=2695","title":{"rendered":"6 Niedziela Wielkiego Postu"},"content":{"rendered":"\n<p><br \/>OG\u0141OSZENIA DUSZPASTERSKIE<br \/>NIEDZIELA PALMOWA czyli M\u0118KI PA\u0143SKIEJ <br \/>5 kwietnia 2020 r. <br \/>1. Dyspensa. W zwi\u0105zku z trwaj\u0105cym stanem epidemii i ograniczeniami wprowadzonymi przez organy w\u0142adzy Ksi\u0105dz Abp Metropolita przed\u0142u\u017cy\u0142 obowi\u0105zywanie wcze\u015bniej wydanych dekret\u00f3w oraz dyspensy od obowi\u0105zku uczestnictwa we mszy \u015bw. niedzielnej i \u015bwi\u0105tecznej udzielonej wiernym Archidiecezji Pozna\u0144skiej oraz innym wiernym przebywaj\u0105cym na jej terenie do odwo\u0142ania.<\/p>\n<p>2. Liczba os\u00f3b uczestnicz\u0105cych w kulcie. Rozporz\u0105dzenie Rady Ministr\u00f3w z dn. 31 marca br. (\u00a79, pkt 3) nakazuje, by \u201ew trakcie sprawowania kultu religijnego, w tym czynno\u015bci lub obrz\u0119d\u00f3w religijnych, na danym terenie lub w danym obiekcie znajdowa\u0142o si\u0119 \u0142\u0105cznie, zar\u00f3wno wewn\u0105trz, jak i na zewn\u0105trz pomieszcze\u0144\u201d: do dnia 11 kwietnia br. (Wielka Sobota) \u2013 nie wi\u0119cej ni\u017c 5 uczestnik\u00f3w, opr\u00f3cz os\u00f3b sprawuj\u0105cych kult religijny; od dnia 12 kwietnia br. (Niedziela Zmartwychwstania) \u2013 nie wi\u0119cej ni\u017c 50 os\u00f3b, wliczaj\u0105c w to uczestnik\u00f3w i osoby sprawuj\u0105ce kult religijny. Z informacji medialnych wynika, \u017ce powy\u017csze limity w najbli\u017cszych dniach mog\u0105 ulec zmianie. Nale\u017cy \u015bledzi\u0107 bie\u017c\u0105ce zarz\u0105dzenia w\u0142adz pa\u0144stwowych i ko\u015bcielnych i si\u0119 do nich dostosowa\u0107.<\/p>\n<p>3. Spowied\u017a \u015bw. w Wielkim Tygodniu w salce parafialnej (wej\u015bcie z dziedzi\u0144ca) z oczekiwaniem na zewn\u0105trz: od Wielkiego Poniedzia\u0142ku do Wielkiej \u015arody p\u00f3\u0142 godziny przed msz\u0105 \u015bw. odprawian\u0105 o godz. 8.00 i 18.00, a tak\u017ce od godz. 9.00 do 10.00 i od 19.00 do 20.00. Nie spowiadamy w Wielki Czwartek, Wielki Pi\u0105tek i Wielk\u0105 Sobot\u0119.<\/p>\n<p>4. Komunia \u015bwi\u0119ta poza liturgi\u0105. Od Wielkiego Poniedzia\u0142ku do Wielkiej \u015arody o godz. 10.00 i 20.00. W Wielki Czwartek o godz. 10.00, 10.15 i 10.30. Nie udzielamy komunii \u015bw. w Wielki Pi\u0105tek i w Wielk\u0105 Sobot\u0119, z wyj\u0105tkiem ci\u0119\u017cko chorych i umieraj\u0105cych.<\/p>\n<p>5. \u201eLiturgia domowa\u201d. W celu lepszego prze\u017cycia modlitwy w domach podczas Wielkiego Tygodnia i Niedziel Wielkanocnych uruchomiona zosta\u0142a przez nasz\u0105 Archidiecezj\u0119 specjalna strona internetowa: www.swietawdomu.pl. S\u0105 na niej umieszczone pomoce duszpasterskie (filmy, katechezy, nagrania, materia\u0142y do rozmowy i modlitwy wok\u00f3\u0142 niedzielnej Ewangelii, scenariusze celebracji domowych, teksty do wykorzystania podczas \u015bniadania wielkanocnego). W parafii nie organizujemy po\u015bwi\u0119cenia pokarm\u00f3w na st\u00f3\u0142 wielkanocny. W tym roku tzw. \u201e\u015bwi\u0119conka\u201d ma mie\u0107 charakter liturgii domowej. Przed \u015bniadaniem niedzielnym b\u0142ogos\u0142awie\u0144stwo wypowiada ojciec, matka lub inna doros\u0142a wierz\u0105ca osoba.<\/p>\n<p><br \/>6. W czasie Wielkiego Tygodnia umo\u017cliwiamy poszczeg\u00f3lnym wiernym indywidualn\u0105 modlitw\u0119, st\u0105d nasz ko\u015bci\u00f3\u0142 b\u0119dzie w ci\u0105gu dnia otwarty. Podtrzymujemy zwyczaj tzw. \u201eciemnicy\u201d (wej\u015bcie od kaplicy) i \u201eGrobu Pa\u0144skiego\u201d (wej\u015bcie boczne od dziedzi\u0144ca). Prosimy Parafian o przestrzeganie zasady, by w \u015bwi\u0105tyni nie przebywa\u0142o jednocze\u015bnie wi\u0119cej ni\u017c 5 os\u00f3b. Prosimy, by modlitwa trwa\u0142a kr\u00f3tko, by umo\u017cliwi\u0107 innym wej\u015bcie na Adoracj\u0119.<\/p>\n<p>7. TRIDUUM PASCHALNE<br \/>WIELKI CZWARTEK &#8211; Pami\u0105tka ustanowienia Naj\u015bwi\u0119tszej Eucharystii i Kap\u0142a\u0144stwa. WIELKI PI\u0104TEK &#8211; Pami\u0105tka \u015amierci Pana Jezusa &#8211; obowi\u0105zuje post \u015bcis\u0142y od 18 do 60 roku \u017cycia i post zwyk\u0142y od 14 roku \u017cycia do \u015bmierci. Adoracja w ciemnicy w Wielki Pi\u0105tek od godz. 8.30 do 18.00. WIELKA SOBOTA Adoracja przy Grobie Pa\u0144skim w Wielk\u0105 Sobot\u0119 od godz. 8.30 do 19.00. Nie b\u0119dzie \u015bwi\u0119cenia potraw. Zaleca si\u0119 zachowanie postu zwyk\u0142ego w Wielk\u0105 Sobot\u0119. NIEDZIELA ZMARTWYCHWSTANIA &#8211; Rezurekcja o godz. 6.00 (bez procesji). Nie b\u0119dzie mszy \u015bw. o godz. 8.00. Dalsze godziny odprawiania mszy \u015bw. jak w ka\u017cd\u0105 niedziel\u0119. W drugie \u015bwi\u0119to Wielkanocy msza \u015bw. jak w niedziel\u0119. Ofiary przeznaczone s\u0105 na KUL i Wydzia\u0142 Teologiczny.<\/p>\n<p>8. Transmisje Wielkiego Tygodnia z Katedry. Celebracje sprawowane w katedrze pozna\u0144skiej pod przewodnictwem Ksi\u0119dza Abp. Metropolity transmitowane b\u0119d\u0105 przez Radio Emaus i TVP Pozna\u0144: Msz\u0119 \u015awi\u0119t\u0105 Krzy\u017cma Arcybiskup Metropolita Pozna\u0144ski odprawi w Wielki Czwartek o godz. 11.00 jedynie w w\u0105skim gronie us\u0142uguj\u0105cych. Liturgi\u0119 transmitowa\u0107 b\u0119dzie TVP 3 (antena og\u00f3lnopolska). Msza Wieczerzy Pa\u0144skiej o godz. 17.30. Liturgia M\u0119ki Pa\u0144skiej o godz. 17.30 i Wigilia Paschalna o godz. 22.00. <br \/>Nasza parafia przeprowadza przez Internet transmisje nabo\u017ce\u0144stw: Mszy Wieczerzy Pa\u0144skiej w Wielki Czwartek o 19:00; Drogi krzy\u017cowej w Wielki Pi\u0105tek o 17:00; Liturgii M\u0119ki Pa\u0144skiej w Wielki Pi\u0105tek o 19:00; Wigilii Paschalnej o 20:00; mszy \u015bw. w Niedziel\u0119 Zmartwychwstania i Poniedzia\u0142ek Wielkanocny o 9:30 i 11:15. Dost\u0119p przez stron\u0119: www.facebook.com\/parafiachnk (z transmisji mo\u017cna korzysta\u0107 nie maj\u0105c konta na Facebooku \u2013 wystarczy wej\u015b\u0107 w podany link). <\/p>\n","protected":false},"excerpt":{"rendered":"<p>OG\u0141OSZENIA DUSZPASTERSKIENIEDZIELA PALMOWA czyli M\u0118KI PA\u0143SKIEJ 5 kwietnia 2020 r. 1. Dyspensa. W zwi\u0105zku z trwaj\u0105cym stanem epidemii i ograniczeniami wprowadzonymi przez organy w\u0142adzy Ksi\u0105dz Abp Metropolita przed\u0142u\u017cy\u0142 obowi\u0105zywanie wcze\u015bniej wydanych dekret\u00f3w oraz dyspensy od obowi\u0105zku uczestnictwa we mszy \u015bw. niedzielnej i \u015bwi\u0105tecznej udzielonej wiernym Archidiecezji Pozna\u0144skiej oraz innym wiernym przebywaj\u0105cym na jej terenie do &#8230; <span class=\"more\"><a class=\"more-link\" href=\"https:\/\/www.chnk.pl\/?p=2695\">czytaj wi\u0119cej<\/a><\/span><\/p>\n","protected":false},"author":3,"featured_media":0,"comment_status":"open","ping_status":"open","sticky":false,"template":"","format":"standard","meta":{"ngg_post_thumbnail":0,"footnotes":""},"categories":[1],"tags":[],"_links":{"self":[{"href":"https:\/\/www.chnk.pl\/index.php?rest_route=\/wp\/v2\/posts\/2695"}],"collection":[{"href":"https:\/\/www.chnk.pl\/index.php?rest_route=\/wp\/v2\/posts"}],"about":[{"href":"https:\/\/www.chnk.pl\/index.php?rest_route=\/wp\/v2\/types\/post"}],"author":[{"embeddable":true,"href":"https:\/\/www.chnk.pl\/index.php?rest_route=\/wp\/v2\/users\/3"}],"replies":[{"embeddable":true,"href":"https:\/\/www.chnk.pl\/index.php?rest_route=%2Fwp%2Fv2%2Fcomments&post=2695"}],"version-history":[{"count":2,"href":"https:\/\/www.chnk.pl\/index.php?rest_route=\/wp\/v2\/posts\/2695\/revisions"}],"predecessor-version":[{"id":2697,"href":"https:\/\/www.chnk.pl\/index.php?rest_route=\/wp\/v2\/posts\/2695\/revisions\/2697"}],"wp:attachment":[{"href":"https:\/\/www.chnk.pl\/index.php?rest_route=%2Fwp%2Fv2%2Fmedia&parent=2695"}],"wp:term":[{"taxonomy":"category","embeddable":true,"href":"https:\/\/www.chnk.pl\/index.php?rest_route=%2Fwp%2Fv2%2Fcategories&post=2695"},{"taxonomy":"post_tag","embeddable":true,"href":"https:\/\/www.chnk.pl\/index.php?rest_route=%2Fwp%2Fv2%2Ftags&post=2695"}],"curies":[{"name":"wp","href":"https:\/\/api.w.org\/{rel}","templated":true}]}}