{"id":2687,"date":"2020-03-28T19:18:43","date_gmt":"2020-03-28T19:18:43","guid":{"rendered":"http:\/\/www.chnk.pl\/?p=2687"},"modified":"2020-03-28T19:18:43","modified_gmt":"2020-03-28T19:18:43","slug":"5-niedziela-wielkiego-postu-3","status":"publish","type":"post","link":"https:\/\/www.chnk.pl\/?p=2687","title":{"rendered":"5 Niedziela Wielkiego Postu"},"content":{"rendered":"\n<p>OG\u0141OSZENIA DUSZPASTERSKIE<br \/>NIEDZIELA V WIELKIEGO POSTU<br \/>29 marca 2020 r.<br \/>1. W zwi\u0105zku z utrzymuj\u0105c\u0105 si\u0119 epidemi\u0105, informujemy Parafian, \u017ce bezpo\u015bredni kontakt z parafi\u0105 jest mo\u017cliwy w Biurze Parafialnym w godzinach urz\u0119dowania, w dni powszednie po mszy \u015bw. porannej i wieczornej oraz telefonicznie pod numerem 618-77-88-79 (ewentualnie zostawiaj\u0105c wiadomo\u015b\u0107 na automatycznej sekretarce). Dyspensa od obowi\u0105zku niedzielnego uczestnictwa we mszy \u015bw. zostaje przed\u0142u\u017cone do Wielkiej \u015arody. Ponadto przekazujemy nast\u0119puj\u0105ce przypomnienia oraz zarz\u0105dzenia: Podczas ka\u017cdej mszy \u015bw. mo\u017ce przebywa\u0107 wewn\u0105trz ko\u015bcio\u0142a jednorazowo maksymalnie do 5 os\u00f3b. Prosimy, aby by\u0142y to osoby, kt\u00f3re zam\u00f3wi\u0142y intencj\u0119 mszaln\u0105 na dan\u0105 godzin\u0119. Dla tych os\u00f3b wej\u015bcie do ko\u015bcio\u0142a od strony zakrystii-biura parafialnego, domofon &#8211; zakrystia. Poza msz\u0105 \u015bw. nie organizujemy innych wsp\u00f3lnotowych celebracji. Poza msz\u0105 \u015bw. ko\u015bci\u00f3\u0142 otwarty. Pod ch\u00f3rem preparat do dezynfekcji r\u0105k. Zach\u0119camy Parafian do nawiedzania ko\u015bcio\u0142a na indywidualn\u0105 modlitw\u0119. Rekomendujemy przyjmowanie Komunii \u015bw. na r\u0119k\u0119 w spos\u00f3b opisany we wcze\u015bniejszych zarz\u0105dzeniach Ksi\u0119dza Arcybiskupa. Po powrocie do domu nale\u017cy my\u0107 r\u0119ce przez przynajmniej 30 sekund. Spowied\u017a \u015bw. odbywa si\u0119 w salce parafialnej. Wej\u015bcie z dziedzi\u0144ca. Zawieszamy mo\u017cliwo\u015b\u0107 spowiedzi w zamkni\u0119tych konfesjona\u0142ach. Umo\u017cliwiamy wiernym przyj\u0119cie Komunii \u015bw. po odbytej spowiedzi w wyznaczonych godzinach. Do chorych z pos\u0142ug\u0105 duszpastersk\u0105 udajemy si\u0119 tylko na ich wyra\u017an\u0105 pro\u015bb\u0119. Nadal pozostaje zawieszona pos\u0142uga nadzwyczajnych szafarzy Komunii \u015bw. Na pro\u015bb\u0119 Caritas, w naszej parafii zbi\u00f3rka trwa\u0142ej \u017cywno\u015bci i \u015brodk\u00f3w higienicznych dla jad\u0142odajni. A na stoliku pod ch\u00f3rem zbi\u00f3rka Caritas na zakup respiratora do Szpitala Miejskiego. Zbi\u00f3rk\u0119 mo\u017cna wesprze\u0107 za pomoc\u0105 strony internetowej http:\/\/teoriopoznawczy\/respirator. W tych trudnych chwilach szukajmy naszej si\u0142y w Chrystusie. Niech codzienna modlitwa b\u0119dzie umocnieniem dla nas oraz dla naszych si\u00f3str i braci. Na stronie internetowej naszej Archidiecezji zamieszczone s\u0105 linki do licznych ko\u015bcio\u0142\u00f3w z kt\u00f3rych prowadzona jest transmisja mszy \u015bw., drogi krzy\u017cowej i r\u00f3\u017ca\u0144ca. Nasza parafia przeprowadza przez Internet transmisje nabo\u017ce\u0144stw: Drogi krzy\u017cowej w pi\u0105tek o 17:00 oraz niedzielnych mszy \u015bw. o 9:30 i 11:15. Dost\u0119p przez stron\u0119: www.facebook.com\/parafiachnk (z transmisji mo\u017cna korzysta\u0107 nie maj\u0105c konta na Facebooku \u2013 wystarczy wej\u015b\u0107 w podany link). Zach\u0119camy do r\u00f3\u017ca\u0144ca o godz. 20.30 w duchowej \u0142\u0105czno\u015bci z Ksi\u0119dzem Arcybiskupem.<br \/>2. Zach\u0119camy do modlitwy o poszanowanie \u017cycia ludzkiego od pocz\u0119cia, a\u017c do naturalnej \u015bmierci. Zach\u0119camy do podj\u0119cia, w spos\u00f3b prywatny, duchowej adopcji dziecka pocz\u0119tego wed\u0142ug dotychczasowego zwyczaju. Zatroskani o w\u0142asne \u017cycie m\u00f3dlmy si\u0119 o uratowanie \u017cycia nienarodzonych.<br \/>3. OKAZJA DO SPOWIEDZI \u015aW. W SALCE PARAFIALNEJ (WEJ\u015aCIE Z DZIEDZI\u0143CA): Od poniedzia\u0142ku do pi\u0105tku p\u00f3\u0142 godziny przed msz\u0105 \u015bw. odprawian\u0105 o godz. 8.00 i 18.00, a tak\u017ce od godz. 9.00 do 10.00 i od 19.00 do 20.00; w sobot\u0119 od 16.00 do 18.00. KOMUNIA \u015aW. POZA MSZ\u0104 \u015aW. poniedzia\u0142ek-pi\u0105tek o godz. 10.00 i 20.00, sobota o godz. 17.00, niedziela o godz. 13.30, 13.45, 14:00.<br \/>4. M\u00f3dlmy si\u0119 za zmar\u0142ych parafian: \u015bp. Antoni Tryniszewski (os. Lecha 94) i \u015bp. El\u017cbieta Bali\u0144ska (os. Lecha 96). Wieczny odpoczynek racz im da\u0107 Panie&#8230;<\/p>\n","protected":false},"excerpt":{"rendered":"<p>OG\u0141OSZENIA DUSZPASTERSKIENIEDZIELA V WIELKIEGO POSTU29 marca 2020 r.1. W zwi\u0105zku z utrzymuj\u0105c\u0105 si\u0119 epidemi\u0105, informujemy Parafian, \u017ce bezpo\u015bredni kontakt z parafi\u0105 jest mo\u017cliwy w Biurze Parafialnym w godzinach urz\u0119dowania, w dni powszednie po mszy \u015bw. porannej i wieczornej oraz telefonicznie pod numerem 618-77-88-79 (ewentualnie zostawiaj\u0105c wiadomo\u015b\u0107 na automatycznej sekretarce). Dyspensa od obowi\u0105zku niedzielnego uczestnictwa we &#8230; <span class=\"more\"><a class=\"more-link\" href=\"https:\/\/www.chnk.pl\/?p=2687\">czytaj wi\u0119cej<\/a><\/span><\/p>\n","protected":false},"author":3,"featured_media":0,"comment_status":"open","ping_status":"open","sticky":false,"template":"","format":"standard","meta":{"ngg_post_thumbnail":0,"footnotes":""},"categories":[1],"tags":[],"_links":{"self":[{"href":"https:\/\/www.chnk.pl\/index.php?rest_route=\/wp\/v2\/posts\/2687"}],"collection":[{"href":"https:\/\/www.chnk.pl\/index.php?rest_route=\/wp\/v2\/posts"}],"about":[{"href":"https:\/\/www.chnk.pl\/index.php?rest_route=\/wp\/v2\/types\/post"}],"author":[{"embeddable":true,"href":"https:\/\/www.chnk.pl\/index.php?rest_route=\/wp\/v2\/users\/3"}],"replies":[{"embeddable":true,"href":"https:\/\/www.chnk.pl\/index.php?rest_route=%2Fwp%2Fv2%2Fcomments&post=2687"}],"version-history":[{"count":2,"href":"https:\/\/www.chnk.pl\/index.php?rest_route=\/wp\/v2\/posts\/2687\/revisions"}],"predecessor-version":[{"id":2689,"href":"https:\/\/www.chnk.pl\/index.php?rest_route=\/wp\/v2\/posts\/2687\/revisions\/2689"}],"wp:attachment":[{"href":"https:\/\/www.chnk.pl\/index.php?rest_route=%2Fwp%2Fv2%2Fmedia&parent=2687"}],"wp:term":[{"taxonomy":"category","embeddable":true,"href":"https:\/\/www.chnk.pl\/index.php?rest_route=%2Fwp%2Fv2%2Fcategories&post=2687"},{"taxonomy":"post_tag","embeddable":true,"href":"https:\/\/www.chnk.pl\/index.php?rest_route=%2Fwp%2Fv2%2Ftags&post=2687"}],"curies":[{"name":"wp","href":"https:\/\/api.w.org\/{rel}","templated":true}]}}