{"id":2638,"date":"2020-03-21T21:33:41","date_gmt":"2020-03-21T21:33:41","guid":{"rendered":"http:\/\/www.chnk.pl\/?p=2638"},"modified":"2020-03-21T21:33:41","modified_gmt":"2020-03-21T21:33:41","slug":"4-niedziela-wielkiego-postu-2","status":"publish","type":"post","link":"https:\/\/www.chnk.pl\/?p=2638","title":{"rendered":"4 Niedziela Wielkiego Postu"},"content":{"rendered":"\n<p>OG\u0141OSZENIA DUSZPASTERSKIE<br \/>NIEDZIELA IV WIELKIEGO POSTU<br \/>22 marca 2020 r.<br \/>1. W zwi\u0105zku z utrzymuj\u0105cym si\u0119 stanem zagro\u017cenia epidemicznego informujemy Parafian, \u017ce bezpo\u015bredni kontakt z parafi\u0105 jest mo\u017cliwy w Biurze Parafialnym w godzinach urz\u0119dowania, w dni powszednie po mszy \u015bw. rannej i wieczornej oraz telefonicznie pod numerem 618-77-88-79 (ewentualnie zostawiaj\u0105c wiadomo\u015b\u0107 na automatycznej sekretarce). Dyspensa od obowi\u0105zku niedzielnego uczestnictwa we mszy \u015bw. zostaje przed\u0142u\u017cone do Wielkiej \u015arody. Ponadto przekazujemy nast\u0119puj\u0105ce przypomnienia oraz wskazania: Podczas ka\u017cdej Mszy \u015bw. mo\u017ce przebywa\u0107 wewn\u0105trz ko\u015bcio\u0142a jednorazowo maksymalnie do 50 os\u00f3b. Poza msz\u0105 \u015bw. nie organizujemy innych wsp\u00f3lnotowych celebracji. Rekomendujemy przyjmowanie Komunii \u015bw. na r\u0119k\u0119 w spos\u00f3b opisany we wcze\u015bniejszych zarz\u0105dzeniach Ksi\u0119dza Arcybiskupa. Pod ch\u00f3rem preparat do dezynfekcji r\u0105k. Po powrocie do domu nale\u017cy my\u0107 r\u0119ce przez przynajmniej 30 sekund. Na stronie internetowej naszej parafii zanieszczony jest link do filmu instrukta\u017cowego na temat przyjmowania Komunii \u015bw. na r\u0119k\u0119: http:\/\/rybactw\/z-\u017cycia-kosicola\/jak-przyjmowa\u0107-komunie-swieta-na-reke-738-min\/ oraz film na temat komunii duchowej: http:\/\/rybactw\/z-\u017cycia-kosicola\/czym-czym-jest-komunia-\u015bwi\u0119ta-duchowa-o-janusz-pyda-op-956-min\/. Od dzisiaj spowied\u017a \u015bw. odbywa\u0107 si\u0119 b\u0119dzie w salce parafialnej. Wej\u015bcie z dziedzi\u0144ca. Zawieszamy mo\u017cliwo\u015b\u0107 spowiedzi w zamkni\u0119tych konfesjona\u0142ach. Umo\u017cliwiamy wiernym przyj\u0119cie Komunii \u015bw. po odbytej spowiedzi w wyznaczonych godzinach. Do chorych z pos\u0142ug\u0105 duszpastersk\u0105 udajemy si\u0119 tylko na ich wyra\u017an\u0105 pro\u015bb\u0119. Nadal pozostaje zawieszona pos\u0142uga nadzwyczajnych szafarzy Komunii \u015bw. Na pro\u015bb\u0119 Caritas, w przysz\u0142\u0105 niedzil\u0119, w naszej parafii zbi\u00f3rka trwa\u0142ej \u017cywno\u015bci i \u015brodk\u00f3w higienicznych dla jad\u0142odajni. A przed ko\u015bcio\u0142em Caritas uruchamia zbi\u00f3rk\u0119, na zakup respiratora do Szpitala Miejskiego im. J\u00f3zefa Strusia. Na sprz\u0119t organizacja planuje uzbiera\u0107 i przeznaczy\u0107 95 tys. z\u0142. Zbi\u00f3rk\u0119 mo\u017cna wesprze\u0107 za pomoc\u0105 strony internetowej http:\/\/teoriopoznawczy\/respirator. W tych trudnych chwilach szukajmy naszej si\u0142y w Chrystusie. Niech codzienna modlitwa b\u0119dzie umocnieniem dla nas oraz dla naszych si\u00f3str i braci. Na stronie internetowej naszej Archidiecezji zamieszczone s\u0105 linki do licznych ko\u015bcio\u0142\u00f3w z kt\u00f3rych prowadzona jest transmisja mszy \u015bw., drogi krzy\u017cowej i r\u00f3\u017ca\u0144ca. Zach\u0119camy do r\u00f3\u017ca\u0144ca o godz. 20.30 w duchowej \u0142\u0105czno\u015bci z Ksi\u0119dzem Arcybiskupem.<br \/>2. W \u015brod\u0119 uroczysto\u015b\u0107 Zwiastowania Naj\u015bwi\u0119tszej Maryi Pannie. Dzie\u0144 \u015awi\u0119to\u015bci \u017bycia. Zach\u0119camy do modlitwy o poszanowanie \u017cycia ludzkiego od pocz\u0119cia, a\u017c do naturalnej \u015bmierci. Zach\u0119camy do podj\u0119cia, w spos\u00f3b prywatny, duchowej adopcji dziecka pocz\u0119tego wed\u0142ug dotychczasowego zwyczaju.<br \/>3. OKAZJA DO SPOWIEDZI \u015aW. W SALCE PARAFIALNEJ (WEJ\u015aCIE Z DZIEDZI\u0143CA):<br \/>Od poniedzia\u0142ku do pi\u0105tku p\u00f3\u0142 godziny przed msz\u0105 \u015bw. odprawianej o godz. 8.00 i 18.00 , a tak\u017ce od godz. 9.00 do 10.00 i od 19.00 do 20.00; w sobot\u0119 od 16.00 do 18.00. KOMUNIA \u015aW. POZA MSZ\u0104 \u015aW. o godz. 10.00 i 20.00, w sobot\u0119 o godz. 17.00.<br \/>4. Przy zakrystii: Gazetka parafialna, koperty na danin\u0119 diecezjaln\u0105, poczt\u00f3wki wielkanocne. Nie b\u0119dzie palm w Niedziel\u0119 Palmow\u0105. Prosimy zadba\u0107 o nie we w\u0142asnym zakresie.<\/p>\n","protected":false},"excerpt":{"rendered":"<p>OG\u0141OSZENIA DUSZPASTERSKIENIEDZIELA IV WIELKIEGO POSTU22 marca 2020 r.1. W zwi\u0105zku z utrzymuj\u0105cym si\u0119 stanem zagro\u017cenia epidemicznego informujemy Parafian, \u017ce bezpo\u015bredni kontakt z parafi\u0105 jest mo\u017cliwy w Biurze Parafialnym w godzinach urz\u0119dowania, w dni powszednie po mszy \u015bw. rannej i wieczornej oraz telefonicznie pod numerem 618-77-88-79 (ewentualnie zostawiaj\u0105c wiadomo\u015b\u0107 na automatycznej sekretarce). Dyspensa od obowi\u0105zku niedzielnego &#8230; <span class=\"more\"><a class=\"more-link\" href=\"https:\/\/www.chnk.pl\/?p=2638\">czytaj wi\u0119cej<\/a><\/span><\/p>\n","protected":false},"author":3,"featured_media":0,"comment_status":"open","ping_status":"open","sticky":false,"template":"","format":"standard","meta":{"ngg_post_thumbnail":0,"footnotes":""},"categories":[1],"tags":[],"_links":{"self":[{"href":"https:\/\/www.chnk.pl\/index.php?rest_route=\/wp\/v2\/posts\/2638"}],"collection":[{"href":"https:\/\/www.chnk.pl\/index.php?rest_route=\/wp\/v2\/posts"}],"about":[{"href":"https:\/\/www.chnk.pl\/index.php?rest_route=\/wp\/v2\/types\/post"}],"author":[{"embeddable":true,"href":"https:\/\/www.chnk.pl\/index.php?rest_route=\/wp\/v2\/users\/3"}],"replies":[{"embeddable":true,"href":"https:\/\/www.chnk.pl\/index.php?rest_route=%2Fwp%2Fv2%2Fcomments&post=2638"}],"version-history":[{"count":1,"href":"https:\/\/www.chnk.pl\/index.php?rest_route=\/wp\/v2\/posts\/2638\/revisions"}],"predecessor-version":[{"id":2639,"href":"https:\/\/www.chnk.pl\/index.php?rest_route=\/wp\/v2\/posts\/2638\/revisions\/2639"}],"wp:attachment":[{"href":"https:\/\/www.chnk.pl\/index.php?rest_route=%2Fwp%2Fv2%2Fmedia&parent=2638"}],"wp:term":[{"taxonomy":"category","embeddable":true,"href":"https:\/\/www.chnk.pl\/index.php?rest_route=%2Fwp%2Fv2%2Fcategories&post=2638"},{"taxonomy":"post_tag","embeddable":true,"href":"https:\/\/www.chnk.pl\/index.php?rest_route=%2Fwp%2Fv2%2Ftags&post=2638"}],"curies":[{"name":"wp","href":"https:\/\/api.w.org\/{rel}","templated":true}]}}