{"id":2633,"date":"2020-03-14T14:32:41","date_gmt":"2020-03-14T14:32:41","guid":{"rendered":"http:\/\/www.chnk.pl\/?p=2633"},"modified":"2020-03-14T22:49:36","modified_gmt":"2020-03-14T22:49:36","slug":"3-niedziela-wielkiego-postu-2","status":"publish","type":"post","link":"https:\/\/www.chnk.pl\/?p=2633","title":{"rendered":"3 Niedziela Wielkiego Postu"},"content":{"rendered":"\n<p>OG\u0141OSZENIA DUSZPASTERSKIE<br \/>NIEDZIELA III WIELKIEGO POSTU <br \/>15 marca 2020 r.<\/p>\n<p><br \/>1. Dodatkowa msza \u015bw. w niedziele, do 29 marca, o godz. 15.30. Obowi\u0105zuje limit obecno\u015bci do 50 os\u00f3b. Zach\u0119camy Parafian do:<br \/>-pozostawania w domu,<br \/>-korzystania z dyspensy od uczestnictwa w niedzielnej mszy \u015bw.,<br \/>-korzystania z transmisji mszy \u015bw. telewizyjnej lub radiowej,<br \/>-podj\u0119cia modlitwy r\u00f3\u017ca\u0144cowej zw\u0142aszcza o godz. o godz. 20.30 w intencji chorych i us\u0142uguj\u0105cych chorym oraz wszystkich zabiegaj\u0105cych o dobro spo\u0142eczne<br \/>-podj\u0119cia postu w intencji wyga\u015bni\u0119cia epidemii<\/p>\n<p>2. W czwartek Uroczysto\u015b\u0107 \u015bw. J\u00f3zefa. W naszej Parafii ca\u0142odzienna Adoracja Naj\u015bwi\u0119tszego Sakramentu od godz. 9.00 do godz. 24.00. Nie mo\u017cna zlekcewa\u017cy\u0107 parafialnego dnia uroczystej czci oddawanej Panu Jezusowi w Naj\u015bwi\u0119tszym Sakramencie. W tym trudnym czasie zach\u0119camy do indywidualnej, b\u0142agalnej adoracji. Okazja do spowiedzi \u015bw. w czwartek od godz. 11.00 do 12.00, od godz. 16.00 do 17.45 i od 19.00 do 20.00. Mo\u017cliwo\u015b\u0107 przyst\u0105pienia do komunii \u015bw. poza msz\u0105 \u015bw. w czwartek o godz. 12.00, 15.00 i 20.00.<\/p>\n<p>3. Rekolekcje szkolne odwo\u0142ane.<\/p>\n<p>4. Kr\u0105g Biblijny i wszystkie inne spotkania duszpasterskie odwo\u0142ane.<\/p>\n<p>5. Spotkanie dzieci pierwszokomunijnych i ich rodzic\u00f3w odwo\u0142ane. Niech dzieci przygotowuj\u0105c si\u0119 do I spowiedzi \u015bw. ucz\u0105 si\u0119 czyta\u0107, z ksi\u0105\u017ceczki do nabo\u017ce\u0144stwa, pyta\u0144 do rachunku sumienia oraz czyta\u0107 modlitw przed i po spowiedzi \u015bw.<\/p>\n<p>6. DROGA KRZY\u017bOWA i GORZKIE \u017bALE odwo\u0142ane.<\/p>\n<p>7. Prosimy zg\u0142asza\u0107 chorych i starszych parafian do Komunii \u015bw. wielkanocnej<\/p>\n<p>8. W czasie Wielkiego Postu sk\u0142adamy ofiary na danin\u0119 diecezjaln\u0105, kt\u00f3ra przeznaczona jest na utrzymanie: Seminarium Duchownego, Domu Ksi\u0119\u017cy Emeryt\u00f3w, Muzeum, Archiwum Archidiecezjalnego, Katedry, Kurii Metropolitalnej i Caritas. Koperty na danin\u0119 diecezjaln\u0105 mo\u017cna otrzyma\u0107 przy zakrystii.<\/p>\n<p>9. Zach\u0119camy do czytania prasy katolickiej: Przy zakrystii: Przewodnik Katolicki, Ma\u0142y Przewodnik Katolicki, Go\u015b\u0107 Niedzielny, Nasza Droga, Mi\u0142ujcie si\u0119, gazetka parafialna i poczt\u00f3wki z religijnymi motywami wielkanocnymi.<\/p>\n","protected":false},"excerpt":{"rendered":"<p>OG\u0141OSZENIA DUSZPASTERSKIENIEDZIELA III WIELKIEGO POSTU 15 marca 2020 r. 1. Dodatkowa msza \u015bw. w niedziele, do 29 marca, o godz. 15.30. Obowi\u0105zuje limit obecno\u015bci do 50 os\u00f3b. Zach\u0119camy Parafian do:-pozostawania w domu,-korzystania z dyspensy od uczestnictwa w niedzielnej mszy \u015bw.,-korzystania z transmisji mszy \u015bw. telewizyjnej lub radiowej,-podj\u0119cia modlitwy r\u00f3\u017ca\u0144cowej zw\u0142aszcza o godz. o godz. 20.30 &#8230; <span class=\"more\"><a class=\"more-link\" href=\"https:\/\/www.chnk.pl\/?p=2633\">czytaj wi\u0119cej<\/a><\/span><\/p>\n","protected":false},"author":3,"featured_media":0,"comment_status":"open","ping_status":"open","sticky":false,"template":"","format":"standard","meta":{"ngg_post_thumbnail":0,"footnotes":""},"categories":[1],"tags":[],"_links":{"self":[{"href":"https:\/\/www.chnk.pl\/index.php?rest_route=\/wp\/v2\/posts\/2633"}],"collection":[{"href":"https:\/\/www.chnk.pl\/index.php?rest_route=\/wp\/v2\/posts"}],"about":[{"href":"https:\/\/www.chnk.pl\/index.php?rest_route=\/wp\/v2\/types\/post"}],"author":[{"embeddable":true,"href":"https:\/\/www.chnk.pl\/index.php?rest_route=\/wp\/v2\/users\/3"}],"replies":[{"embeddable":true,"href":"https:\/\/www.chnk.pl\/index.php?rest_route=%2Fwp%2Fv2%2Fcomments&post=2633"}],"version-history":[{"count":2,"href":"https:\/\/www.chnk.pl\/index.php?rest_route=\/wp\/v2\/posts\/2633\/revisions"}],"predecessor-version":[{"id":2637,"href":"https:\/\/www.chnk.pl\/index.php?rest_route=\/wp\/v2\/posts\/2633\/revisions\/2637"}],"wp:attachment":[{"href":"https:\/\/www.chnk.pl\/index.php?rest_route=%2Fwp%2Fv2%2Fmedia&parent=2633"}],"wp:term":[{"taxonomy":"category","embeddable":true,"href":"https:\/\/www.chnk.pl\/index.php?rest_route=%2Fwp%2Fv2%2Fcategories&post=2633"},{"taxonomy":"post_tag","embeddable":true,"href":"https:\/\/www.chnk.pl\/index.php?rest_route=%2Fwp%2Fv2%2Ftags&post=2633"}],"curies":[{"name":"wp","href":"https:\/\/api.w.org\/{rel}","templated":true}]}}