{"id":2620,"date":"2020-03-14T14:01:27","date_gmt":"2020-03-14T14:01:27","guid":{"rendered":"http:\/\/www.chnk.pl\/?p=2620"},"modified":"2020-03-14T14:01:27","modified_gmt":"2020-03-14T14:01:27","slug":"dekret-w-zwiazku-z-zagrozeniem-koronawirusem","status":"publish","type":"post","link":"https:\/\/www.chnk.pl\/?p=2620","title":{"rendered":"DEKRET W ZWI\u0104ZKU Z ZAGRO\u017bENIEM KORONAWIRUSEM"},"content":{"rendered":"\n<p style=\"text-align: center;\"><br \/>DEKRET<br \/>w zwi\u0105zku z zagro\u017ceniem koronawirusem&nbsp;<\/p>\n<p>W zwi\u0105zku z wprowadzeniem stanu zagro\u017cenia epidemicznego w Polsce oraz stosuj\u0105c si\u0119 do rozporz\u0105dze\u0144 organ\u00f3w pa\u0144stwowych z 13 marca br., kt\u00f3re ograniczy\u0142y liczb\u0119 uczestnik\u00f3w zgromadze\u0144 do 50 os\u00f3b, postanawiam dla Archidiecezji Pozna\u0144skiej, co nast\u0119puje:<\/p>\n<p>1. Podczas ka\u017cdej Mszy \u015bw. mo\u017ce przebywa\u0107 wewn\u0105trz ko\u015bcio\u0142a jednorazowo maksymalnie do 50 os\u00f3b. Na drzwiach wej\u015bciowych nale\u017cy umie\u015bci\u0107 wyra\u017an\u0105 informacj\u0119 na ten temat. Nale\u017cy policzy\u0107 osoby wchodz\u0105ce do ko\u015bcio\u0142a.<br \/>2. Zalecam te\u017c, aby parafie ze swoich \u015bwi\u0105ty\u0144 \u2013 w miar\u0119 mo\u017cliwo\u015bci technicznych \u2013 transmitowa\u0142y w mediach spo\u0142eczno\u015bciowych niedzieln\u0105 Msz\u0119 \u015bw. z homili\u0105 duszpasterza, jak r\u00f3wnie\u017c codzienn\u0105 wieczorn\u0105 modlitw\u0119 r\u00f3\u017ca\u0144cow\u0105.<br \/>3. Nale\u017cy tworzy\u0107 w ko\u015bcio\u0142ach okazje do ca\u0142odniowej adoracji Naj\u015bwi\u0119tszego Sakramentu w ciszy, aby wierni mogli wst\u0119powa\u0107 tam na modlitw\u0119 osobist\u0105.<br \/>4. Mi\u0119dzy niedzielnymi Mszami \u015bw. kap\u0142ani winni pozostawa\u0107 do dyspozycji wiernych, kt\u00f3rzy poprosz\u0105 o wys\u0142uchanie spowiedzi, udzielenie Komunii \u015bw. czy sakramentu namaszczenia chorych. W dni powszednie duszpasterze winni proponowa\u0107 dodatkowe okazje do spowiedzi.<br \/>5. Ka\u017cdego dnia o godz. 20.30 duszpasterze \u2013 bez udzia\u0142u wiernych \u2013 winni odmawia\u0107 w ko\u015bciele r\u00f3\u017caniec w intencji ochrony przed chorobami, za osoby pos\u0142uguj\u0105ce chorym, a tak\u017ce o pok\u00f3j serc i \u0142ask\u0119 nawr\u00f3cenia. Wzywam wiernych, aby w tym samym czasie \u2013 w duchowej \u0142\u0105czno\u015bci z kap\u0142anami \u2013 odmawiali r\u00f3\u017caniec w swoich rodzinach. Modlitwa ta b\u0119dzie mia\u0142a miejsce r\u00f3wnie\u017c na falach Radia Emaus.<\/p>\n<p>6. Zawieszam do odwo\u0142ania Nawiedzenie Obrazu Matki Bo\u017cej Cz\u0119stochowskiej w Archidiecezji Pozna\u0144skiej. Obraz przyb\u0119dzie w do wszystkich parafii, w kt\u00f3rych Nawiedzenie zosta\u0142o odwo\u0142ane, w terminie p\u00f3\u017aniejszym.<br \/>7. Zawieszone s\u0105 r\u00f3wnie\u017c nabo\u017ce\u0144stwa gorzkich \u017cali, drogi krzy\u017cowej i inne celebracje. Nabo\u017ce\u0144stwo gorzkich \u017cali z katedry pozna\u0144skiej b\u0119dzie transmitowane w Radiu Emaus w niedziele o godz. 16.00, a poza tym w Radiu Maryja i Telewizji TRWAM o godz. 17.00.<br \/>8. Zawieszone do odwo\u0142ania s\u0105 wizytacje kanoniczne parafii.<br \/>9. Odwo\u0142ane zostaje najbli\u017csze spotkanie ksi\u0119\u017cy dziekan\u00f3w oraz spotkania wszystkich grup sta\u0142ej formacji kap\u0142an\u00f3w.<\/p>\n<p>Pozosta\u0142e ustalenia \u2013 zawarte w Zarz\u0105dzeniu Rady Sta\u0142ej Konferencji Episkopatu Polski oraz w Dekrecie Arcybiskupa Metropolity Pozna\u0144skiego z dnia 12 marca br. \u2013 nadal obowi\u0105zuj\u0105.<br \/>Najskuteczniejszym sposobem na zahamowanie rozprzestrzeniania si\u0119 koronawirusa \u2013 w zgodnej opinii ekspert\u00f3w \u2013 jest pozostanie w domu. Prosz\u0119 wi\u0119c wszystkich wiernych o ograniczenie kontakt\u00f3w z innymi lud\u017ami. W oczekiwaniu na Wielkanoc traktujmy Wielki Post jako wyrzeczenie si\u0119 dzia\u0142a\u0144, kt\u00f3re mog\u0105 przyczyni\u0107 si\u0119 do rozwoju tej gro\u017anej choroby.<\/p>\n<p>Bardzo prosz\u0119 kap\u0142an\u00f3w i wiernych, aby w duchu jedno\u015bci podporz\u0105dkowali si\u0119 powy\u017cszym zarz\u0105dzeniom.<\/p>\n<p>\u2020 Stanis\u0142aw G\u0105decki<br \/>Arcybiskup Metropolita Pozna\u0144ski<\/p>\n<p>&nbsp;<\/p>\n","protected":false},"excerpt":{"rendered":"<p>DEKRETw zwi\u0105zku z zagro\u017ceniem koronawirusem&nbsp; W zwi\u0105zku z wprowadzeniem stanu zagro\u017cenia epidemicznego w Polsce oraz stosuj\u0105c si\u0119 do rozporz\u0105dze\u0144 organ\u00f3w pa\u0144stwowych z 13 marca br., kt\u00f3re ograniczy\u0142y liczb\u0119 uczestnik\u00f3w zgromadze\u0144 do 50 os\u00f3b, postanawiam dla Archidiecezji Pozna\u0144skiej, co nast\u0119puje: 1. Podczas ka\u017cdej Mszy \u015bw. mo\u017ce przebywa\u0107 wewn\u0105trz ko\u015bcio\u0142a jednorazowo maksymalnie do 50 os\u00f3b. Na drzwiach &#8230; <span class=\"more\"><a class=\"more-link\" href=\"https:\/\/www.chnk.pl\/?p=2620\">czytaj wi\u0119cej<\/a><\/span><\/p>\n","protected":false},"author":3,"featured_media":0,"comment_status":"open","ping_status":"open","sticky":false,"template":"","format":"standard","meta":{"ngg_post_thumbnail":0,"footnotes":""},"categories":[1],"tags":[],"_links":{"self":[{"href":"https:\/\/www.chnk.pl\/index.php?rest_route=\/wp\/v2\/posts\/2620"}],"collection":[{"href":"https:\/\/www.chnk.pl\/index.php?rest_route=\/wp\/v2\/posts"}],"about":[{"href":"https:\/\/www.chnk.pl\/index.php?rest_route=\/wp\/v2\/types\/post"}],"author":[{"embeddable":true,"href":"https:\/\/www.chnk.pl\/index.php?rest_route=\/wp\/v2\/users\/3"}],"replies":[{"embeddable":true,"href":"https:\/\/www.chnk.pl\/index.php?rest_route=%2Fwp%2Fv2%2Fcomments&post=2620"}],"version-history":[{"count":1,"href":"https:\/\/www.chnk.pl\/index.php?rest_route=\/wp\/v2\/posts\/2620\/revisions"}],"predecessor-version":[{"id":2621,"href":"https:\/\/www.chnk.pl\/index.php?rest_route=\/wp\/v2\/posts\/2620\/revisions\/2621"}],"wp:attachment":[{"href":"https:\/\/www.chnk.pl\/index.php?rest_route=%2Fwp%2Fv2%2Fmedia&parent=2620"}],"wp:term":[{"taxonomy":"category","embeddable":true,"href":"https:\/\/www.chnk.pl\/index.php?rest_route=%2Fwp%2Fv2%2Fcategories&post=2620"},{"taxonomy":"post_tag","embeddable":true,"href":"https:\/\/www.chnk.pl\/index.php?rest_route=%2Fwp%2Fv2%2Ftags&post=2620"}],"curies":[{"name":"wp","href":"https:\/\/api.w.org\/{rel}","templated":true}]}}