{"id":2611,"date":"2020-03-07T14:46:49","date_gmt":"2020-03-07T14:46:49","guid":{"rendered":"http:\/\/www.chnk.pl\/?p=2611"},"modified":"2020-03-07T14:46:49","modified_gmt":"2020-03-07T14:46:49","slug":"2-niedziela-wielkiego-postu-3","status":"publish","type":"post","link":"https:\/\/www.chnk.pl\/?p=2611","title":{"rendered":"2 Niedziela Wielkiego Postu"},"content":{"rendered":"\n<p>OG\u0141OSZENIA DUSZPASTERSKIE<br \/>Niedziela II Wielkiego Postu<br \/>8 marca 2020 r.<br \/>1. DROGA KRZY\u017bOWA w pi\u0105tki Wielkiego Postu: dla dzieci godz. 16.30, dla do-ros\u0142ych godz. 17.30, ulicami osiedla o godz. 19.00 ( w tym tygodniu od wej\u015bcia nr 13, przynosimy \u015bwiece lub znicze). GORZKIE \u017bALE w niedziele WP o godz. 15.30.<br \/>2. Zapraszamy na kr\u0105g biblijny w \u015brod\u0119 o godz. 19.00 w salce parafialnej.<br \/>3. Spotkanie dzieci pierwszokomunijnych, przygotowuj\u0105ce do I spowiedzi \u015bw. w czwartek, 12 marca o godz. 15.45 i 16.45. Dzieci przynosz\u0105 ksi\u0105\u017ceczk\u0119 i obrazek.<br \/>4. W najbli\u017csz\u0105 sobot\u0119 czterech ministrant\u00f3w naszej parafii zostanie ustanowionych lektorami. Uroczysto\u015b\u0107 w Katedrze o godz. 14:00. Zapraszamy do udzia\u0142u w tym wydarzeniu.<br \/>5. Rozpoczynamy przygotowanie do Triduum Paschalnego w naszej parafii. Zapraszamy do zespo\u0142u. Kontakt e-mailowy jest wywieszony na tablicy og\u0142osze\u0144.<br \/>6. M\u0142odzie\u017c od 7 klasy SP zapraszamy na spotkanie duszpasterstwa m\u0142odzie\u017cy w pi\u0105tek na godz. 19:00 do salki przy ko\u015bciele (wej\u015bcie z dziedzi\u0144ca). Zapraszamy te\u017c m\u0142odzie\u017c na wyjazd integracyjny do Mo\u015bcienicy k. K\u00f3rnika w dniach 20-22 marca. Wyjazd w pi\u0105tek wiecz\u00f3r, powr\u00f3t w niedziel\u0119 przed po\u0142udniem. Koszt 40 z\u0142. Zapisy u ks. wikariusza.<br \/>7. Zapraszamy dzieci na pr\u00f3b\u0119 \u015bpiewu w czasie mszy \u015bw. Pr\u00f3ba w przysz\u0142\u0105 niedziel\u0119 o godz. 10.00 w salki parafialnej, wej\u015bcie z dziedzi\u0144ca.<br \/>8. Prosimy zg\u0142asza\u0107 chorych i starszych parafian do komunii \u015bw. wielkanocnej, na sobot\u0119 przed Niedziel\u0105 Palmow\u0105.<br \/>9. Okazja do spowiedzi \u015bw. w soboty od godz. 16.00 do 17.45. Ju\u017c trwa czas spowiedzi i komunii \u015bw. wielkanocnej<br \/>10. Parafia organizuje pielgrzymk\u0119 na Jasn\u0105 G\u00f3r\u0119 jako dzi\u0119kczynienie za ubieg\u0142oroczne Nawiedzenie Matki Bo\u017cej w znaku Ikony Jasnog\u00f3rskiej. Termin sobota\/niedziela 30\/31 maja. Koszt 145 z\u0142. Cena zawiera przejazd autokarem, ubezpieczenie, nocleg w Domu Pielgrzyma i \u015bniadanie w niedziel\u0119. Zapisy w zakrystii.<br \/>11. Duchowa adopcja dziecka nienarodzonego. W niedziel\u0119 22 marca na mszy \u015bw. o godz. 9.30, grupa parafian podejmie modlitw\u0119 duchowej adopcji dziecka nienarodzonego. Podj\u0119cie modlitwy w tej intencji i do\u0142\u0105czenie do grupy modlitewnej mo\u017cna zadeklarowa\u0107 w tygodniu po mszy \u015bw. i w najbli\u017csze niedziele przed msz\u0105 \u015bw. o godz. 9.30. <br \/>12. B\u00f3g zap\u0142a\u0107 za ofiarowan\u0105 \u017cywno\u015bci dla potrzebuj\u0105cych. Wydawanie \u017cywno\u015bci we wtorek od godz. 17.00 w salce. B\u00f3g zap\u0142a\u0107 za ofiary na misje, sk\u0142adane po mszy \u015bw.<br \/>13. B\u00f3g zap\u0142a\u0107 za ofiary z\u0142o\u017cone na dalsze wyposa\u017canie naszego ko\u015bcio\u0142a. W Wielkim Po\u015bcie sk\u0142adamy ofiary na danin\u0119 diecezjaln\u0105, kt\u00f3ra jest przeznaczona na utrzymanie centralnych instytucji diecezjalnych tzn. Seminarium Duchownego, Domu Ksi\u0119\u017cy Emeryt\u00f3w, Muzeum i Archiwum, Katedry, Kurii Metropolitalnej i na Caritas. Koperty na danin\u0119 diecezjaln\u0105 z \u017c\u00f3\u0142t\u0105 kartk\u0105 na cele parafialne mo\u017cna odbiera\u0107 przy zakrystii.<br \/>11. Zach\u0119camy do czytania prasy katolickiej: Przy zakrystii: Przewodnik Katolicki, Ma\u0142y Przewodnik Katolicki, Go\u015b\u0107 Niedzielny, Nasza Droga, Ola i Ja\u015b, Mi\u0142ujcie si\u0119, Egzorcysta i gazetka parafialna.<br \/>12. M\u00f3dlmy si\u0119 za zmar\u0142ych parafian. Za \u015bp. Wand\u0119 Stefaniak, os. Lecha 19, \u015bp. Mariann\u0119 J\u00f3\u017awik, os. Lecha 128, prze\u017cy\u0142a 102 lata i \u015bp. Henryk\u0119 Kubick\u0105, os. Lecha 25 (msza \u015bw. pogrzebowa w poniedzia\u0142ek, 16 marca, o godz. 10.00). Wieczny odpoczynek racz zmar\u0142ym da\u0107 Panie.<\/p>\n","protected":false},"excerpt":{"rendered":"<p>OG\u0141OSZENIA DUSZPASTERSKIENiedziela II Wielkiego Postu8 marca 2020 r.1. DROGA KRZY\u017bOWA w pi\u0105tki Wielkiego Postu: dla dzieci godz. 16.30, dla do-ros\u0142ych godz. 17.30, ulicami osiedla o godz. 19.00 ( w tym tygodniu od wej\u015bcia nr 13, przynosimy \u015bwiece lub znicze). GORZKIE \u017bALE w niedziele WP o godz. 15.30.2. Zapraszamy na kr\u0105g biblijny w \u015brod\u0119 o godz. &#8230; <span class=\"more\"><a class=\"more-link\" href=\"https:\/\/www.chnk.pl\/?p=2611\">czytaj wi\u0119cej<\/a><\/span><\/p>\n","protected":false},"author":3,"featured_media":0,"comment_status":"open","ping_status":"open","sticky":false,"template":"","format":"standard","meta":{"ngg_post_thumbnail":0,"footnotes":""},"categories":[1],"tags":[],"_links":{"self":[{"href":"https:\/\/www.chnk.pl\/index.php?rest_route=\/wp\/v2\/posts\/2611"}],"collection":[{"href":"https:\/\/www.chnk.pl\/index.php?rest_route=\/wp\/v2\/posts"}],"about":[{"href":"https:\/\/www.chnk.pl\/index.php?rest_route=\/wp\/v2\/types\/post"}],"author":[{"embeddable":true,"href":"https:\/\/www.chnk.pl\/index.php?rest_route=\/wp\/v2\/users\/3"}],"replies":[{"embeddable":true,"href":"https:\/\/www.chnk.pl\/index.php?rest_route=%2Fwp%2Fv2%2Fcomments&post=2611"}],"version-history":[{"count":1,"href":"https:\/\/www.chnk.pl\/index.php?rest_route=\/wp\/v2\/posts\/2611\/revisions"}],"predecessor-version":[{"id":2612,"href":"https:\/\/www.chnk.pl\/index.php?rest_route=\/wp\/v2\/posts\/2611\/revisions\/2612"}],"wp:attachment":[{"href":"https:\/\/www.chnk.pl\/index.php?rest_route=%2Fwp%2Fv2%2Fmedia&parent=2611"}],"wp:term":[{"taxonomy":"category","embeddable":true,"href":"https:\/\/www.chnk.pl\/index.php?rest_route=%2Fwp%2Fv2%2Fcategories&post=2611"},{"taxonomy":"post_tag","embeddable":true,"href":"https:\/\/www.chnk.pl\/index.php?rest_route=%2Fwp%2Fv2%2Ftags&post=2611"}],"curies":[{"name":"wp","href":"https:\/\/api.w.org\/{rel}","templated":true}]}}