{"id":2608,"date":"2020-02-29T21:19:53","date_gmt":"2020-02-29T21:19:53","guid":{"rendered":"http:\/\/www.chnk.pl\/?p=2608"},"modified":"2020-02-29T21:19:53","modified_gmt":"2020-02-29T21:19:53","slug":"1-niedziela-wielkiego-postu-3","status":"publish","type":"post","link":"https:\/\/www.chnk.pl\/?p=2608","title":{"rendered":"1 Niedziela Wielkiego Postu"},"content":{"rendered":"\n<p><br \/>OG\u0141OSZENIA DUSZPASTERSKIE<br \/>NIEDZIELA I WIELKIEGO POSTU<br \/>1 marca 2020 r.<br \/>1. Ko\u0144czymy rekolekcje parafialne. Dzi\u0119kujemy o. Paw\u0142owi za pos\u0142ug\u0119 rekolekcyjn\u0105. B\u00f3g zap\u0142a\u0107 Parafianom za udzia\u0142 w rekolekcjach i miejskiej Drodze Krzy\u017cowej.<br \/>2. Spotkanie r\u00f3\u017ca\u0144cowe w \u015brod\u0119 po wieczornej mszy \u015bw.<br \/>3. Kr\u0105g Biblijny w \u015brod\u0119 po wieczornej mszy \u015bw. w salce parafialnej.<br \/>4. DROGA KRZY\u017bOWA w pi\u0105tki Wielkiego Postu: dla dzieci godz. 16.30, dla doros\u0142ych godz. 17.30, ulicami osiedla godz. 19.00 (w tym tygodniu od wej\u015bcia 78). GORZKIE \u017bALE w niedziele Wielkiego Postu o godz. 15.30.<br \/>5. W tym tygodniu: I czwartek I pi\u0105tek i I sobota miesi\u0105ca. Adoracja Naj\u015bwi\u0119tszego Sakramentu w czwartek od godz. 17.00 do 18.00 i po mszy \u015bw. w intencji nowych powo\u0142a\u0144, do godz. 21.00. Miesi\u0119czna spowied\u017a \u015bw. dla klas: 4, 5, 6, 7, 8 i m\u0142odzie\u017cy w pi\u0105tek od godz. 15.00. W pi\u0105tek i sobot\u0119 odwiedziny chorych z sakramentami \u015bw. wed\u0142ug sta\u0142ego planu. Nowe zg\u0142oszenia w zakrystii. R\u00f3\u017caniec i nabo\u017ce\u0144stwo fatimskie w sobot\u0119 o godz. 7.15. Zach\u0119camy do podj\u0119cia nabo\u017ce\u0144stwa pierwszych sob\u00f3t miesi\u0105ca o kt\u00f3re prosi\u0142a Matka Bo\u017ca w Fatimie. Spotkanie dla wsp\u00f3lnoty ma\u0142\u017ce\u0144stw w sobot\u0119 o godz. 19.15 w kaplicy. Do wsp\u00f3lnoty zapraszamy rodziny, dzieci maj\u0105 opiek\u0119.<br \/>6. Rozpoczynamy przygotowanie do Triduum Paschalnego w naszej parafii. Wszystkich, kt\u00f3rzy chcieliby w\u0142\u0105czy\u0107 si\u0119 w \u015bpiew w czasie Triduum, zapraszamy na pr\u00f3by do salki parafialnej w ka\u017cdy pi\u0105tek po Drodze Krzy\u017cowej odprawianej ulicami osiedla o godz. 19.00.<br \/>7. Grupa Anonimowych Alkoholik\u00f3w spotyka si\u0119 we wtorki w salce parafialnej o godz. 19.00 i jest otwarta na wszystkich, kt\u00f3rzy szukaj\u0105 pomocy do \u017cycia w trze\u017awo\u015bci.<br \/>8. Duchowa Adopcja Dziecka Nienarodzonego to modlitewna obrona dzieci nienarodzonych, zagro\u017conych w swoim istnieniu z powodu braku mi\u0142o\u015bci. Podj\u0119cie modlitwy w intencji ich ocalenia mo\u017cna zadeklarowa\u0107 w tygodniu po mszy \u015bw. i w niedziel\u0119 przed msz\u0105 \u015bw. o godz. 9.30. Uroczyste podj\u0119cie Duchowej Adopcji w niedziel\u0119 22 marca na mszy \u015bw. o godz. 9.30.<br \/>9. W naszej parafii rozpoczynamy spotkania wsp\u00f3lnoty m\u0142odzie\u017cowej. M\u0142odzie\u017c od 7 klasy szko\u0142y podstawowej wzwy\u017c zapraszamy na spotkania duszpasterstwa w pi\u0105tki o godz. 19.00. Pierwsze spotkanie w pi\u0105tek 6 marca. Spotykamy si\u0119 w salce przy ko\u015bciele.<br \/>10. Zach\u0119camy do w\u0142\u0105czenia si\u0119 w wielkopostne wydarzenie \u201eKo\u015bcio\u0142\u00f3w stacyjnych miasta Poznania\u201d. Ka\u017cdego dnia, z wy\u0142\u0105czeniem niedziel, pielgrzymi gromadz\u0105 si\u0119 w innej \u015bwi\u0105tyni miasta, aby trwa\u0107 na modlitwie. Spis ko\u015bcio\u0142\u00f3w znajdziemy w \u201ePrzewodniku Katolickim\u201d, na tablicy og\u0142osze\u0144 oraz na stronie internetowej Archidiecezji Pozna\u0144skiej.<br \/>11. B\u00f3g zap\u0142a\u0107 za ofiary na Caritas. W przysz\u0142\u0105 niedziel\u0119, II Wielkiego Postu, przed ko\u015bcio\u0142em zbi\u00f3rka ofiar na misje. R\u00f3wnie\u017c przysz\u0142\u0105 niedziele mo\u017cliwo\u015b\u0107 ofiarowania \u017cywno\u015bci o przed\u0142u\u017conym czasie przechowywania. Do kosza pod ch\u00f3rem mo\u017cna sk\u0142ada\u0107 dary dla potrzebuj\u0105cych. Prosimy, aby zakup\u00f3w nie dokonywa\u0107 w niedziel\u0119.<br \/>12. W zwi\u0105zku z mo\u017cliwo\u015bci\u0105 pojawienie si\u0119 na terenie Polski koronawirusa, nale\u017cy zachowa\u0107 wszystkie wskazania higieniczne wydawane przez odpowiednie s\u0142u\u017cby. Jest to obowi\u0105zek wynikaj\u0105cy z pi\u0105tego Przykazania Bo\u017cego.<br \/>13. M\u00f3dlmy si\u0119 za zmar\u0142ych parafian. Za dusz\u0119 \u015bp. Mariana Przybylskiego, os. Lecha 61. Msza \u015bw. pogrzebowa we wtorek o godz. 11.30. Wieczny odpoczynek racz zmar\u0142ym da\u0107 Panie.<\/p>\n","protected":false},"excerpt":{"rendered":"<p>OG\u0141OSZENIA DUSZPASTERSKIENIEDZIELA I WIELKIEGO POSTU1 marca 2020 r.1. Ko\u0144czymy rekolekcje parafialne. Dzi\u0119kujemy o. Paw\u0142owi za pos\u0142ug\u0119 rekolekcyjn\u0105. B\u00f3g zap\u0142a\u0107 Parafianom za udzia\u0142 w rekolekcjach i miejskiej Drodze Krzy\u017cowej.2. Spotkanie r\u00f3\u017ca\u0144cowe w \u015brod\u0119 po wieczornej mszy \u015bw.3. Kr\u0105g Biblijny w \u015brod\u0119 po wieczornej mszy \u015bw. w salce parafialnej.4. DROGA KRZY\u017bOWA w pi\u0105tki Wielkiego Postu: dla dzieci &#8230; <span class=\"more\"><a class=\"more-link\" href=\"https:\/\/www.chnk.pl\/?p=2608\">czytaj wi\u0119cej<\/a><\/span><\/p>\n","protected":false},"author":3,"featured_media":0,"comment_status":"open","ping_status":"open","sticky":false,"template":"","format":"standard","meta":{"ngg_post_thumbnail":0,"footnotes":""},"categories":[1],"tags":[],"_links":{"self":[{"href":"https:\/\/www.chnk.pl\/index.php?rest_route=\/wp\/v2\/posts\/2608"}],"collection":[{"href":"https:\/\/www.chnk.pl\/index.php?rest_route=\/wp\/v2\/posts"}],"about":[{"href":"https:\/\/www.chnk.pl\/index.php?rest_route=\/wp\/v2\/types\/post"}],"author":[{"embeddable":true,"href":"https:\/\/www.chnk.pl\/index.php?rest_route=\/wp\/v2\/users\/3"}],"replies":[{"embeddable":true,"href":"https:\/\/www.chnk.pl\/index.php?rest_route=%2Fwp%2Fv2%2Fcomments&post=2608"}],"version-history":[{"count":1,"href":"https:\/\/www.chnk.pl\/index.php?rest_route=\/wp\/v2\/posts\/2608\/revisions"}],"predecessor-version":[{"id":2609,"href":"https:\/\/www.chnk.pl\/index.php?rest_route=\/wp\/v2\/posts\/2608\/revisions\/2609"}],"wp:attachment":[{"href":"https:\/\/www.chnk.pl\/index.php?rest_route=%2Fwp%2Fv2%2Fmedia&parent=2608"}],"wp:term":[{"taxonomy":"category","embeddable":true,"href":"https:\/\/www.chnk.pl\/index.php?rest_route=%2Fwp%2Fv2%2Fcategories&post=2608"},{"taxonomy":"post_tag","embeddable":true,"href":"https:\/\/www.chnk.pl\/index.php?rest_route=%2Fwp%2Fv2%2Ftags&post=2608"}],"curies":[{"name":"wp","href":"https:\/\/api.w.org\/{rel}","templated":true}]}}