{"id":2606,"date":"2020-02-27T23:02:54","date_gmt":"2020-02-27T23:02:54","guid":{"rendered":"http:\/\/www.chnk.pl\/?p=2606"},"modified":"2020-02-27T23:02:54","modified_gmt":"2020-02-27T23:02:54","slug":"rekolekcje-wielkopostne-ad-2020","status":"publish","type":"post","link":"https:\/\/www.chnk.pl\/?p=2606","title":{"rendered":"REKOLEKCJE WIELKOPOSTNE AD 2020"},"content":{"rendered":"\n<p><br \/>REKOLEKCJE WIELKOPOSTNE AD 2020<br \/>\u015aroda Popielcowa, 26 lutego &#8211; dzie\u0144 publicznej pokuty<br \/>Rozpocz\u0119cie rekolekcji na wszystkich mszach \u015bwi\u0119tych (7.00, 8.00, 16.30 i 18.00). Po Mszy \u015bw o godz. 8.00 Nowenna do MB Nieustaj\u0105cej Pomocy, a po Mszy \u015bw. o godz. 18.00. Wystawienie Naj\u015bw. Sakramentu i Apel Jasnog\u00f3rski o godz. 20.30.<br \/>Czwartek, 27 lutego &#8211; dzie\u0144 modlitwy w \u0142\u0105czno\u015bci z Ko\u015bcio\u0142em diecezjalnym<br \/>Koronka do Mi\u0142osierdzia Bo\u017cego i modlitwy poranne o godz. 7.30<br \/>Nauka og\u00f3lna w czasie Mszy \u015bw. o godz. 8.00<br \/>Msza \u015bw. o godz. 18.00 z nauka rekolekcyjn\u0105<br \/>Wyj\u015bcie na miejsk\u0105 Drog\u0119 Krzy\u017cow\u0105 sprzed ko\u015bcio\u0142a o godz 17.50.<br \/>Nauka stanowa dla kobiet po mszy \u015bw. wieczornej. Po nauce<br \/>Adoracja Naj\u015bw. Sakramentu i Apel Jasnog\u00f3rski o godz. 20.30<br \/>Pi\u0105tek, 28 lutego &#8211; dzie\u0144 przylgni\u0119cia do Krzy\u017ca<br \/>Droga Krzy\u017cowa o godz. 7.30<br \/>Msza \u015bw. z nauk\u0105 og\u00f3ln\u0105 o godz. 8.00 Droga Krzy\u017cowa dla dzieci o godz. 16.30<br \/>Droga Krzy\u017cowa dla doros\u0142ych o godz. 17.30<br \/>Msza \u015bw. z nauk\u0105 og\u00f3ln\u0105 o godz. 18.00<br \/>Po mszy \u015bw. nauka stanowa dla m\u0119\u017cczyzn. Po nauce<br \/>Wystawienie Naj\u015bw. Sakramentu do 20.30. Apel Jasnog\u00f3rski o godz. 20.30<br \/>Sobota, 29 lutego &#8211; dzie\u0144 Matki Bo\u017cej Bolesnej<br \/>Godzinki o Niepokalanym Pocz\u0119ciu Naj\u015bw. Maryi Panny o godz. 7.30 <br \/>Msza \u015bw. z nauk\u0105 og\u00f3ln\u0105 o godz. 8.00<br \/>Wystawienie Naj\u015bw. Sakramentu i Spowied\u017a \u015bw. od godz. 9.00 do 10.00<br \/>Msza \u015bw. dla chorych z udzielaniem sakramentu chorych o godz. 10.00<br \/>Spowied\u017a \u015bw. od godz. 16.00 do 18.00<br \/>R\u00f3\u017caniec o owoce rekolekcji o godz. 17.20 (zelatorzy)<br \/>Msza \u015bw. z nauk\u0105 rekolekcyjn\u0105 o godz. 18.00 Adoracja Naj\u015bw. Sakramentu od godz. 19.00 Apel Jasnog\u00f3rski o godz. 20.30<br \/>Niedziela, 1 marca &#8211; ku Zmartwychwstaniu<br \/>Nauki rekolekcyjne na wszystkich mszach \u015bwi\u0119tych po\u0142\u0105czone z zako\u0144czeniem rekolekcji wielkopostnych; mo\u017cliwo\u015b\u0107 zyskania odpustu zupe\u0142nego.<\/p>\n","protected":false},"excerpt":{"rendered":"<p>REKOLEKCJE WIELKOPOSTNE AD 2020\u015aroda Popielcowa, 26 lutego &#8211; dzie\u0144 publicznej pokutyRozpocz\u0119cie rekolekcji na wszystkich mszach \u015bwi\u0119tych (7.00, 8.00, 16.30 i 18.00). Po Mszy \u015bw o godz. 8.00 Nowenna do MB Nieustaj\u0105cej Pomocy, a po Mszy \u015bw. o godz. 18.00. Wystawienie Naj\u015bw. Sakramentu i Apel Jasnog\u00f3rski o godz. 20.30.Czwartek, 27 lutego &#8211; dzie\u0144 modlitwy w \u0142\u0105czno\u015bci &#8230; <span class=\"more\"><a class=\"more-link\" href=\"https:\/\/www.chnk.pl\/?p=2606\">czytaj wi\u0119cej<\/a><\/span><\/p>\n","protected":false},"author":3,"featured_media":0,"comment_status":"open","ping_status":"open","sticky":false,"template":"","format":"standard","meta":{"ngg_post_thumbnail":0,"footnotes":""},"categories":[1],"tags":[],"_links":{"self":[{"href":"https:\/\/www.chnk.pl\/index.php?rest_route=\/wp\/v2\/posts\/2606"}],"collection":[{"href":"https:\/\/www.chnk.pl\/index.php?rest_route=\/wp\/v2\/posts"}],"about":[{"href":"https:\/\/www.chnk.pl\/index.php?rest_route=\/wp\/v2\/types\/post"}],"author":[{"embeddable":true,"href":"https:\/\/www.chnk.pl\/index.php?rest_route=\/wp\/v2\/users\/3"}],"replies":[{"embeddable":true,"href":"https:\/\/www.chnk.pl\/index.php?rest_route=%2Fwp%2Fv2%2Fcomments&post=2606"}],"version-history":[{"count":1,"href":"https:\/\/www.chnk.pl\/index.php?rest_route=\/wp\/v2\/posts\/2606\/revisions"}],"predecessor-version":[{"id":2607,"href":"https:\/\/www.chnk.pl\/index.php?rest_route=\/wp\/v2\/posts\/2606\/revisions\/2607"}],"wp:attachment":[{"href":"https:\/\/www.chnk.pl\/index.php?rest_route=%2Fwp%2Fv2%2Fmedia&parent=2606"}],"wp:term":[{"taxonomy":"category","embeddable":true,"href":"https:\/\/www.chnk.pl\/index.php?rest_route=%2Fwp%2Fv2%2Fcategories&post=2606"},{"taxonomy":"post_tag","embeddable":true,"href":"https:\/\/www.chnk.pl\/index.php?rest_route=%2Fwp%2Fv2%2Ftags&post=2606"}],"curies":[{"name":"wp","href":"https:\/\/api.w.org\/{rel}","templated":true}]}}