{"id":2599,"date":"2020-02-22T20:02:36","date_gmt":"2020-02-22T20:02:36","guid":{"rendered":"http:\/\/www.chnk.pl\/?p=2599"},"modified":"2020-02-22T20:02:36","modified_gmt":"2020-02-22T20:02:36","slug":"7-niedziela-zwykla-2","status":"publish","type":"post","link":"https:\/\/www.chnk.pl\/?p=2599","title":{"rendered":"7 Niedziela Zwyk\u0142a"},"content":{"rendered":"\n<p>OG\u0141OSZENIA DUSZPASTERSKIE<br \/>NIEDZIELA VII ZWYK\u0141A<br \/>23 lutego 2020 r.<br \/>1. We wtorek ko\u0144czy si\u0119 czas hucznych wesel i zabaw. Od \u015brody rozpoczynamy Wielki Post. Rozpoczyna si\u0119 czas spowiedzi i Komunii \u015bw. wielkanocnej.<br \/>2. W \u015arod\u0119 Popielcow\u0105 msza \u015bw. o godz. 7.00, 8.00, 16.30 i 18.00. W \u015arod\u0119 Popielcow\u0105 obowi\u0105zuje post zwyk\u0142y i post \u015bcis\u0142y od kt\u00f3rych nie ma dyspensy. Do zachowania postu \u015bcis\u0142ego zobowi\u0105zane s\u0105 osoby, kt\u00f3re uko\u0144czy\u0142y osiemnasty rok \u017cycia a nie rozpocz\u0119\u0142y jeszcze sze\u015b\u0107dziesi\u0105tego. Post zwyk\u0142y obowi\u0105zuje od 14 roku do ko\u0144ca \u017cycia. W \u015arod\u0119 Popielcow\u0105, przed ko\u015bcio\u0142em, mo\u017cliwo\u015b\u0107 z\u0142o\u017cenia ofiary na CARITAS. Od \u015arody Popielcowej do niedzieli odprawia si\u0119 Kwartalne dni modlitw o ducha pokuty po\u0142\u0105czone z modlitw\u0105 o trze\u017awo\u015b\u0107. Modlitw\u0105, postem i trze\u017awo\u015bci\u0105 pragniemy wynagrodzi\u0107 sprawiedliwo\u015bci Bo\u017cej nasze grzechy. Zach\u0119camy do podj\u0119cia indywidualnego postu o chlebie i wodzie w jeden dzie\u0144 Wielkiego Postu. Szukamy czterdziestu parafian, kt\u00f3rzy podj\u0119liby t\u0119 praktyk\u0119 pokutn\u0105 w intencji wynagrodzenia Panu Bogu za blu\u017anierstwa. Szczeg\u00f3\u0142y po mszy \u015bw. w kaplicy przy zakrystii.<br \/>3. W \u015arod\u0119 Popielcow\u0105 rozpoczynamy rekolekcje wielkopostne w naszej parafii, kt\u00f3re potrwaj\u0105 do przysz\u0142ej niedzieli. Poprowadzi je o. Pawe\u0142 Ratajczak, Oblat NMP. Nauki rekolekcyjne o godz. 8.00 i 18.00. Od czwartku do soboty wystawienie Naj\u015bw. Sakramentu i godzinna adoracja. Msza \u015bw. z udzielaniem sakramentu chorych w sobot\u0119 o godz. 10.00. W sobot\u0119 od 9.00 okazja do spowiedzi \u015bw. Ca\u0142o\u015bciowy program rekolekcji jest wywieszony na tablicy og\u0142osze\u0144, wy\u0142o\u017cony pod ch\u00f3rem i zamieszczony na stronie internetowej parafii.<br \/>4. W czwartek, 27 lutego br. godz. 1830 zostanie odprawiona w naszym mie\u015bcie tradycyjna Droga Krzy\u017cowa. Rozpocznie si\u0119 ona Msz\u0105 \u015bw. w pozna\u0144skiej Farze o godz. 1800 i uda si\u0119 na Plac A. Mickiewicza. W roku wyniesienia do chwa\u0142y o\u0142tarzy Prymasa Tysi\u0105clecia S\u0142ugi Bo\u017cego Stefana kardyna\u0142a Wyszy\u0144skiego pragniemy prosi\u0107 Boga o dobre przygotowanie do beatyfikacji. Zapraszamy do udzia\u0142u w tym wielkopostnym nabo\u017ce\u0144stwie, przez kt\u00f3re pragniemy odda\u0107 cze\u015b\u0107 cierpi\u0105cemu Zbawicielowi, przeb\u0142aga\u0107 za grzechy w\u0142asne, naszego miasta i Ojczyzny oraz uprosi\u0107 potrzebne \u0142aski dla wszystkich wsp\u00f3\u0142czesnych chrze\u015bcijan. Wsp\u00f3lne wyj\u015bcie sprzed ko\u015bcio\u0142a i przejazd tramwajem o godz. 17.50.<br \/>5. Pierwszy pi\u0105tek Wielkiego Postu zosta\u0142 przez Konferencj\u0119 Episkopatu Polski ustanowiony dniem pokuty i modlitwy za grzechy wykorzystywania seksualnego ma\u0142oletnich. <br \/>6. DROGA KRZY\u017bOWA w pi\u0105tki Wielkiego Postu: dla dzieci godz. 16.30, dla doros\u0142ych godz. 17.30, ulicami osiedla godz. 19.00 (w tym tygodniu od wej\u015bcia nr 66, przynosimy ze sob\u0105 \u015bwiece lub znicze). GORZKIE \u017bALE w niedziel\u0119 o 15.30.<\/p>\n<p>7. Archidiecezja Pozna\u0144ska organizuje pielgrzymk\u0119 do Rzymu w dniach od 13 do 20 maja 2020 r. dla uczczenia setnej rocznicy urodzin \u015bw. Jana Paw\u0142a II. Przewidziana jest msza \u015bw. z papie\u017cem Franciszkiem. Szczeg\u00f3\u0142y na stronie internetowej Archidiecezji Pozna\u0144skiej.<\/p>\n<p>8. Zach\u0119camy do czytania prasy religijnej. W najnowszym numerze \u201ePrzewodnika Katolickiego\u201d modlitewnik na marzec. Go\u015b\u0107 Niedzielny, Egzorcysta, dla dzieci \u201eZiarno\u201d, Ola i Ja\u015b, Nasza Droga (dwutygodnik dla m\u0142odzie\u017cy) Ma\u0142y Przewodnik Katolicki. Prasa katolicka jest wiarygodnym \u017ar\u00f3d\u0142em wiedzy o \u017cyciu i nauczaniu Ko\u015bcio\u0142a.<\/p>\n<p>9. B\u00f3g zap\u0142a\u0107 za ofiary sk\u0142adane na doposa\u017canie naszego ko\u015bcio\u0142a.<\/p>\n<p><br \/>WSKAZANIA PASTERSKIE<br \/>DOTYCZ\u0104CE PRZEPIS\u00d3W POKUTNYCH<br \/>W ZWI\u0104ZKU Z WIELKIM POSTEM 2020<br \/>\u201ePokutujcie wi\u0119c i nawr\u00f3\u0107cie si\u0119, aby grzechy wasze zosta\u0142y zg\u0142adzone, aby nadesz\u0142y od Pana dni och\u0142ody, aby te\u017c pos\u0142a\u0142 wam zapowiedzianego Mesjasza, Jezusa, kt\u00f3rego niebo musi zatrzyma\u0107 a\u017c do czasu odnowienia wszystkich rzeczy\u201d (Dz 3,19-21). Wszyscy wierni, ka\u017cdy na sw\u00f3j spos\u00f3b, na podstawie prawa Bo\u017cego zobowi\u0105zani s\u0105 czyni\u0107 pokut\u0119. \u017beby jednak \u2013 przez wsp\u00f3lne zachowanie pokuty \u2013 z\u0142\u0105czyli si\u0119 mi\u0119dzy sob\u0105, zostaj\u0105 nakazane dni pokuty, podczas kt\u00f3rych wierni powinni przeznacza\u0107 wi\u0119cej czasu na modlitw\u0119, wykonywa\u0107 uczynki pobo\u017cno\u015bci i mi\u0142o\u015bci, podejmowa\u0107 akty umartwienia przez wierniejsze wype\u0142nianie w\u0142asnych obowi\u0105zk\u00f3w, zw\u0142aszcza za\u015b zachowywa\u0107 post i wstrzemi\u0119\u017aliwo\u015b\u0107 (por. kan. 1249 KPK). Dniami pokuty w Ko\u015bciele powszechnym s\u0105 poszczeg\u00f3lne pi\u0105tki ca\u0142ego roku i czas Wielkiego Postu (por. kan. 1250 KPK).<br \/>Maj\u0105c na uwadze powy\u017csze normy, polecam, aby w Archidiecezji Pozna\u0144skiej przestrzegano nast\u0119puj\u0105cych zasad:<br \/>I PRZEPISY POSTNE <br \/>A. Wstrzemi\u0119\u017aliwo\u015b\u0107 od pokarm\u00f3w mi\u0119snych i post \u015bcis\u0142y<br \/>1. Wierni, kt\u00f3rzy uko\u0144czyli 14. rok \u017cycia, s\u0105 zobowi\u0105zani do zachowania w ci\u0105gu ca\u0142ego \u017cycia wstrzemi\u0119\u017aliwo\u015bci od pokarm\u00f3w mi\u0119snych w nast\u0119puj\u0105ce dni:<br \/>a) we wszystkie pi\u0105tki ca\u0142ego roku,<br \/>b) w \u015arod\u0119 Popielcow\u0105.<br \/>R\u00f3wnocze\u015bnie \u2013 ze wzgl\u0119du na tradycj\u0119 tego dnia w Polsce \u2013 zach\u0119cam wiernych do zachowania wstrzemi\u0119\u017aliwo\u015bci od pokarm\u00f3w mi\u0119snych w Wigili\u0119 Bo\u017cego Narodzenia.<br \/>Wstrzemi\u0119\u017aliwo\u015b\u0107 od pokarm\u00f3w mi\u0119snych nie obowi\u0105zuje, je\u017celi zgodnie z przepisami liturgicznymi, w pi\u0105tek przypada uroczysto\u015b\u0107.<br \/>2. Wierni, kt\u00f3rzy uko\u0144czyli 18. rok \u017cycia, a\u017c do rozpocz\u0119cia 60. roku \u017cycia, opr\u00f3cz wstrzemi\u0119\u017aliwo\u015bci od pokarm\u00f3w mi\u0119snych s\u0105 zobowi\u0105zani do zachowania postu \u015bcis\u0142ego w nast\u0119puj\u0105ce dni:<br \/>a) w \u015arod\u0119 Popielcow\u0105,<br \/>b) w Wielki Pi\u0105tek.<br \/>Post \u015bcis\u0142y pozwala na jednorazowy posi\u0142ek do syta oraz na dwa skromne posi\u0142ki w ci\u0105gu dnia.<br \/>3. Wierni, kt\u00f3rzy nie maj\u0105 mo\u017cliwo\u015bci wyboru pokarm\u00f3w i musz\u0105 spo\u017cywa\u0107 to, co zostanie im podane, mog\u0105 korzysta\u0107 z dyspensy od obowi\u0105zku wstrzymania si\u0119 od potraw mi\u0119snych w pi\u0105tki ca\u0142ego roku. Taka dyspensa nie istnieje w \u015arod\u0119 Popielcow\u0105 i Wielki Pi\u0105tek.<br \/>Niemo\u017cliwo\u015b\u0107 zachowania wstrzemi\u0119\u017aliwo\u015bci od pokarm\u00f3w mi\u0119snych w pi\u0105tek zak\u0142ada jednak podj\u0119cie innych form pokuty, takich jak: modlitwa, ja\u0142mu\u017cna, uczynki pobo\u017cno\u015bci i mi\u0142o\u015bci, wierniejsze spe\u0142nianie obowi\u0105zk\u00f3w.<br \/>4. Dla s\u0142usznej przyczyny proboszcz mo\u017ce udzieli\u0107 w pojedynczym przypadku <br \/>\u2013 poszczeg\u00f3lnym wiernym, poszczeg\u00f3lnym rodzinom lub wsp\u00f3lnotom wiernych \u2013 dyspensy od wstrzemi\u0119\u017aliwo\u015bci od potraw mi\u0119snych, z wyj\u0105tkiem:<br \/>a) \u015arody Popielcowej,<br \/>b) Wielkiego Pi\u0105tku.<br \/>Proboszcz winien jednak na\u0142o\u017cy\u0107 na korzystaj\u0105cych z dyspensy obowi\u0105zek modlitwy w intencjach Ojca \u015awi\u0119tego oraz z\u0142o\u017cenia ofiary do skarbony z napisem \u201eJa\u0142mu\u017cna postna\u201d, wzgl\u0119dnie cz\u0119stszego spe\u0142niania uczynk\u00f3w chrze\u015bcija\u0144skiego mi\u0142osierdzia.<br \/>Z dyspensy udzielonej przez jakiegokolwiek proboszcza Archidiecezji Pozna\u0144skiej mog\u0105 korzysta\u0107 wierni Archidiecezji Pozna\u0144skiej wsz\u0119dzie, gdziekolwiek si\u0119 znajduj\u0105, a tak\u017ce wszyscy inni wierni przebywaj\u0105cy na terenie Archidiecezji Pozna\u0144skiej.<br \/>Tej samej w\u0142adzy dyspensowania udzielam wszystkim kap\u0142anom podczas pe\u0142nienia pos\u0142ugi duszpasterskiej na cmentarzach komunalnych Pozna\u0144-Junikowo i Pozna\u0144-Mi\u0142ostowo, a tak\u017ce spowiednikom przy sprawowaniu Sakramentu Pokuty. <br \/>Pro\u015bb\u0119 o dyspens\u0119 \u2013 w formie pisemnej \u2013 mo\u017cna tak\u017ce kierowa\u0107 do Kurii Metropolitalnej.<br \/>Przed posi\u0142kiem nale\u017cy poinformowa\u0107 zainteresowanych o udzielonej dyspensie.<br \/>B. Powstrzymywanie si\u0119 od zabaw<br \/>Powstrzymywanie si\u0119 od zabaw sprzyja opanowaniu instynkt\u00f3w i wolno\u015bci serca (zob. KKK 2043). Obowi\u0105zuje we wszystkie dni Wielkiego Postu.<br \/>II. CZAS KOMUNII \u015aW. WIELKANOCNEJ<br \/>III. Czas Komunii wielkanocnej, obejmuje okres od \u015arody Popielcowej, tj. od dnia 26 lutego 2020 r. do Niedzieli Naj\u015bwi\u0119tszej Tr\u00f3jcy, tj. do dnia 7 czerwca 2020 r. Przyj\u0119cie Komunii \u015bw. z okazji Wielkanocy w naznaczonym terminie nale\u017cy do podstawowych obowi\u0105zk\u00f3w katolika. Zach\u0119cam gor\u0105co Archidiecezjan, aby z \u017cyw\u0105 wiar\u0105 i \u017carliw\u0105 skruch\u0105 przyst\u0105pili do Sakramentu Pojednania i duchowo odnowieni przyj\u0119li Chrystusa w Komunii \u015bw.<br \/>Pozna\u0144, dnia 20 lutego 2020 roku<br \/>N. 842\/2020<br \/>\u2020 Stanis\u0142aw G\u0105decki<br \/>Arcybiskup Metropolita Pozna\u0144ski[bestwebsoft_contact_form]<\/p>\n","protected":false},"excerpt":{"rendered":"<p>OG\u0141OSZENIA DUSZPASTERSKIENIEDZIELA VII ZWYK\u0141A23 lutego 2020 r.1. We wtorek ko\u0144czy si\u0119 czas hucznych wesel i zabaw. Od \u015brody rozpoczynamy Wielki Post. Rozpoczyna si\u0119 czas spowiedzi i Komunii \u015bw. wielkanocnej.2. W \u015arod\u0119 Popielcow\u0105 msza \u015bw. o godz. 7.00, 8.00, 16.30 i 18.00. W \u015arod\u0119 Popielcow\u0105 obowi\u0105zuje post zwyk\u0142y i post \u015bcis\u0142y od kt\u00f3rych nie ma dyspensy. &#8230; <span class=\"more\"><a class=\"more-link\" href=\"https:\/\/www.chnk.pl\/?p=2599\">czytaj wi\u0119cej<\/a><\/span><\/p>\n","protected":false},"author":3,"featured_media":0,"comment_status":"open","ping_status":"open","sticky":false,"template":"","format":"standard","meta":{"ngg_post_thumbnail":0,"footnotes":""},"categories":[1],"tags":[],"_links":{"self":[{"href":"https:\/\/www.chnk.pl\/index.php?rest_route=\/wp\/v2\/posts\/2599"}],"collection":[{"href":"https:\/\/www.chnk.pl\/index.php?rest_route=\/wp\/v2\/posts"}],"about":[{"href":"https:\/\/www.chnk.pl\/index.php?rest_route=\/wp\/v2\/types\/post"}],"author":[{"embeddable":true,"href":"https:\/\/www.chnk.pl\/index.php?rest_route=\/wp\/v2\/users\/3"}],"replies":[{"embeddable":true,"href":"https:\/\/www.chnk.pl\/index.php?rest_route=%2Fwp%2Fv2%2Fcomments&post=2599"}],"version-history":[{"count":1,"href":"https:\/\/www.chnk.pl\/index.php?rest_route=\/wp\/v2\/posts\/2599\/revisions"}],"predecessor-version":[{"id":2600,"href":"https:\/\/www.chnk.pl\/index.php?rest_route=\/wp\/v2\/posts\/2599\/revisions\/2600"}],"wp:attachment":[{"href":"https:\/\/www.chnk.pl\/index.php?rest_route=%2Fwp%2Fv2%2Fmedia&parent=2599"}],"wp:term":[{"taxonomy":"category","embeddable":true,"href":"https:\/\/www.chnk.pl\/index.php?rest_route=%2Fwp%2Fv2%2Fcategories&post=2599"},{"taxonomy":"post_tag","embeddable":true,"href":"https:\/\/www.chnk.pl\/index.php?rest_route=%2Fwp%2Fv2%2Ftags&post=2599"}],"curies":[{"name":"wp","href":"https:\/\/api.w.org\/{rel}","templated":true}]}}