{"id":2595,"date":"2020-02-15T18:47:46","date_gmt":"2020-02-15T18:47:46","guid":{"rendered":"http:\/\/www.chnk.pl\/?p=2595"},"modified":"2020-02-15T18:47:46","modified_gmt":"2020-02-15T18:47:46","slug":"6-niedziela-zwykla-3","status":"publish","type":"post","link":"https:\/\/www.chnk.pl\/?p=2595","title":{"rendered":"6 Niedziela Zwyk\u0142a"},"content":{"rendered":"\n<p>OG\u0141OSZENIA DUSZPASTERSKIE<br \/><br \/>NIEDZIELA VI ZWYK\u0141A<br \/>16 lutego 2020 r.<\/p>\n<p>1. Kalendarz liturgiczny:<br \/>poniedzia\u0142ek \u2013 \u015bw. Siedmiu Za\u0142o\u017cycieli Zakonu Serwit\u00f3w NMP,<br \/>pi\u0105tek \u2013 \u015bw. Piotra Damianiego,<br \/>sobota \u2013 \u015bwi\u0119to Katedry \u015bw. Piotra Aposto\u0142a.<\/p>\n<p>2. W \u015brod\u0119 Dzie\u0144 Salety\u0144ski. Procesja do Figury Matki Bo\u017cej z La Salette rano, po mszy \u015bw. o godz. 8.00. R\u00f3\u017caniec salety\u0144ski o godz. 7.30. Intencj\u0105 nabo\u017ce\u0144stwa jest wynagrodzenie Panu Bogu, za przyczyn\u0105 Matki Bo\u017cej P\u0142acz\u0105cej, wszelkich zniewag doznawanych w naszej parafii.<\/p>\n<p>3. Msza \u015bw. o uzdrowienie w czwartek o godz. 19.15 i adoracja Naj\u015bwi\u0119tszego Sakramentu po wieczornej mszy \u015bw.<\/p>\n<p>4. W sobot\u0119 o godz. 10.00, w ko\u015bciele spotkanie dla ch\u0142opc\u00f3w, kt\u00f3rzy chcieliby by\u0107 ministrantami.<\/p>\n<p>5. Z okazji \u015bwi\u0119ta Katedry \u015awi\u0119tego Piotra, w czwartek 20 lutego 2020 roku o godz. 18.00 odb\u0119d\u0105 si\u0119 w Katedrze Pozna\u0144skiej uroczyste Nieszpory pod przewodnictwem Ksi\u0119dza Arcybiskupa Stanis\u0142awa G\u0105deckiego, Metropolity Pozna\u0144skiego. Homili\u0119 wyg\u0142osi Biskup prof. Micha\u0142 Janocha z Archidiecezji Warszawskiej. Do udzia\u0142u w Nieszporach serdecznie zapraszamy szczeg\u00f3lnie wszystkich Profesor\u00f3w i innych Pracownik\u00f3w Akademickich miasta Poznania.Po Nieszporach zapraszamy na spotkanie w Kanonii przy ul. Ostr\u00f3w Tumski.<\/p>\n<p>6. Trwa rekrutacja do Publicznej Szko\u0142y Podstawowej Nr 1 im. B\u0142. Natalii Tu\u0142asiewicz, Publicznego Liceum Og\u00f3lnokszta\u0142c\u0105cego im. Kard. Augusta Hlonda i Niepublicznego Przedszkola Katolickiego Stowarzyszenia Wychowawc\u00f3w w Poznaniu przy ul. Mi\u0144skiej 32. Zapraszamy na DRZWI OTWARTE 19 lutego w godz. 16-20.<\/p>\n<p>7. B\u00f3g zap\u0142a\u0107 zespo\u0142om Parafian sprz\u0105taj\u0105cych ko\u015bci\u00f3\u0142, za zgodn\u0105 wsp\u00f3\u0142prac\u0119 i rzetelno\u015b\u0107.<\/p>\n<p>8. B\u00f3g zap\u0142a\u0107 za ofiary kol\u0119dowe, sk\u0142adane na dalsze doposa\u017canie naszego ko\u015bcio\u0142a.<\/p>\n<p>9. Zach\u0119camy do si\u0119gania po pras\u0119 katolick\u0105. Przy zakrystii: Przewodnik Katolicki, Go\u015b\u0107 Niedzielny i Egzorcysta . Jest Ma\u0142y Przewodnik Katolicki (dla dzieci, numer lutowy), Nasza Droga (dwutygodnik dla m\u0142odzie\u017cy), gazetka parafialna.<\/p>\n","protected":false},"excerpt":{"rendered":"<p>OG\u0141OSZENIA DUSZPASTERSKIE NIEDZIELA VI ZWYK\u0141A16 lutego 2020 r. 1. Kalendarz liturgiczny:poniedzia\u0142ek \u2013 \u015bw. Siedmiu Za\u0142o\u017cycieli Zakonu Serwit\u00f3w NMP,pi\u0105tek \u2013 \u015bw. Piotra Damianiego,sobota \u2013 \u015bwi\u0119to Katedry \u015bw. Piotra Aposto\u0142a. 2. W \u015brod\u0119 Dzie\u0144 Salety\u0144ski. Procesja do Figury Matki Bo\u017cej z La Salette rano, po mszy \u015bw. o godz. 8.00. R\u00f3\u017caniec salety\u0144ski o godz. 7.30. Intencj\u0105 nabo\u017ce\u0144stwa &#8230; <span class=\"more\"><a class=\"more-link\" href=\"https:\/\/www.chnk.pl\/?p=2595\">czytaj wi\u0119cej<\/a><\/span><\/p>\n","protected":false},"author":3,"featured_media":0,"comment_status":"open","ping_status":"open","sticky":false,"template":"","format":"standard","meta":{"ngg_post_thumbnail":0,"footnotes":""},"categories":[1],"tags":[],"_links":{"self":[{"href":"https:\/\/www.chnk.pl\/index.php?rest_route=\/wp\/v2\/posts\/2595"}],"collection":[{"href":"https:\/\/www.chnk.pl\/index.php?rest_route=\/wp\/v2\/posts"}],"about":[{"href":"https:\/\/www.chnk.pl\/index.php?rest_route=\/wp\/v2\/types\/post"}],"author":[{"embeddable":true,"href":"https:\/\/www.chnk.pl\/index.php?rest_route=\/wp\/v2\/users\/3"}],"replies":[{"embeddable":true,"href":"https:\/\/www.chnk.pl\/index.php?rest_route=%2Fwp%2Fv2%2Fcomments&post=2595"}],"version-history":[{"count":1,"href":"https:\/\/www.chnk.pl\/index.php?rest_route=\/wp\/v2\/posts\/2595\/revisions"}],"predecessor-version":[{"id":2596,"href":"https:\/\/www.chnk.pl\/index.php?rest_route=\/wp\/v2\/posts\/2595\/revisions\/2596"}],"wp:attachment":[{"href":"https:\/\/www.chnk.pl\/index.php?rest_route=%2Fwp%2Fv2%2Fmedia&parent=2595"}],"wp:term":[{"taxonomy":"category","embeddable":true,"href":"https:\/\/www.chnk.pl\/index.php?rest_route=%2Fwp%2Fv2%2Fcategories&post=2595"},{"taxonomy":"post_tag","embeddable":true,"href":"https:\/\/www.chnk.pl\/index.php?rest_route=%2Fwp%2Fv2%2Ftags&post=2595"}],"curies":[{"name":"wp","href":"https:\/\/api.w.org\/{rel}","templated":true}]}}