{"id":2591,"date":"2020-02-14T22:59:00","date_gmt":"2020-02-14T22:59:00","guid":{"rendered":"http:\/\/www.chnk.pl\/?p=2591"},"modified":"2020-02-14T22:59:00","modified_gmt":"2020-02-14T22:59:00","slug":"oswiadczenie-ksiedza-arcybiskupa","status":"publish","type":"post","link":"https:\/\/www.chnk.pl\/?p=2591","title":{"rendered":"O\u015bwiadczenie Ksi\u0119dza Arcybiskupa"},"content":{"rendered":"\n<p>ARCYBISKUP METROPOLITA Pozna\u0144, dnia 14 lutego 2020 roku<br \/>POZNA\u0143SKI N. 724\/2020<\/p>\n<p>O\u015bwiadczenie w zwi\u0105zku z przyj\u0119ciem tzw. Europejskiej Karty R\u00f3wno\u015bci<\/p>\n<p><br \/>W duchu odpowiedzialno\u015bci za bezpiecze\u0144stwo rodzin, dzieci i m\u0142odzie\u017cy oraz w trosce o dobro przysz\u0142ych pokole\u0144 i rozw\u00f3j naszego regionu wyra\u017cam g\u0142\u0119boki niepok\u00f3j w zwi\u0105zku z przyj\u0119ciem przez Rad\u0119 Miasta Poznania tzw. Europejskiej Karty R\u00f3wno\u015bci.<\/p>\n<p>W \u015bwietle opinii wielu pozna\u0144skich rodzin, organizacji pozarz\u0105dowych oraz ekspert\u00f3w w powa\u017cny spos\u00f3b ingeruje ona w konstytucyjne prawo rodzic\u00f3w do wychowania dzieci zgodnie ze swoimi przekonaniami. Takim s\u0142owom jak rodzina, r\u00f3wno\u015b\u0107 i tolerancja, nadaje nowe, zideologizowane znaczenie, kwestionuj\u0105c w ten spos\u00f3b fundamentaln\u0105 rol\u0119 rodziny dla \u017cycia spo\u0142ecznego i ingeruj\u0105c w niew\u0142a\u015bciwy spos\u00f3b w sfer\u0119 seksualno\u015bci cz\u0142owieka i jego rozw\u00f3j. Stanowi ideologiczn\u0105 ingerencj\u0119 w rozw\u00f3j ekonomiczny przedsi\u0119biorstw i mo\u017ce by\u0107 zagro\u017ceniem dla wolno\u015bci gospodarczej, poniewa\u017c promocja zatrudniania pracownik\u00f3w z powod\u00f3w innych ni\u017c kwalifikacje zawodowe stoi w sprzeczno\u015bci z praktyk\u0105 efektywnego zarz\u0105dzania. Dokument ten \u2013 poza godn\u0105 pochwa\u0142y wra\u017cliwo\u015bci\u0105 na kwesti\u0119 nier\u00f3wno\u015bci kobiet i m\u0119\u017cczyzn w \u017cyciu publicznym \u2013 praktycznie stwarza okazj\u0119 do promowania ideologii gender, a papie\u017c Franciszek uznaj\u0119 t\u0119 ideologi\u0119 za jeden z g\u0142\u00f3wnych przejaw\u00f3w z\u0142a we wsp\u00f3\u0142czesnym \u015bwiecie.<\/p>\n<p>Niepok\u00f3j budzi tak\u017ce fakt, i\u017c dokument, kt\u00f3ry ma regulowa\u0107 wszystkie obszary aktywno\u015bci miasta, zosta\u0142 przyj\u0119ty bez wystarczaj\u0105cych konsultacji spo\u0142ecznych i bez uwzgl\u0119dnienia g\u0142osu sprzeciwu tysi\u0119cy mieszka\u0144c\u00f3w Poznania. Prosz\u0119 wiernych Archidiecezji Pozna\u0144skiej o modlitw\u0119 w intencji naszego Miasta oraz wszystkich sprawuj\u0105cych w\u0142adz\u0119, aby ich dzia\u0142ania nie prowadzi\u0142y do kwestionowania Prawa Bo\u017cego.<\/p>\n<p><br \/>\u2020 Stanis\u0142aw G\u0105decki<br \/>Arcybiskup Metropolita Pozna\u0144ski<\/p>\n","protected":false},"excerpt":{"rendered":"<p>ARCYBISKUP METROPOLITA Pozna\u0144, dnia 14 lutego 2020 rokuPOZNA\u0143SKI N. 724\/2020 O\u015bwiadczenie w zwi\u0105zku z przyj\u0119ciem tzw. Europejskiej Karty R\u00f3wno\u015bci W duchu odpowiedzialno\u015bci za bezpiecze\u0144stwo rodzin, dzieci i m\u0142odzie\u017cy oraz w trosce o dobro przysz\u0142ych pokole\u0144 i rozw\u00f3j naszego regionu wyra\u017cam g\u0142\u0119boki niepok\u00f3j w zwi\u0105zku z przyj\u0119ciem przez Rad\u0119 Miasta Poznania tzw. Europejskiej Karty R\u00f3wno\u015bci. W &#8230; <span class=\"more\"><a class=\"more-link\" href=\"https:\/\/www.chnk.pl\/?p=2591\">czytaj wi\u0119cej<\/a><\/span><\/p>\n","protected":false},"author":3,"featured_media":0,"comment_status":"open","ping_status":"open","sticky":false,"template":"","format":"standard","meta":{"ngg_post_thumbnail":0,"footnotes":""},"categories":[1],"tags":[],"_links":{"self":[{"href":"https:\/\/www.chnk.pl\/index.php?rest_route=\/wp\/v2\/posts\/2591"}],"collection":[{"href":"https:\/\/www.chnk.pl\/index.php?rest_route=\/wp\/v2\/posts"}],"about":[{"href":"https:\/\/www.chnk.pl\/index.php?rest_route=\/wp\/v2\/types\/post"}],"author":[{"embeddable":true,"href":"https:\/\/www.chnk.pl\/index.php?rest_route=\/wp\/v2\/users\/3"}],"replies":[{"embeddable":true,"href":"https:\/\/www.chnk.pl\/index.php?rest_route=%2Fwp%2Fv2%2Fcomments&post=2591"}],"version-history":[{"count":1,"href":"https:\/\/www.chnk.pl\/index.php?rest_route=\/wp\/v2\/posts\/2591\/revisions"}],"predecessor-version":[{"id":2592,"href":"https:\/\/www.chnk.pl\/index.php?rest_route=\/wp\/v2\/posts\/2591\/revisions\/2592"}],"wp:attachment":[{"href":"https:\/\/www.chnk.pl\/index.php?rest_route=%2Fwp%2Fv2%2Fmedia&parent=2591"}],"wp:term":[{"taxonomy":"category","embeddable":true,"href":"https:\/\/www.chnk.pl\/index.php?rest_route=%2Fwp%2Fv2%2Fcategories&post=2591"},{"taxonomy":"post_tag","embeddable":true,"href":"https:\/\/www.chnk.pl\/index.php?rest_route=%2Fwp%2Fv2%2Ftags&post=2591"}],"curies":[{"name":"wp","href":"https:\/\/api.w.org\/{rel}","templated":true}]}}