{"id":2587,"date":"2020-02-08T15:48:54","date_gmt":"2020-02-08T15:48:54","guid":{"rendered":"http:\/\/www.chnk.pl\/?p=2587"},"modified":"2020-02-08T15:48:54","modified_gmt":"2020-02-08T15:48:54","slug":"5-niedziela-zwykla-3","status":"publish","type":"post","link":"https:\/\/www.chnk.pl\/?p=2587","title":{"rendered":"5 Niedziela Zwyk\u0142a"},"content":{"rendered":"\n<p>OG\u0141OSZENIA DUSZPASTERSKIE<br \/>NIEDZIELA V ZWYK\u0141A<br \/>9 lutego 2020 r.<br \/>1. Kalendarz liturgiczny:<br \/>poniedzia\u0142ek \u2013 \u015bw. Scholastyki<br \/>wtorek \u2013 Wspomnienie Matki Bo\u017cej z Lourdes,<br \/>pi\u0105tek &#8211; \u015bw. Cyryla mnicha i Metodego biskupa, patron\u00f3w Europy.<\/p>\n<p>2. W tym tygodniu dobieg\u0142y ko\u0144ca odwiedziny duszpasterskie w rodzinach. B\u00f3g zap\u0142a\u0107 Parafianom, kt\u00f3rzy przyjmuj\u0105c ksi\u0119dza w swoim domu podj\u0119li wsp\u00f3ln\u0105 modlitw\u0119 w rodzinie i okazali zainteresowanie \u017cyciem parafii.<\/p>\n<p>3. W zwi\u0105zku z zako\u0144czeniem kol\u0119dy msza \u015bw. w tygodniu o godz. 8.00 i 18.00. Biuro Parafialne czynne w poniedzia\u0142ek o godz. 16.00 do 17.30, w czwartek od 9.00 do 10.30 i w sobot\u0119 od godz. 19.00 do 20.00.<\/p>\n<p>4. B\u00f3g zap\u0142a\u0107 za pomoc w rozbieraniu choinek i uporz\u0105dkowaniu ko\u015bcio\u0142a, licznej w tym roku, grupie parafian.<\/p>\n<p>5. We wtorek wspomnienie liturgiczne Matki Bo\u017cej z Lourdes \u2013 \u015awiatowy Dzie\u0144 Chorego. Z tej okazji zapraszamy chorych, cierpi\u0105cych i pos\u0142uguj\u0105cych im, na uroczyst\u0105 Msz\u0119 \u015bw. z b\u0142ogos\u0142awie\u0144stwem na wz\u00f3r Lourdes, kt\u00f3r\u0105 odprawi Ksi\u0105dz Biskup Grzegorz Balcerek, w niedziel\u0119, 16 lutego o godz. 13.30 w ko\u015bciele Matki Boskiej Bolesnej w Poznaniu przy ul. G\u0142ogowskiej. Po Mszy \u015bw. odb\u0119dzie si\u0119 koncert w domu katolickim. W naszej parafii msza \u015bw. w intencji chorych z udzielaniem Sakramentu Chorych zostanie odprawiona w czasie rekolekcji wielkopostnych. Rekolekcje wielkopostne rozpoczn\u0105 si\u0119 w \u015arod\u0119 Popielcow\u0105 i potrwaj\u0105 do I Niedzieli Wielkiego Postu.<\/p>\n<p>6. Zach\u0119camy do si\u0119gania po pras\u0119 katolick\u0105. W Przewodniku Katolickim artyku\u0142y Chorzy nie id\u0105 sami oraz Kurcz\u0105ca si\u0119 Polska Jest Ma\u0142y Przewodnik Katolicki (dla dzieci), Nasza Droga (dwutygodnik dla m\u0142odzie\u017cy). Go\u015b\u0107 Niedzielny, Ziarno i gazetka parafialna.<\/p>\n<p>7. M\u00f3dlmy si\u0119 za zmar\u0142ych parafian. Za dusz\u0119 \u015bp. Barbary Czypickiej, os. Lecha 128. Wieczny odpoczynek racz zmar\u0142ym da\u0107 Panie.<\/p>\n","protected":false},"excerpt":{"rendered":"<p>OG\u0141OSZENIA DUSZPASTERSKIENIEDZIELA V ZWYK\u0141A9 lutego 2020 r.1. Kalendarz liturgiczny:poniedzia\u0142ek \u2013 \u015bw. Scholastykiwtorek \u2013 Wspomnienie Matki Bo\u017cej z Lourdes,pi\u0105tek &#8211; \u015bw. Cyryla mnicha i Metodego biskupa, patron\u00f3w Europy. 2. W tym tygodniu dobieg\u0142y ko\u0144ca odwiedziny duszpasterskie w rodzinach. B\u00f3g zap\u0142a\u0107 Parafianom, kt\u00f3rzy przyjmuj\u0105c ksi\u0119dza w swoim domu podj\u0119li wsp\u00f3ln\u0105 modlitw\u0119 w rodzinie i okazali zainteresowanie \u017cyciem &#8230; <span class=\"more\"><a class=\"more-link\" href=\"https:\/\/www.chnk.pl\/?p=2587\">czytaj wi\u0119cej<\/a><\/span><\/p>\n","protected":false},"author":3,"featured_media":0,"comment_status":"open","ping_status":"open","sticky":false,"template":"","format":"standard","meta":{"ngg_post_thumbnail":0,"footnotes":""},"categories":[1],"tags":[],"_links":{"self":[{"href":"https:\/\/www.chnk.pl\/index.php?rest_route=\/wp\/v2\/posts\/2587"}],"collection":[{"href":"https:\/\/www.chnk.pl\/index.php?rest_route=\/wp\/v2\/posts"}],"about":[{"href":"https:\/\/www.chnk.pl\/index.php?rest_route=\/wp\/v2\/types\/post"}],"author":[{"embeddable":true,"href":"https:\/\/www.chnk.pl\/index.php?rest_route=\/wp\/v2\/users\/3"}],"replies":[{"embeddable":true,"href":"https:\/\/www.chnk.pl\/index.php?rest_route=%2Fwp%2Fv2%2Fcomments&post=2587"}],"version-history":[{"count":1,"href":"https:\/\/www.chnk.pl\/index.php?rest_route=\/wp\/v2\/posts\/2587\/revisions"}],"predecessor-version":[{"id":2588,"href":"https:\/\/www.chnk.pl\/index.php?rest_route=\/wp\/v2\/posts\/2587\/revisions\/2588"}],"wp:attachment":[{"href":"https:\/\/www.chnk.pl\/index.php?rest_route=%2Fwp%2Fv2%2Fmedia&parent=2587"}],"wp:term":[{"taxonomy":"category","embeddable":true,"href":"https:\/\/www.chnk.pl\/index.php?rest_route=%2Fwp%2Fv2%2Fcategories&post=2587"},{"taxonomy":"post_tag","embeddable":true,"href":"https:\/\/www.chnk.pl\/index.php?rest_route=%2Fwp%2Fv2%2Ftags&post=2587"}],"curies":[{"name":"wp","href":"https:\/\/api.w.org\/{rel}","templated":true}]}}