{"id":2584,"date":"2020-02-01T16:26:41","date_gmt":"2020-02-01T16:26:41","guid":{"rendered":"http:\/\/www.chnk.pl\/?p=2584"},"modified":"2020-02-01T16:26:41","modified_gmt":"2020-02-01T16:26:41","slug":"4-niedziela-zwykla-3","status":"publish","type":"post","link":"https:\/\/www.chnk.pl\/?p=2584","title":{"rendered":"4 Niedziela Zwyk\u0142a"},"content":{"rendered":"\n<p>OG\u0141OSZENIA DUSZPASTERSKIE<br \/>NIEDZIELA IV ZWYK\u0141A<br \/>2 lutego 2020 r.<br \/>1. Kalendarz liturgiczny:<br \/>poniedzia\u0142ek \u2013 \u015bw. B\u0142a\u017ceja i \u015bw. Oskara,<br \/>\u015broda \u2013 \u015bw. Agaty,<br \/>czwartek \u2013 \u015bw. Paw\u0142a Miki i Towarzyszy m\u0119czennik\u00f3w,<br \/>sobota \u2013 \u015bw. Hieronima Emilianiego i \u015bw. J\u00f3zefiny Bakhity.<br \/>2. B\u0142ogos\u0142awie\u0144stwo \u015bw. B\u0142a\u017ceja w poniedzia\u0142ek na mszy \u015bw. o godz. 8.00.<br \/>3. Kol\u0119da &#8211; odwiedziny duszpasterskie w rodzinach. Na powiadomieniach o kol\u0119dzie podany jest orientacyjny czas przyj\u015bcia ksi\u0119dza. Woda \u015bwi\u0119cona przy chrzcielnicy.<br \/>poniedzia\u0142ek, 03.02. godz. 16.00 \u2013 wej\u015bcie 62, 63, 64<br \/>godz. 16.00 \u2013 wej\u015bcie 24, 25, 26 <br \/>wtorek, 04.02. godz. 16.00 \u2013 wej\u015bcie 65, 66 <br \/>godz. 16.00 \u2013 wej\u015bcie 27, 28, 29 <br \/>\u015broda, 05.02. godz. 16.00 \u2013 wej\u015bcie 30, 31 32<br \/>4. Prosimy o pomoc w rozebraniu choinek. Prosimy pan\u00f3w i panie w \u015brod\u0119, 5 lutego godz. o 18.00.<br \/>5. Zebranie r\u00f3\u017ca\u0144cowe w \u015brod\u0119 po mszy \u015bw. porannej.<br \/>6. W tym tygodniu: I czwartek i I pi\u0105tek miesi\u0105ca. Adoracja Naj\u015bwi\u0119tszego Sakramentu w czwartek od godz. 8.00 do 10.30. Miesi\u0119czna spowied\u017a \u015bw. dla klas: 4, 5, 6, 7, 8 i m\u0142odzie\u017cy w pi\u0105tek od godz. 15.00, msza \u015bw. pierwszopi\u0105tkowa o godz. 18.00. W pi\u0105tek odwiedziny chorych z sakramentami \u015bw. wed\u0142ug sta\u0142ego planu. Nowe zg\u0142oszenia w zakrystii.<br \/>7. \u201eR\u00f3\u017ca\u0144cowe Jerycho\u201d w ko\u015bciele Ojc\u00f3w Franciszkan\u00f3w na Wzg\u00f3rzu Przemys\u0142a rozpocznie si\u0119 2 lutego o godz. 12.30, a zako\u0144czy 9 lutego o godz.12.30. Przed wizerunkiem Matki Bo\u017cej w Cudy Wielmo\u017cnej, Pani Poznania, podejmujemy ca\u0142odobow\u0105 (dzie\u0144 i noc) modlitw\u0119 r\u00f3\u017ca\u0144cow\u0105 w intencji rodzin, Ko\u015bcio\u0142a i Ojczyzny. Mo\u017cna si\u0119 w\u0142\u0105czy\u0107 o ka\u017cdej godzinie. Wsp\u00f3lnoty r\u00f3\u017ca\u0144cowe z naszej parafii podejmuj\u0105 modlitw\u0119 w Sanktuarium w sobot\u0119, 8 lutego, w godz. od 4.00 do 6.00.<br \/>8. Archidiecezja Pozna\u0144ska organizuje pielgrzymk\u0119 do Rzymu w dniach od 13 do 20 maja 2020 r. dla uczczenia setnej rocznicy urodzin \u015bw. Jana Paw\u0142a II. Przewidziana jest msza \u015bw. z papie\u017cem Franciszkiem. Szczeg\u00f3\u0142y na stronie internetowej Archidiecezji Pozna\u0144skiej.<br \/>9. Parafia organizuje wyjazd dla m\u0142odzie\u017cy od 14 roku \u017cycia na Spotkanie M\u0142odych na \u015awi\u0119t\u0105 G\u00f3r\u0119 k. Gostynia w dniach od 30.06. \u2013 4.07. Koszt 180 z\u0142. Noclegi pod namiotami. Parafia organizuje r\u00f3wnie\u017c wyjazd dla dzieci i m\u0142odzie\u017cy ze szko\u0142y podstawowej w dniach 17-21 sierpnia. Miejsce: O\u015brodek Caritas w Ostrowcu k. Wa\u0142cza: www.ostrowiec.caritas.pl. Koszt ok. 350-400 z\u0142. Pokoje z \u0142azienkami. Posi\u0142ki: \u015bniadanie, obiad, podwieczorek, kolacja. O\u015brodek ma strze\u017con\u0105 pla\u017c\u0119 z ratownikiem; du\u017cy teren zieleni; boiska sportowe. Szczeg\u00f3\u0142y i zapisy w zakrystii u ks. wikariusza.<br \/>10. Zach\u0119camy do czytania prasy religijnej. W najnowszym numerze \u201ePrzewodnika Katolickiego\u201d artyku\u0142y o \u017cyciu konsekrowanym. Go\u015b\u0107 Niedzielny, Egzorcysta, dla dzieci \u201eZiarno\u201d, Ola i Ja\u015b, Nasza Droga (dwutygodnik dla m\u0142odzie\u017cy) Ma\u0142y przewodnik Katolicki. Prasa katolicka jest wiarygodnym \u017ar\u00f3d\u0142em wiedzy o \u017cyciu i nauczaniu Ko\u015bcio\u0142a.<br \/>11. B\u00f3g zap\u0142a\u0107 za ofiary sk\u0142adane na doposa\u017canie naszego ko\u015bcio\u0142a.<\/p>\n","protected":false},"excerpt":{"rendered":"<p>OG\u0141OSZENIA DUSZPASTERSKIENIEDZIELA IV ZWYK\u0141A2 lutego 2020 r.1. Kalendarz liturgiczny:poniedzia\u0142ek \u2013 \u015bw. B\u0142a\u017ceja i \u015bw. Oskara,\u015broda \u2013 \u015bw. Agaty,czwartek \u2013 \u015bw. Paw\u0142a Miki i Towarzyszy m\u0119czennik\u00f3w,sobota \u2013 \u015bw. Hieronima Emilianiego i \u015bw. J\u00f3zefiny Bakhity.2. B\u0142ogos\u0142awie\u0144stwo \u015bw. B\u0142a\u017ceja w poniedzia\u0142ek na mszy \u015bw. o godz. 8.00.3. Kol\u0119da &#8211; odwiedziny duszpasterskie w rodzinach. Na powiadomieniach o kol\u0119dzie podany &#8230; <span class=\"more\"><a class=\"more-link\" href=\"https:\/\/www.chnk.pl\/?p=2584\">czytaj wi\u0119cej<\/a><\/span><\/p>\n","protected":false},"author":3,"featured_media":0,"comment_status":"open","ping_status":"open","sticky":false,"template":"","format":"standard","meta":{"ngg_post_thumbnail":0,"footnotes":""},"categories":[1],"tags":[],"_links":{"self":[{"href":"https:\/\/www.chnk.pl\/index.php?rest_route=\/wp\/v2\/posts\/2584"}],"collection":[{"href":"https:\/\/www.chnk.pl\/index.php?rest_route=\/wp\/v2\/posts"}],"about":[{"href":"https:\/\/www.chnk.pl\/index.php?rest_route=\/wp\/v2\/types\/post"}],"author":[{"embeddable":true,"href":"https:\/\/www.chnk.pl\/index.php?rest_route=\/wp\/v2\/users\/3"}],"replies":[{"embeddable":true,"href":"https:\/\/www.chnk.pl\/index.php?rest_route=%2Fwp%2Fv2%2Fcomments&post=2584"}],"version-history":[{"count":1,"href":"https:\/\/www.chnk.pl\/index.php?rest_route=\/wp\/v2\/posts\/2584\/revisions"}],"predecessor-version":[{"id":2585,"href":"https:\/\/www.chnk.pl\/index.php?rest_route=\/wp\/v2\/posts\/2584\/revisions\/2585"}],"wp:attachment":[{"href":"https:\/\/www.chnk.pl\/index.php?rest_route=%2Fwp%2Fv2%2Fmedia&parent=2584"}],"wp:term":[{"taxonomy":"category","embeddable":true,"href":"https:\/\/www.chnk.pl\/index.php?rest_route=%2Fwp%2Fv2%2Fcategories&post=2584"},{"taxonomy":"post_tag","embeddable":true,"href":"https:\/\/www.chnk.pl\/index.php?rest_route=%2Fwp%2Fv2%2Ftags&post=2584"}],"curies":[{"name":"wp","href":"https:\/\/api.w.org\/{rel}","templated":true}]}}