{"id":2582,"date":"2020-02-01T16:24:40","date_gmt":"2020-02-01T16:24:40","guid":{"rendered":"http:\/\/www.chnk.pl\/?p=2582"},"modified":"2020-02-01T16:24:40","modified_gmt":"2020-02-01T16:24:40","slug":"pielgrzymka-do-rzymu","status":"publish","type":"post","link":"https:\/\/www.chnk.pl\/?p=2582","title":{"rendered":"Pielgrzymka do Rzymu"},"content":{"rendered":"\n<p>ARCHIDIECEZJALNA PIELGRZYMKA DO RZYMU<br \/>W DNIACH 13. \u2013 20.05.2020 ROKU<\/p>\n<p><br \/>Podstawowe informacje<br \/>1. Termin od 13 (wylot i przylot z Poznania) do 20 maja 2020 roku. <br \/>2. Cena 650 euro + 1.650 z\u0142 dla grupy licz\u0105cej 20-24 os\u00f3b; 600 euro + 1.600 z\u0142 dla grupy licz\u0105cej 25-29 os\u00f3b; 570 euro + 1.550 z\u0142 dla grupy licz\u0105cej 30-34 os\u00f3b; 540 euro + 1.500 z\u0142 dla grupy licz\u0105cej 35-39 i 520 euro + 1500 z\u0142 dla grupy minimum 40 os\u00f3b. <br \/>W tej cenie s\u0105 wliczone:<br \/>&#8211; przelot samolotem na trasie Pozna\u0144 \u2013 Rzym &#8211; Pozna\u0144<br \/>&#8211; 7 nocleg\u00f3w w hotelu 3* (pokoje 2-osobowe; dop\u0142ata do 1-osobowego 150 EUR)<br \/>&#8211; 2 posi\u0142ki dziennie (\u015bniadanie, obiadokolacja)<br \/>&#8211; transfery autokarem wg programu 1-ego, 3-ego, 7-ego, 8-ego dnia<br \/>&#8211; tygodniowy bilet na komunikacj\u0119 miejsk\u0105<br \/>&#8211; opiek\u0119 pilota<br \/>&#8211; sk\u0142adk\u0119 na Turystyczny Fundusz Gwarancyjny <br \/>&#8211; ubezpieczenie KL i NNW (zawiera ubezpieczenie od chor\u00f3b przewlek\u0142ych)<br \/>Cena nie zawiera bilet\u00f3w wst\u0119pu do zwiedzanych obiekt\u00f3w oraz przewodnik\u00f3w lokalnych (\u0142\u0105cznie do dop\u0142aty pilotowi na miejscu 130 Euro).<br \/>3. Zg\u0142oszenia na pielgrzymk\u0119 mo\u017cna dokona\u0107 w Kurii Metropolitalnej u Ksi\u0119dza Kanclerza tel. 61\/851-28-00 lub 601-772-833. <br \/>Ze wzgl\u0119du na rezerwacj\u0119 hotelu w centrum Rzymu prosimy o zg\u0142oszenia do ko\u0144ca listopada 2019 r.<br \/>4. Przy zg\u0142oszeniu trzeba poda\u0107 nast\u0119puj\u0105ce dane:<br \/>\uf02d imi\u0119 i nazwisko oraz data i miejsce urodzenia<br \/>\uf02d adres zamieszkania z kodem pocztowym<br \/>\uf02d numer i seria dowodu to\u017csamo\u015bci oraz data wydania i wa\u017cno\u015bci<br \/>\uf02d telefon kontaktowy i wp\u0142ata 1.000 z\u0142<br \/>5. Pielgrzymk\u0119 obs\u0142uguje Biuro Pielgrzymkowo-Turystyczne Ad Astra z Ornontowic. <br \/>6. Informacja o pielgrzymce dost\u0119pna jest na stronie Archidiecezji www.archpoznan.pl. w zak\u0142adce Duszpasterstwo \u2013 pielgrzymki.<\/p>\n<p><br \/>PROGRAM<\/p>\n<p><br \/><br \/>I DZIE\u0143 \u2013 POZNA\u0143 \u2013 RZYM <br \/>Przelot na trasie Pozna\u0144 \u2013 Rzym. Zakwaterowanie. Obiadokolacja. Nocleg.<\/p>\n<p>II DZIE\u0143 \u2013 RZYM <br \/>\u015aniadanie. Bazylika \u015bw. Piotra (modlitwa przy relikwiach \u015bw. Jana Paw\u0142a II), Groty Watyka\u0144skie. Via Appia Antica \u2013 Katakumby \u015bw. Kaliksta \u2013 kompleks podziemnej nekropolii oraz ko\u015bci\u00f3\u0142 Quo Vadis. Opactwo Tre Fontane w miejscu m\u0119cze\u0144skiej \u015bmierci \u015bw. Paw\u0142a. Bazylika \u015bw. Paw\u0142a za Murami. Zatybrze \u2013 Bazylika Santa Maria in Trastevere \u2013 ko\u015bci\u00f3\u0142 tytularny kard. Wyszy\u0144skiego i kard. Glempa, z grobem kard. Hozjusza; Bazylika Santa Cecilia in Trastevere \u2013 roma\u0144ska \u015bwi\u0105tynia z grobem \u015bw. Cecylii. Obiadokolacja. Obiadokolacja. Nocleg.<br \/><br \/>III DZIE\u0143 \u2013 OSTIA <br \/>\u015aniadanie. Ostia Antyczna \u2013 ruiny rzymskiego miasta portowego; antyczna ulica Decumanus Maximus, brama miejska Porta Romana, kompleks \u0142a\u017ani cesarskich, dawne magazyny portowe, teatr, forum ze \u015bwi\u0105tyni\u0105 Augusta, Casa di Diana \u2013 antyczny dom z dziedzi\u0144cem i zespo\u0142em licznych sal, Termopilum \u2013 antyczna kawiarnia z zachowanymi malowid\u0142ami \u015bciennymi. Po po\u0142udniu wypoczynek nad Morzem Tyrre\u0144skim. Obiadokolacja. Nocleg.<\/p>\n<p>IV DZIE\u0143 \u2013 RZYM<br \/>\u015aniadanie. Muzeum Kapitoli\u0144skie \u2013 najstarsze muzeum \u015bwiata \u2013 kolekcja rze\u017ab z wilczyc\u0105 kapitoli\u0144sk\u0105, konaj\u0105cym Goliatem i pos\u0105giem konnym Marka Aureliusza; pinakoteka z dzie\u0142ami Caravaggia oraz kolekcja etruskiej i greckiej ceramiki. Spacer po Rzymie barokowym \u2013 Plac Navona, Fontanna di Trevi, Schody Hiszpa\u0144skie. Bazylika Matki Bo\u017cej Wi\u0119kszej. Obiadokolacja. Nocleg.<\/p>\n<p><br \/>V DZIE\u0143 \u2013 RZYM <br \/>\u015aniadanie. Modlitwa Anio\u0142 Pa\u0144ski z Ojcem \u015awi\u0119tym (zale\u017cne od obecno\u015bci Ojca \u015aw. w Watykanie). Villa Borghese \u2013 zesp\u00f3\u0142 parkowy za\u0142o\u017cony z woli kard. Scipona Borghese z kolekcj\u0105 sztuki Berniniego i kolekcj\u0105 obraz\u00f3w m.in. Tycjana, Rafaela i Caravaggia. Kwiryna\u0142 \u2013 wzg\u00f3rze rezydencji prezydenta Republiki W\u0142oskiej; ko\u015bci\u00f3\u0142 \u015bw. Andrzeja z grobem \u015bw. Stanis\u0142awa Kostki. Piazza Republica \u2013 ko\u015bci\u00f3\u0142 Santa Maria degli Angeli, zbudowany przy wykorzystaniu cz\u0119\u015bci dawnych term cesarza Dioklecjana. Obiadokolacja. Nocleg.<\/p>\n<p>VI DZIE\u0143 \u2013 RZYM <br \/>\u015aniadanie. Uczestnictwo w uroczystej Mszy \u015aw. z okazji 100 rocznicy Urodzin \u015bw. Jana Paw\u0142a II. Koloseum, Palatyn \u2013 ruiny pa\u0142acu Oktawiana Augusta, Forum Romanum, Kapitol, Plac Wenecki, Bazylika \u015bw. Jana na Lateranie oraz \u015awi\u0119te Schody i wczesnochrze\u015bcija\u0144skie baptysterium, Bazylika \u015bw. Krzy\u017ca Jerozolimskiego. Bazylika \u015bw. Klemensa Rzymskiego \u2013 \u015bwi\u0105tynia z XII wieku stoj\u0105ca na pozosta\u0142o\u015bciach bazyliki wczesnochrze\u015bcija\u0144skiej, poga\u0144skiej \u015bwi\u0105tyni boga Mitry i dom\u00f3w rzymskich z czas\u00f3w Nerona. Obiadokolacja. Nocleg.<\/p>\n<p>VII DZIE\u0143 \u2013 TIVOLI \u2013 OSTIA <br \/>\u015aniadanie. Willa d\u2019Este \u2013 rezydencja ksi\u0105\u017c\u0119cej rodziny d\u2019Este, kt\u00f3rej ogr\u00f3d sta\u0142 si\u0119 inspiracj\u0105 dla wielu park\u00f3w Europy. Geometryczna kompozycja ogrod\u00f3w w po\u0142\u0105czeniu z parkiem wodnym, baseny, groty, fontanny. Po po\u0142udniu czas wolny nad Morzem Tyrre\u0144skim. Obiadokolacja. Nocleg.<\/p>\n<p>VIII DZIE\u0143 \u2013 RZYM \u2013 POZNA\u0143 <br \/>\u015aniadanie. Audiencja Generalna z Ojcem \u015awi\u0119tym (zale\u017cne od obecno\u015bci Ojca \u015aw. w Watykanie). Czas wolny na Watykanie. Przejazd na lotnisko. Przelot na trasie Rzym \u2013 Pozna\u0144. <\/p>\n","protected":false},"excerpt":{"rendered":"<p>ARCHIDIECEZJALNA PIELGRZYMKA DO RZYMUW DNIACH 13. \u2013 20.05.2020 ROKU Podstawowe informacje1. Termin od 13 (wylot i przylot z Poznania) do 20 maja 2020 roku. 2. Cena 650 euro + 1.650 z\u0142 dla grupy licz\u0105cej 20-24 os\u00f3b; 600 euro + 1.600 z\u0142 dla grupy licz\u0105cej 25-29 os\u00f3b; 570 euro + 1.550 z\u0142 dla grupy licz\u0105cej 30-34 &#8230; <span class=\"more\"><a class=\"more-link\" href=\"https:\/\/www.chnk.pl\/?p=2582\">czytaj wi\u0119cej<\/a><\/span><\/p>\n","protected":false},"author":3,"featured_media":0,"comment_status":"open","ping_status":"open","sticky":false,"template":"","format":"standard","meta":{"ngg_post_thumbnail":0,"footnotes":""},"categories":[1],"tags":[],"_links":{"self":[{"href":"https:\/\/www.chnk.pl\/index.php?rest_route=\/wp\/v2\/posts\/2582"}],"collection":[{"href":"https:\/\/www.chnk.pl\/index.php?rest_route=\/wp\/v2\/posts"}],"about":[{"href":"https:\/\/www.chnk.pl\/index.php?rest_route=\/wp\/v2\/types\/post"}],"author":[{"embeddable":true,"href":"https:\/\/www.chnk.pl\/index.php?rest_route=\/wp\/v2\/users\/3"}],"replies":[{"embeddable":true,"href":"https:\/\/www.chnk.pl\/index.php?rest_route=%2Fwp%2Fv2%2Fcomments&post=2582"}],"version-history":[{"count":1,"href":"https:\/\/www.chnk.pl\/index.php?rest_route=\/wp\/v2\/posts\/2582\/revisions"}],"predecessor-version":[{"id":2583,"href":"https:\/\/www.chnk.pl\/index.php?rest_route=\/wp\/v2\/posts\/2582\/revisions\/2583"}],"wp:attachment":[{"href":"https:\/\/www.chnk.pl\/index.php?rest_route=%2Fwp%2Fv2%2Fmedia&parent=2582"}],"wp:term":[{"taxonomy":"category","embeddable":true,"href":"https:\/\/www.chnk.pl\/index.php?rest_route=%2Fwp%2Fv2%2Fcategories&post=2582"},{"taxonomy":"post_tag","embeddable":true,"href":"https:\/\/www.chnk.pl\/index.php?rest_route=%2Fwp%2Fv2%2Ftags&post=2582"}],"curies":[{"name":"wp","href":"https:\/\/api.w.org\/{rel}","templated":true}]}}