{"id":2577,"date":"2020-01-25T18:12:49","date_gmt":"2020-01-25T18:12:49","guid":{"rendered":"http:\/\/www.chnk.pl\/?p=2577"},"modified":"2020-01-25T18:12:49","modified_gmt":"2020-01-25T18:12:49","slug":"3-niedziela-zwykla-3","status":"publish","type":"post","link":"https:\/\/www.chnk.pl\/?p=2577","title":{"rendered":"3 Niedziela Zwyk\u0142a"},"content":{"rendered":"\n<p>OG\u0141OSZENIA DUSZPASTERSKIE<br \/>NIEDZIELA III ZWYK\u0141A<br \/>26 stycznia 2020 r.<br \/>1. Od poniedzia\u0142ku do pi\u0105tku msza \u015bw. tylko o godz. 8.00.<br \/>2. Kol\u0119da &#8211; odwiedziny duszpasterskie w rodzinach. Na powiadomieniach o kol\u0119dzie podany jest orientacyjny czas przyj\u015bcia ksi\u0119dza. Woda \u015bwi\u0119cona przy chrzcielnicy.<br \/>poniedzia\u0142ek, 27.01. godz. 16.00 \u2013 wej\u015bcie 47, 48, 49 i godz. 16.00 \u2013 blok 39 m. 97-128 <br \/>wtorek, 28.01. godz. 16.00 \u2013 wej\u015bcie 50, 51, 52 i godz. 16.00 \u2013 wej\u015bcie 2, 3, 4 <br \/>\u015broda, 29.01. godz. 16.00 \u2013 wej\u015bcie 53, 54, 55 i godz. 16.00 \u2013 wej\u015bcie 5, 6, 7 <br \/>czwartek, 30.01. godz. 16.00 \u2013 wej\u015bcie 56, 57, 58 i godz. 16.00 \u2013 wej\u015bcie 8, 9, 10 <br \/>pi\u0105tek, 31.01. godz. 16.00 \u2013 wej\u015bcie 59, 60, 61 i godz. 16.00 \u2013 wej\u015bcie 11, 12, 13 <br \/>sobota, 01.02. godz. 16.00 \u2013 wej\u015bcie 21, 22, 23 <br \/>poniedzia\u0142ek, 03.02. godz. 16.00 \u2013 wej\u015bcie 62, 63, 64 i godz. 16.00 \u2013 wej\u015bcie 24, 25, 26 <br \/>wtorek, 04.02. godz. 16.00 \u2013 wej\u015bcie 65, 66 i godz. 16.00 \u2013 wej\u015bcie 27, 28, 29 <br \/>\u015broda, 05.02. godz. 16.00 \u2013 wej\u015bcie 30, 31 32<br \/>W czasie kol\u0119dy Biuro Parafialne: w poniedzia\u0142ek nieczynne, w czwartek i w sobot\u0119 bez zmian. Sprawy pilne prosimy za\u0142atwia\u0107 w dni kol\u0119dowe od godz. 15.00 do 15.30. <br \/>3. W niedziel\u0119, 2 lutego, \u015bwi\u0119to Ofiarowania Pa\u0144skiego (Matki Bo\u017cej Gromnicznej) obchodzone jako Dzie\u0144 \u017bycia Konsekrowanego. Po\u015bwi\u0119cenie gromnic na ka\u017cdej mszy \u015bw. Dzieci pierwszokomunijne zapraszamy na godz. 11.15. Przed ko\u015bcio\u0142em kwesta na zakony klauzurowe. Wdzi\u0119czni za modlitw\u0119 zakon\u00f3w klauzurowych, czujemy obowi\u0105zek zapewnienia im pomocy.<br \/>4. Spotkanie dzieci pierwszokomunijnych przed po\u015bwi\u0119ceniem \u015bwiecy komunijnej, w sobot\u0119, 1 lutego, o godz. 10.30, w salce parafialnej. W tym samym czasie, w drugiej salce, spotkanie katechetyczne dla rodzic\u00f3w tych dzieci.<br \/>5. W tym tygodniu: I sobota miesi\u0105ca. R\u00f3\u017caniec i nabo\u017ce\u0144stwo fatimskie o godz. 7.15. Zapraszamy do podj\u0119cia nabo\u017ce\u0144stwa pierwszych sob\u00f3t miesi\u0105ca o kt\u00f3re prosi\u0142a Matka Bo\u017ca w Fatimie. Spotkanie dla wsp\u00f3lnoty ma\u0142\u017ce\u0144stw w sobot\u0119 o godz. 19.15 w kaplicy. Dzielimy si\u0119 S\u0142owem Bo\u017cym. Do wsp\u00f3lnoty zapraszamy rodziny, dzieci maj\u0105 opiek\u0119.<br \/>6. \u201eR\u00f3\u017ca\u0144cowe Jerycho\u201d w ko\u015bciele Ojc\u00f3w Franciszkan\u00f3w na Wzg\u00f3rzu Przemys\u0142a rozpocznie si\u0119 2 lutego o godz. 1200, a zako\u0144czy 9 lutego o godz.1200. Przed wizerunkiem Matki Bo\u017cej w Cudy Wielmo\u017cnej, Pani Poznania, podejmujemy ca\u0142odobow\u0105 (dzie\u0144 i noc) modlitw\u0119 r\u00f3\u017ca\u0144cow\u0105 w intencji rodzin, Ko\u015bcio\u0142a i Ojczyzny.<br \/>7. B\u00f3g zap\u0142a\u0107 za ofiary na doposa\u017canie naszego ko\u015bcio\u0142a. Parafian z blok\u00f3w u kt\u00f3rych nie b\u0119dzie kol\u0119dy, prosimy o zabranie z kaplicy zielonej kartki z pro\u015bb\u0105 o ofiar\u0119 kol\u0119dow\u0105.<br \/>8. Parafia organizuje wyjazd dla m\u0142odzie\u017cy od 14 roku \u017cycia na Spotkanie M\u0142odych na \u015awi\u0119t\u0105 G\u00f3r\u0119 k. Gostynia w dniach od 30.06. \u2013 4.07. Koszt 180 z\u0142. Noclegi pod namiotami. Parafia organizuje r\u00f3wnie\u017c wyjazd dla dzieci i m\u0142odzie\u017cy ze szko\u0142y podstawowej w dniach 17-21 sierpnia. Miejsce: O\u015brodek Caritas w Ostrowcu k. Wa\u0142cza: www.ostrowiec.caritas.pl. Koszt ok. 350-400 z\u0142. Pokoje z \u0142azienkami. Posi\u0142ki: \u015bniadanie, obiad, podwieczorek, kolacja. O\u015brodek ma strze\u017con\u0105 pla\u017c\u0119 z ratownikiem; du\u017cy teren zieleni; boiska sportowe. Zapisy w zakrystii u ks. wikariusza.<br \/>9. Zach\u0119camy do czytania prasy religijnej: Przewodnik Katolicki z modlitewnikiem na luty, Ma\u0142y Przewodnik Katolicki, Ziarno, Go\u015b\u0107 Niedzielny, gazetka parafialna. Zapraszamy dzieci do wype\u0142niania zada\u0144 z Ziarna.<br \/>10. Dzisiaj przed ko\u015bcio\u0142em mo\u017cliwo\u015b\u0107 z\u0142o\u017cenia ofiary na diecezjalne radio EMAUS.<\/p>\n","protected":false},"excerpt":{"rendered":"<p>OG\u0141OSZENIA DUSZPASTERSKIENIEDZIELA III ZWYK\u0141A26 stycznia 2020 r.1. Od poniedzia\u0142ku do pi\u0105tku msza \u015bw. tylko o godz. 8.00.2. Kol\u0119da &#8211; odwiedziny duszpasterskie w rodzinach. Na powiadomieniach o kol\u0119dzie podany jest orientacyjny czas przyj\u015bcia ksi\u0119dza. Woda \u015bwi\u0119cona przy chrzcielnicy.poniedzia\u0142ek, 27.01. godz. 16.00 \u2013 wej\u015bcie 47, 48, 49 i godz. 16.00 \u2013 blok 39 m. 97-128 wtorek, 28.01. &#8230; <span class=\"more\"><a class=\"more-link\" href=\"https:\/\/www.chnk.pl\/?p=2577\">czytaj wi\u0119cej<\/a><\/span><\/p>\n","protected":false},"author":3,"featured_media":0,"comment_status":"open","ping_status":"open","sticky":false,"template":"","format":"standard","meta":{"ngg_post_thumbnail":0,"footnotes":""},"categories":[1],"tags":[],"_links":{"self":[{"href":"https:\/\/www.chnk.pl\/index.php?rest_route=\/wp\/v2\/posts\/2577"}],"collection":[{"href":"https:\/\/www.chnk.pl\/index.php?rest_route=\/wp\/v2\/posts"}],"about":[{"href":"https:\/\/www.chnk.pl\/index.php?rest_route=\/wp\/v2\/types\/post"}],"author":[{"embeddable":true,"href":"https:\/\/www.chnk.pl\/index.php?rest_route=\/wp\/v2\/users\/3"}],"replies":[{"embeddable":true,"href":"https:\/\/www.chnk.pl\/index.php?rest_route=%2Fwp%2Fv2%2Fcomments&post=2577"}],"version-history":[{"count":2,"href":"https:\/\/www.chnk.pl\/index.php?rest_route=\/wp\/v2\/posts\/2577\/revisions"}],"predecessor-version":[{"id":2579,"href":"https:\/\/www.chnk.pl\/index.php?rest_route=\/wp\/v2\/posts\/2577\/revisions\/2579"}],"wp:attachment":[{"href":"https:\/\/www.chnk.pl\/index.php?rest_route=%2Fwp%2Fv2%2Fmedia&parent=2577"}],"wp:term":[{"taxonomy":"category","embeddable":true,"href":"https:\/\/www.chnk.pl\/index.php?rest_route=%2Fwp%2Fv2%2Fcategories&post=2577"},{"taxonomy":"post_tag","embeddable":true,"href":"https:\/\/www.chnk.pl\/index.php?rest_route=%2Fwp%2Fv2%2Ftags&post=2577"}],"curies":[{"name":"wp","href":"https:\/\/api.w.org\/{rel}","templated":true}]}}