{"id":2574,"date":"2020-01-18T16:25:52","date_gmt":"2020-01-18T16:25:52","guid":{"rendered":"http:\/\/www.chnk.pl\/?p=2574"},"modified":"2020-01-18T16:25:52","modified_gmt":"2020-01-18T16:25:52","slug":"2-niedziela-zwykla-4","status":"publish","type":"post","link":"https:\/\/www.chnk.pl\/?p=2574","title":{"rendered":"2 Niedziela Zwyk\u0142a"},"content":{"rendered":"\n<p>OG\u0141OSZENIA DUSZPASTERSKIE<br \/>NIEDZIELA II ZWYK\u0141A<br \/>19 stycznia 2020 r.<br \/>1. Do 25 stycznia, trwa Tydzie\u0144 Ekumeniczny. Zach\u0119camy do udzia\u0142u w nabo\u017ce\u0144stwach, kt\u00f3re odbywaj\u0105 si\u0119 w \u015bwi\u0105tyniach Ko\u015bcio\u0142\u00f3w r\u00f3\u017cnych wyzna\u0144. Program na tablicy.<br \/>2. Msza \u015bw. w tygodniu: od poniedzia\u0142ku do pi\u0105tku o godz. 8.00, w sobot\u0119 o godz. 8.00 i 18.00. We wtorek spotkanie katechetyczne dla doros\u0142ych w salce, po rannej mszy \u015bw. <br \/>3. W czwartek o godz. 17.00, w salce, wydawanie \u017cywno\u015bci dla potrzebuj\u0105cych.<br \/>4. Kol\u0119da &#8211; odwiedziny duszpasterskie w rodzinach. Woda \u015bwi\u0119cona przy chrzcielnicy.<br \/>poniedzia\u0142ek, 20.01. godz. 16.00 \u2013 wej\u015bcie 20 m. 1-39 <br \/>wtorek, 21.01. godz. 16.00 \u2013 blok 40, m. 1-42 <br \/>godz. 16.00 \u2013 wej\u015bcie 20, m. 40-77 <br \/>\u015broda, 22.01. godz. 16.00 \u2013 blok 40, m. 43-81 <br \/>godz. 16.00 \u2013 blok 39, m. 1-32 <br \/>czwartek, 23.01. godz. 16.00 \u2013 blok 40, m. 82-128 <br \/>godz. 16.00 \u2013 blok 39, m. 33-64 <br \/>pi\u0105tek, 24.01. godz. 16.00 \u2013 wej\u015bcie 33, 34, 35<br \/>godz. 16.00 \u2013 blok 39, m. 65-96 <br \/>niedziela, 26.01. godz. 16.00 \u2013 wej\u015bcie 36, 45, 46<br \/>poniedzia\u0142ek, 27.01. godz. 16.00 \u2013 wej\u015bcie 47, 48, 49<br \/>godz. 16.00 \u2013 blok 39, m. 97-128 <br \/>wtorek, 28.01. godz. 16.00 \u2013 wej\u015bcie 50, 51, 52<br \/>godz. 16.00 \u2013 wej\u015bcie 2, 3, 4 <br \/>Biuro Parafialne w poniedzia\u0142ek nieczynne, w czwartek i w sobot\u0119 bez zmian. Sprawy pilne w dni kol\u0119dowe od godz. 15.00 do 15.30. Spowied\u017a \u015bw. p\u00f3\u0142 godziny przed porann\u0105 Msz\u0105 \u015bw. i w sobot\u0119 od godz. 16.00 do 18.00. <br \/>5. B\u00f3g zap\u0142a\u0107 za koncert kol\u0119dowy zorganizowany przez Parafian w ubieg\u0142\u0105 niedziel\u0119. Podzi\u0119kowania samym ch\u00f3rzystom: dzieciom, m\u0142odzie\u017cy, rodzicom i babciom, technikom, akustykom, parafianom i go\u015bciom za obecno\u015b\u0107 i wsp\u00f3lne uczczenie Narodzenia Pa\u0144skiego.<br \/>6. Uroczysto\u015b\u0107 odpustowa w Parafii na os. Piastowskim, w sobot\u0119, suma o godz. 11.00.<br \/>7. Z okazji Dnia Babci i Dziadka, we wtorek 21 stycznia br., o godz. 18:00 w Katedrze, nabo\u017ce\u0144stwo s\u0142owa i kol\u0119dowanie, kt\u00f3remu b\u0119dzie przewodniczy\u0142 Ks. Bp Szymon Stu\u0142kowski. Dzieci z Szamotu\u0142 dadz\u0105 koncert kol\u0119d. Zapraszamy Babcie i Dziadk\u00f3w z wnukami.<br \/>8. B\u00f3g zap\u0142a\u0107 za ofiary z\u0142o\u017cone na budow\u0119 naszego ko\u015bcio\u0142a. Parafian z blok\u00f3w u kt\u00f3rych nie b\u0119dzie kol\u0119dy, prosimy o zabranie z bocznej kaplicy zielonej kartki z pro\u015bb\u0105 o ofiar\u0119 kol\u0119dow\u0105 na dalsze prace w ko\u015bciele.<br \/>9. Parafia organizuje wyjazd dla m\u0142odzie\u017cy od 14. do 30. roku \u017cycia na Spotkanie M\u0142odych Paradiso na \u015awi\u0119t\u0105 G\u00f3r\u0119 k. Gostynia w dniach od 30.06. \u2013 4.07. Koszt 180 z\u0142. Noclegi pod namiotami. Parafia organizuje r\u00f3wnie\u017c wyjazd dla dzieci i m\u0142odzie\u017cy ze szko\u0142y podstawowej w dniach 17-21 sierpnia. Miejsce: O\u015brodek Caritas w Ostrowcu k. Wa\u0142cza: www.ostrowiec.caritas.pl. Koszt ok. 350 z\u0142. Pokoje z \u0142azienkami. Posi\u0142ki: \u015bniadanie, dwudaniowy obiad, podwieczorek, kolacja. O\u015brodek ma strze\u017con\u0105 pla\u017c\u0119 pod opiek\u0105 ratownika; du\u017cy teren zieleni; boiska do pi\u0142ki no\u017cnej i siatk\u00f3wki. Zapisy w zakrystii u ks. wikariusza.<br \/>10. M\u00f3dlmy si\u0119 za zmar\u0142ych parafian. Za dusz\u0119 \u015bp. Anny Grejtowicz, os. Lecha 64, (msza \u015bw. pogrzebowa w G\u0142uszynie, w poniedzia\u0142ek o godz. 13.00.) i za dusz\u0119 \u015bp. Marii Adamskiej, os. Lecha 116 (msza \u015bw. pogrzebowa w \u015brod\u0119 o godz. 10.00). Wieczny odpoczynek racz zmar\u0142ym da\u0107 Panie.<\/p>\n","protected":false},"excerpt":{"rendered":"<p>OG\u0141OSZENIA DUSZPASTERSKIENIEDZIELA II ZWYK\u0141A19 stycznia 2020 r.1. Do 25 stycznia, trwa Tydzie\u0144 Ekumeniczny. Zach\u0119camy do udzia\u0142u w nabo\u017ce\u0144stwach, kt\u00f3re odbywaj\u0105 si\u0119 w \u015bwi\u0105tyniach Ko\u015bcio\u0142\u00f3w r\u00f3\u017cnych wyzna\u0144. Program na tablicy.2. Msza \u015bw. w tygodniu: od poniedzia\u0142ku do pi\u0105tku o godz. 8.00, w sobot\u0119 o godz. 8.00 i 18.00. We wtorek spotkanie katechetyczne dla doros\u0142ych w salce, &#8230; <span class=\"more\"><a class=\"more-link\" href=\"https:\/\/www.chnk.pl\/?p=2574\">czytaj wi\u0119cej<\/a><\/span><\/p>\n","protected":false},"author":3,"featured_media":0,"comment_status":"open","ping_status":"open","sticky":false,"template":"","format":"standard","meta":{"ngg_post_thumbnail":0,"footnotes":""},"categories":[1],"tags":[],"_links":{"self":[{"href":"https:\/\/www.chnk.pl\/index.php?rest_route=\/wp\/v2\/posts\/2574"}],"collection":[{"href":"https:\/\/www.chnk.pl\/index.php?rest_route=\/wp\/v2\/posts"}],"about":[{"href":"https:\/\/www.chnk.pl\/index.php?rest_route=\/wp\/v2\/types\/post"}],"author":[{"embeddable":true,"href":"https:\/\/www.chnk.pl\/index.php?rest_route=\/wp\/v2\/users\/3"}],"replies":[{"embeddable":true,"href":"https:\/\/www.chnk.pl\/index.php?rest_route=%2Fwp%2Fv2%2Fcomments&post=2574"}],"version-history":[{"count":1,"href":"https:\/\/www.chnk.pl\/index.php?rest_route=\/wp\/v2\/posts\/2574\/revisions"}],"predecessor-version":[{"id":2575,"href":"https:\/\/www.chnk.pl\/index.php?rest_route=\/wp\/v2\/posts\/2574\/revisions\/2575"}],"wp:attachment":[{"href":"https:\/\/www.chnk.pl\/index.php?rest_route=%2Fwp%2Fv2%2Fmedia&parent=2574"}],"wp:term":[{"taxonomy":"category","embeddable":true,"href":"https:\/\/www.chnk.pl\/index.php?rest_route=%2Fwp%2Fv2%2Fcategories&post=2574"},{"taxonomy":"post_tag","embeddable":true,"href":"https:\/\/www.chnk.pl\/index.php?rest_route=%2Fwp%2Fv2%2Ftags&post=2574"}],"curies":[{"name":"wp","href":"https:\/\/api.w.org\/{rel}","templated":true}]}}