{"id":2569,"date":"2020-01-11T16:10:52","date_gmt":"2020-01-11T16:10:52","guid":{"rendered":"http:\/\/www.chnk.pl\/?p=2569"},"modified":"2020-01-11T16:14:24","modified_gmt":"2020-01-11T16:14:24","slug":"niedziela-chrztu-panskiego-3","status":"publish","type":"post","link":"https:\/\/www.chnk.pl\/?p=2569","title":{"rendered":"Niedziela Chrztu Pa\u0144skiego"},"content":{"rendered":"\n<p>OG\u0141OSZENIA DUSZPASTERSKIE <br \/>NIEDZIELA CHRZTU PA\u0143SKIEGO<br \/>12 stycznia 2020 r.<br \/>1. Dzisiaj o godz. 16.30, w ko\u015bciele, koncert kol\u0119d przygotowany przez rodzic\u00f3w i dzieci z naszej Parafii. Natomiast w przysz\u0142\u0105 sobot\u0119, 18 stycznia o godz. 19.00 (po mszy \u015bw. wieczornej), z koncertem kol\u0119d wyst\u0105pi ch\u00f3r Volantes Soni. Zapraszamy na wsp\u00f3lne kol\u0119dowanie.<\/p>\n<p>2. Zebranie r\u00f3\u017ca\u0144cowe w \u015brod\u0119 po rannej mszy \u015bw.<\/p>\n<p>3. Kol\u0119da &#8211; odwiedziny duszpasterskie w rodzinach. Woda \u015bwi\u0119cona jest wystawiona przy chrzcielnicy. Na powiadomieniach o kol\u0119dzie podany jest jedynie orientacyjny czas przyj\u015bcia ksi\u0119dza. Plan kol\u0119dy:<br \/>poniedzia\u0142ek, 13.01. godz. 16.00 \u2013 wej\u015bcie 127 m. 31-60 <br \/>godz. 16.00 \u2013 wej\u015bcie 17 m. 40-77 <br \/>wtorek, 14.01. godz. 16.00 \u2013 wej\u015bcie 128 m.1-49 <br \/>godz. 16.00 \u2013 wej\u015bcie 18 m. 1-39 <br \/>\u015broda, 15.01. godz. 16.00 \u2013 wej\u015bcie 128 m.50-77 <br \/>godz. 16.00 \u2013 wej\u015bcie 18 m. 40-77 <br \/>czwartek, 16.01. godz. 16.00 \u2013 wej\u015bcie 129 m. 1-42 <br \/>godz. 16.00 \u2013 wej\u015bcie 19 m. 1-39 <br \/>pi\u0105tek, 17.01. godz. 16.00 \u2013 wej\u015bcie 129 m. 43-77 <br \/>godz. 16.00 \u2013 wej\u015bcie 19 m. 40-77 <br \/>poniedzia\u0142ek, 20.01. godz. 16.00 \u2013 wej\u015bcie 20 m. 1-39 <br \/>W czasie kol\u0119dy Biuro Parafialne czynne: w czwartek i w sobot\u0119 bez zmian. W poniedzia\u0142ek nieczynne. Sprawy pilne prosimy za\u0142atwia\u0107 w dni kol\u0119dowe od 15.00 do 15.30. Spowied\u017a \u015bw. p\u00f3\u0142 godziny przed porann\u0105 Msz\u0105 \u015bw. i w sobot\u0119 od godz. 16.00 do 18.00.<\/p>\n<p>4. Do 25 stycznia b\u0119d\u0105 trwa\u0142y w Poznaniu obchody XXIII Dnia Judaizmu. Plan wydarze\u0144 zamieszczony jest na tablicy og\u0142osze\u0144.<\/p>\n<p>5. Jak co roku, w dniach od 18 do 25 stycznia, wraz z chrze\u015bcijanami na ca\u0142ym \u015bwiecie, b\u0119dziemy modli\u0107 si\u0119 o jedno\u015b\u0107 chrze\u015bcijan. Has\u0142em tegorocznego Tygodnia Powszechnej Modlitwy o Jedno\u015b\u0107 Chrze\u015bcijan s\u0105 s\u0142owa: \u017byczliwymi b\u0105d\u017amy. Centralne nabo\u017ce\u0144stwo odb\u0119dzie si\u0119 23 stycznia 2020 roku (czwartek) o godz. 18.00, w ko\u015bciele Ewangelicko-Augsburskim \u0141aski Bo\u017cej przy ul. Obozowej 5 w Poznaniu. Kazanie wyg\u0142osi: ks. Biskup Szymon Stu\u0142kowski. Niech intencja jedno\u015bci stanie si\u0119 przedmiotem modlitwy zar\u00f3wno osobistej, jak i w czasie nabo\u017ce\u0144stw parafialnych. Zach\u0119camy do udzia\u0142u w ekumenicznych nabo\u017ce\u0144stwach, kt\u00f3re odbywa\u0107 si\u0119 b\u0119d\u0105 w \u015bwi\u0105tyniach Ko\u015bcio\u0142\u00f3w r\u00f3\u017cnych wyzna\u0144. Plan Tygodnia na tablicy og\u0142osze\u0144.<\/p>\n<p>6. B\u00f3g zap\u0142a\u0107 za ofiary z\u0142o\u017cone w czasie kol\u0119dy i na mszy \u015bw. na doposa\u017canie naszego ko\u015bcio\u0142a. Zach\u0119camy do czytania prasy katolickiej. Przy zakrystii: Przewodnik Katolicki, Go\u015b\u0107 Niedzielny , Ma\u0142y Przewodnik, Ola i Ja\u015b, Egzorcysta (nr styczniowy), gazetka parafialna.<\/p>\n<p>7. M\u00f3dlmy si\u0119 za zmar\u0142ych parafian. Za dusz\u0119 \u015bp. Reginy Stanis\u0142awiak, os. Lecha 42 (msza \u015bw. pogrzebowa w czwartek o godz. 10.30). Wieczny odpoczynek racz zmar\u0142ym da\u0107 Panie.<\/p>\n<p>&nbsp;<\/p>\n<p>&nbsp;<\/p>\n<p>&nbsp;<\/p>\n<p>&nbsp;<\/p>\n<p>XXIII Dzie\u0144 Judaizmu \u201ePami\u0119taj o dniu szabatu, aby nale\u017cycie go \u015bwi\u0119towa\u0107\u201d<br \/>(Wj 20,8) PROGRAM <br \/>15 stycznia (\u015broda)<br \/>Wydarzenia w ramach og\u00f3lnopolskich obchod\u00f3w<br \/>XXIII Dnia Judaizmu<br \/>godz. 18.00<br \/>Nagroda \u201eMenora Dialogu\u201d dla arcybiskupa Henryka Muszy\u0144skiego<br \/>za zbli\u017canie ludzi, kultur, religii i narod\u00f3w<br \/>przyznawana przez Stowarzyszenie COEXIST<br \/>Laudacje: Naczelny Rabin Polski Michael Schudrich, Rabin Berlina Walter Homolka<br \/>Wprowadzenie: ks. dr Jerzy Stranz (Stowarzyszenie COEXIST) <br \/>Akademia Lubra\u0144skiego \u2013 Muzeum Archidiecezjalne<br \/>ul. Jana Lubra\u0144skiego 1 (wst\u0119p wolny)<br \/>godz. 19.30 <br \/>Destination Unknown<br \/>\u017bydowska tradycja i historia w utworach muzycznych Bartosza Chajdeckiego<br \/>Koncert orkiestry kameralnej pod dyr. Yaroslava Shemeta<br \/>z okazji 100. rocznicy urodzin Jana Paw\u0142a II<br \/>Realizacja we wsp\u00f3\u0142pracy z Pozna\u0144skim Centrum Superkomputerowo-Sieciowym<br \/>Katedra Pozna\u0144ska, Ostr\u00f3w Tumski (wst\u0119p wolny) <br \/>16 stycznia (czwartek)<br \/>godz. 12.00<br \/>Upominanie si\u0119 o Jezusa. Nazarejczyk z perspektywy \u017cydowskiej <br \/>wyk\u0142ad Waltera Homolki, Rabina Berlina<br \/>Wydzia\u0142 Teologiczny UAM, budynek A, aula A, ul. Wie\u017cowa 2\/4<br \/>godz. 19.00<br \/>Nabo\u017ce\u0144stwo biblijne pod przewodnictwem Arcybiskupa Stanis\u0142awa G\u0105deckiego<br \/>z udzia\u0142em Rabina Waltera Homolki<br \/>Uroczyste zapalenie Menory Dialogu przez przedstawicieli Gminy \u017bydowskiej<br \/>Oprawa muzyczna: Schola \u015bw. Wojciecha<br \/>Ko\u015bci\u00f3\u0142 pw. \u015bw. Wojciecha, Wzg\u00f3rze \u015bw. Wojciecha 1<br \/>17 stycznia (pi\u0105tek), godz. 20.00<br \/>Co\u015b przyjdzie: mi\u0142o\u015b\u0107 lub wojna &#8211; wiersze Zuzanny Ginczanki<br \/>oraz m\u0142odych poet\u00f3w z getta<br \/>L. Pi\u0119kniewska (\u015bpiew), J. Kita (piano), M. G\u00f3rczy\u0144ski (klarnet), W. Pulcyn (kontrabas)<br \/>Blue Note Jazz Club (bilety)<\/p>\n<p>18 stycznia (sobota), godz. 16.00<br \/>Edyta Stein: \u017byd\u00f3wka katolick\u0105 patronk\u0105 Europy<br \/>Wyk\u0142ad: ks. prof. Jerzy Machnacz PWT Wroc\u0142aw<br \/>Finisa\u017c wystawy po\u015bwi\u0119conej Edycie Stein i Marii Hiszpa\u0144skiej-Neumann <br \/>Akademia Lubra\u0144skiego \u2013 Muzeum Archidiecezjalne<br \/>ul. Jana Lubra\u0144skiego 1 (wst\u0119p wolny)<\/p>\n<p>20 stycznia (poniedzia\u0142ek), godz.18.00<br \/>Olga Tokarczuk \u201eKsi\u0119gi Jakubowe\u201d (fragmenty)<br \/>Czytanie sceniczne w wykonaniu aktor\u00f3w Teatru Nowego<br \/>oraz dyskusja z udzia\u0142em<br \/>prof. Katarzyny Kuczy\u0144skiej-Koschany (UAM) i prof. Wies\u0142awa Ratajczaka (UAM)<br \/>Prowadzenie: Micha\u0142 Pabian<br \/>Teatr Nowy, Scena Trzecia, wej\u015bcie od Zau\u0142ka Krystyny Feldman (wst\u0119p wolny)<\/p>\n<p>23 stycznia (czwartek), godz. 18.00<br \/>Pontyfikat dialogu \u2013 dziedzictwo dialogu<br \/>Panel dyskusyjny z okazji 100. rocznicy urodzin Jana Paw\u0142a II<br \/>Rozmawiaj\u0105: Naczelny Rabin Polski Michael Schudrich,<br \/>Mufti Muzu\u0142ma\u0144skiego Zwi\u0105zku Religijnego RP Tomasz Mi\u015bkiewicz,<br \/>Arcybiskup Henryk J. Muszy\u0144ski<br \/>Prowadzenie: Roman Bielecki OP, redaktor naczelny miesi\u0119cznika \u201eW drodze\u201d<br \/>Prezentacja portretu Jana Paw\u0142a II autorstwa Andrzeja Oki\u0144czyca<br \/>z kolekcji Fundacji Signum<br \/>Akademia Lubra\u0144skiego \u2013 Muzeum Archidiecezjalne<br \/>ul. Jana Lubra\u0144skiego 1 (wst\u0119p wolny)<br \/>25 stycznia (sobota), godz. 12.00<br \/>Krakowski Salon Poezji: \u201eI gdy zawi\u015bci przesz\u0142y ju\u017c cienie\u201d<br \/>Dziewi\u0119tnastowieczna polska poezja \u017byd\u00f3w<br \/>Karol Dresdner, Jakub Rotwand, Adolf Jakub Cohn, Juda (Julian) Klaczko, Aleksander Kraushar<br \/>Czyta Mieczys\u0142aw Hryniewicz; skrzypce: Marcin Baranowski<br \/>Wyb\u00f3r i wprowadzenie: prof. Wies\u0142aw Ratajczak UAM<br \/>Teatr Muzyczny w Poznaniu, ul. Niez\u0142omnych 1e (bilety) <br \/>9 &#8211; 25 stycznia<br \/>Wystawa: Pozna\u0144scy \u017bydzi. Obrazy z przesz\u0142o\u015bci wielokulturowego Poznania<br \/>Scenariusz: Maciej Moszy\u0144ski, Projekt graficzny: Anna Gruszka<br \/>K\u0142adka w budynku Bramy Poznania (wst\u0119p wolny)<\/p>\n<p>* * *<\/p>\n<p>Patronat honorowy:<br \/>Arcybiskup Metropolita Pozna\u0144ski Stanis\u0142aw G\u0105decki<br \/>Marsza\u0142ek Wojew\u00f3dztwa Wielkopolskiego Marek Wo\u017aniak<br \/>Prezydent Miasta Poznania Jacek Ja\u015bkowiak<br \/>Rektor Uniwersytetu im. Adama Mickiewicza w Poznaniu prof. Andrzej Lesicki<br \/>Dyrektor Biblioteki K\u00f3rnickiej PAN prof. dr hab. Tomasz Jasi\u0144ski<\/p>\n<p>Organizacja:<br \/>Referat ds. Dialogu Mi\u0119dzyreligijnego Archidiecezji Pozna\u0144skiej<br \/>Stowarzyszenie COEXIST<\/p>\n","protected":false},"excerpt":{"rendered":"<p>OG\u0141OSZENIA DUSZPASTERSKIE NIEDZIELA CHRZTU PA\u0143SKIEGO12 stycznia 2020 r.1. Dzisiaj o godz. 16.30, w ko\u015bciele, koncert kol\u0119d przygotowany przez rodzic\u00f3w i dzieci z naszej Parafii. Natomiast w przysz\u0142\u0105 sobot\u0119, 18 stycznia o godz. 19.00 (po mszy \u015bw. wieczornej), z koncertem kol\u0119d wyst\u0105pi ch\u00f3r Volantes Soni. Zapraszamy na wsp\u00f3lne kol\u0119dowanie. 2. Zebranie r\u00f3\u017ca\u0144cowe w \u015brod\u0119 po rannej &#8230; <span class=\"more\"><a class=\"more-link\" href=\"https:\/\/www.chnk.pl\/?p=2569\">czytaj wi\u0119cej<\/a><\/span><\/p>\n","protected":false},"author":3,"featured_media":0,"comment_status":"open","ping_status":"open","sticky":false,"template":"","format":"standard","meta":{"ngg_post_thumbnail":0,"footnotes":""},"categories":[1],"tags":[],"_links":{"self":[{"href":"https:\/\/www.chnk.pl\/index.php?rest_route=\/wp\/v2\/posts\/2569"}],"collection":[{"href":"https:\/\/www.chnk.pl\/index.php?rest_route=\/wp\/v2\/posts"}],"about":[{"href":"https:\/\/www.chnk.pl\/index.php?rest_route=\/wp\/v2\/types\/post"}],"author":[{"embeddable":true,"href":"https:\/\/www.chnk.pl\/index.php?rest_route=\/wp\/v2\/users\/3"}],"replies":[{"embeddable":true,"href":"https:\/\/www.chnk.pl\/index.php?rest_route=%2Fwp%2Fv2%2Fcomments&post=2569"}],"version-history":[{"count":2,"href":"https:\/\/www.chnk.pl\/index.php?rest_route=\/wp\/v2\/posts\/2569\/revisions"}],"predecessor-version":[{"id":2573,"href":"https:\/\/www.chnk.pl\/index.php?rest_route=\/wp\/v2\/posts\/2569\/revisions\/2573"}],"wp:attachment":[{"href":"https:\/\/www.chnk.pl\/index.php?rest_route=%2Fwp%2Fv2%2Fmedia&parent=2569"}],"wp:term":[{"taxonomy":"category","embeddable":true,"href":"https:\/\/www.chnk.pl\/index.php?rest_route=%2Fwp%2Fv2%2Fcategories&post=2569"},{"taxonomy":"post_tag","embeddable":true,"href":"https:\/\/www.chnk.pl\/index.php?rest_route=%2Fwp%2Fv2%2Ftags&post=2569"}],"curies":[{"name":"wp","href":"https:\/\/api.w.org\/{rel}","templated":true}]}}