{"id":2566,"date":"2020-01-04T20:00:29","date_gmt":"2020-01-04T20:00:29","guid":{"rendered":"http:\/\/www.chnk.pl\/?p=2566"},"modified":"2020-01-04T20:00:29","modified_gmt":"2020-01-04T20:00:29","slug":"2-niedziela-po-narodzeniu-panskim","status":"publish","type":"post","link":"https:\/\/www.chnk.pl\/?p=2566","title":{"rendered":"2 Niedziela po Narodzeniu Pa\u0144skim"},"content":{"rendered":"\n<p><br \/>OG\u0141OSZENIA DUSZPASTERSKIE<\/p>\n<p>NIEDZIELA II PO NARODZENIU PA\u0143SKIM<br \/>5 stycznia 2020 r. <br \/>1. W poniedzia\u0142ek uroczysto\u015b\u0107 Objawienia Pa\u0144skiego. Msza \u015bw. jak w niedziel\u0119. Orszak Trzech Kr\u00f3li wyruszy o godz. 12:00 z Placu Wolno\u015bci. Od godz. 11:00 wolontariusze rozdawa\u0107 b\u0119d\u0105 korony. O godz. 13.45 msza \u015bw. we Farze dla uczestnik\u00f3w orszaku.<\/p>\n<p>2. Zapraszamy na parafialne kol\u0119dowanie z ch\u00f3rem parafialnym, kt\u00f3ry przygotowa\u0142 wiecz\u00f3r kol\u0119d pod tytu\u0142em \u201eGdzie jest nasze Betlejem?\u201d, w niedziel\u0119 12 stycznia o godz. 16.30 w ko\u015bciele.<\/p>\n<p>3. Msza \u015bw. w tygodniu wed\u0142ug porz\u0105dku podanego w intencjach mszalnych na tablicy og\u0142osze\u0144. Msza \u015bw. wieczorem tylko sobot\u0119.<\/p>\n<p>4. B\u00f3g zap\u0142a\u0107 za ofiary na doposa\u017canie naszego ko\u015bcio\u0142a sk\u0142adane przy okazji kol\u0119dy i podczas mszy \u015bw. w ko\u015bciele. Plan kol\u0119dy na najbli\u017csze dni:<br \/>poniedzia\u0142ek, 06.01. godz. 16.00 \u2013 wej\u015bcie 125 m. 1-39<br \/>wtorek, 07.01. godz. 16.00 \u2013 wej\u015bcie 125 m. 40-60 i 126 m. 126 m.1-20<br \/>godz. 16.00 \u2013 wej\u015bcie 15 m. 40-77<br \/>\u015broda, 08.01. godz. 16.00 \u2013 wej\u015bcie 126 m. 21-60<br \/>godz. 16.00 &#8211; wej\u015bcie 16 m. 1-39<br \/>czwartek, 09.01. godz. 16.00 \u2013 wej\u015bcie 126 m. 61-77 i 127 m.77-61 <br \/>godz. 16.00 \u2013 wej\u015bcie 16 m. 40-77 <br \/>pi\u0105tek, 10.01. godz. 16.00 \u2013 wej\u015bcie 127 m. 1-30 <br \/>godz. 16.00 \u2013 wej\u015bcie 17 m. 1-39 <br \/>poniedzia\u0142ek, 13.01. godz. 16.00 \u2013 wej\u015bcie 127 m. 31-60 <br \/>godz. 16.00 \u2013 wej\u015bcie 17 m. 40-77 <br \/>wtorek, 14.01. godz. 16.00 \u2013 wej\u015bcie 128 m.1-49 <br \/>godz. 16.00 \u2013 wej\u015bcie 18 m. 1-39 <br \/>\u015broda, 15.01. godz. 16.00 \u2013 wej\u015bcie 128 m.50-77 <br \/>godz. 16.00 \u2013 wej\u015bcie 18 m. 40-77 <br \/>czwartek, 16.01. godz. 16.00 \u2013 wej\u015bcie 129 m. 1-42 <br \/>godz. 16.00 \u2013 wej\u015bcie 19 m. 1-39 <br \/>Ca\u0142y plan kol\u0119dy jest wywieszony na tablicy og\u0142osze\u0144.<br \/>W czasie kol\u0119dy Biuro Parafialne: w poniedzia\u0142ek nieczynne, czynne w czwartek od godz. 9.00 do 10.30, w sobot\u0119 od godz. 19.00 do 20.00. Sprawy pilne prosimy za\u0142atwia\u0107 w dni kol\u0119dowe od godz. 15.00 do 15.30. Woda \u015bwi\u0119cona wystawiona jest przy chrzcielnicy.<\/p>\n<p>5. Archidiecezja Pozna\u0144ska organizuje kolejn\u0105, Archidiecezjaln\u0105 pielgrzymk\u0119, w dniach od 17.11 do 1.12.2020 roku. Tym razem b\u0119dzie to Pielgrzymka do Matki Bo\u017cej z Guadalupe w Meksyku i na Kub\u0119. Informacje na stronie internetowej Archidiecezji Pozna\u0144skiej.<\/p>\n<p>6. M\u00f3dlmy si\u0119 za zmar\u0142ych Parafian. Za dusz\u0119 \u015bp. Teresy Wawdysz, os. Lecha 83. Wieczny odpoczynek racz zmar\u0142ym da\u0107 Panie.<\/p>\n","protected":false},"excerpt":{"rendered":"<p>OG\u0141OSZENIA DUSZPASTERSKIE NIEDZIELA II PO NARODZENIU PA\u0143SKIM5 stycznia 2020 r. 1. W poniedzia\u0142ek uroczysto\u015b\u0107 Objawienia Pa\u0144skiego. Msza \u015bw. jak w niedziel\u0119. Orszak Trzech Kr\u00f3li wyruszy o godz. 12:00 z Placu Wolno\u015bci. Od godz. 11:00 wolontariusze rozdawa\u0107 b\u0119d\u0105 korony. O godz. 13.45 msza \u015bw. we Farze dla uczestnik\u00f3w orszaku. 2. Zapraszamy na parafialne kol\u0119dowanie z ch\u00f3rem &#8230; <span class=\"more\"><a class=\"more-link\" href=\"https:\/\/www.chnk.pl\/?p=2566\">czytaj wi\u0119cej<\/a><\/span><\/p>\n","protected":false},"author":3,"featured_media":0,"comment_status":"open","ping_status":"open","sticky":false,"template":"","format":"standard","meta":{"ngg_post_thumbnail":0,"footnotes":""},"categories":[1],"tags":[],"_links":{"self":[{"href":"https:\/\/www.chnk.pl\/index.php?rest_route=\/wp\/v2\/posts\/2566"}],"collection":[{"href":"https:\/\/www.chnk.pl\/index.php?rest_route=\/wp\/v2\/posts"}],"about":[{"href":"https:\/\/www.chnk.pl\/index.php?rest_route=\/wp\/v2\/types\/post"}],"author":[{"embeddable":true,"href":"https:\/\/www.chnk.pl\/index.php?rest_route=\/wp\/v2\/users\/3"}],"replies":[{"embeddable":true,"href":"https:\/\/www.chnk.pl\/index.php?rest_route=%2Fwp%2Fv2%2Fcomments&post=2566"}],"version-history":[{"count":1,"href":"https:\/\/www.chnk.pl\/index.php?rest_route=\/wp\/v2\/posts\/2566\/revisions"}],"predecessor-version":[{"id":2567,"href":"https:\/\/www.chnk.pl\/index.php?rest_route=\/wp\/v2\/posts\/2566\/revisions\/2567"}],"wp:attachment":[{"href":"https:\/\/www.chnk.pl\/index.php?rest_route=%2Fwp%2Fv2%2Fmedia&parent=2566"}],"wp:term":[{"taxonomy":"category","embeddable":true,"href":"https:\/\/www.chnk.pl\/index.php?rest_route=%2Fwp%2Fv2%2Fcategories&post=2566"},{"taxonomy":"post_tag","embeddable":true,"href":"https:\/\/www.chnk.pl\/index.php?rest_route=%2Fwp%2Fv2%2Ftags&post=2566"}],"curies":[{"name":"wp","href":"https:\/\/api.w.org\/{rel}","templated":true}]}}