{"id":2560,"date":"2019-12-28T20:30:06","date_gmt":"2019-12-28T20:30:06","guid":{"rendered":"http:\/\/www.chnk.pl\/?p=2560"},"modified":"2019-12-28T20:54:38","modified_gmt":"2019-12-28T20:54:38","slug":"1-niedziela-po-narodzeniu-panskim-2","status":"publish","type":"post","link":"https:\/\/www.chnk.pl\/?p=2560","title":{"rendered":"1 Niedziela po Narodzeniu Pa\u0144skim"},"content":{"rendered":"\n<ol>\n<li>OG\u0141OSZENIA DUSZPASTERSKIE<br \/>NIEDZIELA I PO NARODZENIU PA\u0143SKIM<br \/>\u015awi\u0119tej Rodziny Jezusa Maryi i J\u00f3zefa 29 grudnia 2019 r. <br \/>1. Kalendarz liturgiczny; wtorek &#8211; \u015bw. Sylwestra-papie\u017ca, \u015broda \u2013 Uroczysto\u015b\u0107 Naj\u015bwi\u0119tszej Bo\u017cej Rodzicielki Maryi, czwartek\u2013 \u015bw. Bazylego Wielkiego i Grzegorza z Nazjanzu, pi\u0105tek \u2013 Naj\u015bwi\u0119tszego Imienia Jezus<br \/>2. Rodzinne \u015bpiewanie kol\u0119d przy \u017c\u0142\u00f3bku dzisiaj o godz. 14.30.<br \/>3. Dzisiaj na mszy \u015bw. o godz. 18.00 b\u0119dzie \u015bpiewa\u0142 Ch\u00f3r M\u0119ski Kompanii Druha Stuligrosza i koncert kol\u0119d po mszy \u015bw.<br \/>4. We wtorek zako\u0144czenie Starego Roku. Msza \u015bw. o godz. 8.00, 16.30 i 18.00.<br \/>5. W \u015brod\u0119 Nowy Rok, Uroczysto\u015b\u0107 Bo\u017cej Rodzicielki Maryi. Pierwsza msza \u015bw. o godz. 8.00. Godzinki o godz. 7.30. Pozosta\u0142e godziny mszy \u015bw. bez zmian. Uroczysto\u015b\u0107 odpustowa w Parafii Naj\u015bwi\u0119tszej Bogarodzicy Maryi na \u017begrzu o godz. 15.00.<br \/>6. W czwartek msza \u015bw. tylko rano o godz. 8.00.<br \/>7. W tym tygodniu: I czwartek, I pi\u0105tek i I sobota miesi\u0105ca. W czwartek adoracja Naj\u015bwi\u0119tszego Sakramentu od godz. 8.00 do 10.30. w intencji obrony \u017cycia ludzkiego oraz w intencji powo\u0142a\u0144 kap\u0142a\u0144skich i zakonnych. Spowied\u017a \u015bw. w pi\u0105tek od godz. 15.00 do 18.00 i msza \u015bw. Odwiedziny chorych z sakramentami \u015bw. w pi\u0105tek i w sobot\u0119 wed\u0142ug sta\u0142ego planu. Nowe zg\u0142oszenia w zakrystii. Nabo\u017ce\u0144stwo do Niepokalanego Serca Matki Bo\u017cej w pierwsz\u0105 sobot\u0119 miesi\u0105ca o godz. 7.15. Spotkanie wsp\u00f3lnoty pierwszosobotniej o godz.19.15 w kaplicy i spotkanie w salce.<br \/>8. Kol\u0119da &#8211; odwiedziny duszpasterskie w rodzinach. Przygotowujemy st\u00f3\u0142 z krzy\u017cem, \u015bwiecami i wod\u0105 \u015bwi\u0119con\u0105. Woda \u015bwi\u0119cona w ko\u015bciele przy chrzcielnicy. Plan kol\u0119dy:<br \/>niedziela, 29.12., godz. 16.00 \u2013 wej\u015bcie 123 m. 45 \u2013 77<br \/>poniedzia\u0142ek, 30.12., godz. 16.00 \u2013 wej\u015bcie 124 m. 1-30<br \/>godz. 16.00 \u2013 wej\u015bcie 122 m. 1-39<br \/>czwartek, 02.01. godz. 16.00 \u2013 wej\u015bcie 124 m. 31-60<br \/>godz. 16.00 \u2013 wej\u015bcie 122 m. 40-77<br \/>pi\u0105tek, 03.01. godz. 16.00 \u2013 wej\u015bcie 124 m. 61-77 oraz 125 m. 77-61<br \/>sobota, 04.01. godz. 16.00 \u2013 wej\u015bcie 15 m. 1-39<br \/>poniedzia\u0142ek, 06.01. godz. 16.00 \u2013 wej\u015bcie 125 m. 1-39<br \/>Ca\u0142y plan kol\u0119dy jest wywieszony na tablicy og\u0142osze\u0144.<br \/>9. W czasie kol\u0119dy Biuro Parafialne: w poniedzia\u0142ek nieczynne, czynne w czwartek od godz. 9.00 do 10.30, w sobot\u0119 od godz. 19.00 do 20.00. Sprawy pilne prosimy za\u0142atwia\u0107 w dni kol\u0119dowe od godz. 15.00 do 15.30.<br \/>10. Zach\u0119camy do czytania prasy katolickiej: Przy zakrystii: Ola i Ja\u015b (dla przedszkolak\u00f3w), Mi\u0142ujcie si\u0119, gazetka parafialna.\n<p>PLAN KOL\u0118DY stycze\u0144-luty 2020<br \/>W czasie kol\u0119dy Biuro Parafialne: w poniedzia\u0142ek nieczynne, czynne w czwartek od godz. 9.00 do 10.30, w sobot\u0119 od godz. 19.00 do 20.00. Sprawy pilne prosimy za\u0142atwia\u0107 w dni kol\u0119dowe od godz. 15.00 do 15.30. <br \/>niedziela, 29.12., godz. 16.00 \u2013 wej\u015bcie 123 m. 45 \u2013 77<br \/>poniedzia\u0142ek, 30.12. godz. 16.00 \u2013 wej\u015bcie 124 m. 1-30<br \/>godz. 16.00 \u2013 wej\u015bcie 122 m. 1-39<br \/>czwartek, 02.01. godz. 16.00 \u2013 wej\u015bcie 124 m. 31-60<br \/>godz. 16.00 \u2013 wej\u015bcie 122 m. 40-77<br \/>pi\u0105tek, 03.01. godz. 16.00 \u2013 wej\u015bcie 124 m. 61-77 oraz 125 m. 77-61<br \/>sobota, 04.01. godz. 16.00 \u2013 wej\u015bcie 15 m. 1-39<br \/>poniedzia\u0142ek, 06.01. godz. 16.00 \u2013 wej\u015bcie 125 m. 1-39<br \/>wtorek, 07.01. godz. 16.00 \u2013 wej\u015bcie 125 m. 40-60 i 126 m. 126 m.1-20<br \/>godz. 16.00 \u2013 wej\u015bcie 15 m. 40-77<br \/>\u015broda, 08.01. godz. 16.00 \u2013 wej\u015bcie 126 m. 21-60<br \/>godz. 16.00 &#8211; wej\u015bcie 16 m. 1-39<br \/>czwartek, 09.01. godz. 16.00 \u2013 wej\u015bcie 126 m. 61-77 i 127 m.77-61 <br \/>godz. 16.00 \u2013 wej\u015bcie 16 m. 40-77 <br \/>pi\u0105tek, 10.01. godz. 16.00 \u2013 wej\u015bcie 127 m. 1-30 <br \/>godz. 16.00 \u2013 wej\u015bcie 17 m. 1-39 <br \/>poniedzia\u0142ek, 13.01. godz. 16.00 \u2013 wej\u015bcie 127 m. 31-60 <br \/>godz. 16.00 \u2013 wej\u015bcie 17 m. 40-77 <br \/>wtorek, 14.01. godz. 16.00 \u2013 wej\u015bcie 128 m.1-49 <br \/>godz. 16.00 \u2013 wej\u015bcie 18 m. 1-39 <br \/>\u015broda, 15.01. godz. 16.00 \u2013 wej\u015bcie 128 m.50-77 <br \/>godz. 16.00 \u2013 wej\u015bcie 18 m. 40-77 <br \/>czwartek, 16.01. godz. 16.00 \u2013 wej\u015bcie 129 m. 1-42 <br \/>godz. 16.00 \u2013 wej\u015bcie 19 m. 1-39 <br \/>pi\u0105tek, 17.01. godz. 16.00 \u2013 wej\u015bcie 129 m. 43-77 <br \/>godz. 16.00 \u2013 wej\u015bcie 19 m. 40-77 <br \/>poniedzia\u0142ek, 20.01. godz. 16.00 \u2013 wej\u015bcie 20 m. 1-39<\/p>\n<p>wtorek, 21.01. godz. 16.00 \u2013 wej\u015bcie 40 m. 1-42 <br \/>godz. 16.00 \u2013 wej\u015bcie 20 m. 40-77 <br \/>\u015broda, 22.01. godz. 16.00 \u2013 wej\u015bcie 40 m. 43-81 <br \/>godz. 16.00 \u2013 wej\u015bcie 39 m. 1-32 <br \/>czwartek, 23.01. godz. 16.00 \u2013 wej\u015bcie 40 m. 82-128 <br \/>godz. 16.00 \u2013 wej\u015bcie 39 m. 33-64 <br \/>pi\u0105tek, 24.01. godz. 16.00 \u2013 wej\u015bcie 33, 34, 35<br \/>godz. 16.00 \u2013 wej\u015bcie 39 m. 65-96 <br \/>niedziela, 26.01. godz. 16.00 \u2013 wej\u015bcie 36, 45, 46<br \/>poniedzia\u0142ek, 27.01. godz. 16.00 \u2013 wej\u015bcie 47, 48, 49<br \/>godz. 16.00 \u2013 wej\u015bcie 39 m. 97-128 <br \/>wtorek, 28.01. godz. 16.00 \u2013 wej\u015bcie 50, 51, 52<br \/>godz. 16.00 \u2013 wej\u015bcie 2, 3, 4 <br \/>\u015broda, 29.01. godz. 16.00 \u2013 wej\u015bcie 53, 54, 55<br \/>godz. 16.00 \u2013 wej\u015bcie 5, 6, 7 <br \/>czwartek, 30.01. godz. 16.00 \u2013 wej\u015bcie 56, 57, 58<br \/>godz. 16.00 \u2013 wej\u015bcie 8, 9, 10 <br \/>pi\u0105tek, 31.01. godz. 16.00 \u2013 wej\u015bcie 59, 60, 61<br \/>godz. 16.00 \u2013 wej\u015bcie 11, 12, 13 <br \/>sobota, 01.02. godz. 16.00 \u2013 wej\u015bcie 21, 22, 23 <br \/>poniedzia\u0142ek, 03.02. godz. 16.00 \u2013 wej\u015bcie 62, 63, 64<br \/>godz. 16.00 \u2013 wej\u015bcie 23, 25, 26 <br \/>wtorek, 04.02. godz. 16.00 \u2013 wej\u015bcie 65, 66<br \/>godz. 16.00 \u2013 wej\u015bcie 27, 28, 29 <br \/>\u015broda, 05.02. godz. 16.00 \u2013 wej\u015bcie 30, 31 32<\/p>\n<\/li>\n<\/ol>\n","protected":false},"excerpt":{"rendered":"<p>OG\u0141OSZENIA DUSZPASTERSKIENIEDZIELA I PO NARODZENIU PA\u0143SKIM\u015awi\u0119tej Rodziny Jezusa Maryi i J\u00f3zefa 29 grudnia 2019 r. 1. Kalendarz liturgiczny; wtorek &#8211; \u015bw. Sylwestra-papie\u017ca, \u015broda \u2013 Uroczysto\u015b\u0107 Naj\u015bwi\u0119tszej Bo\u017cej Rodzicielki Maryi, czwartek\u2013 \u015bw. Bazylego Wielkiego i Grzegorza z Nazjanzu, pi\u0105tek \u2013 Naj\u015bwi\u0119tszego Imienia Jezus2. Rodzinne \u015bpiewanie kol\u0119d przy \u017c\u0142\u00f3bku dzisiaj o godz. 14.30.3. Dzisiaj na mszy \u015bw. &#8230; <span class=\"more\"><a class=\"more-link\" href=\"https:\/\/www.chnk.pl\/?p=2560\">czytaj wi\u0119cej<\/a><\/span><\/p>\n","protected":false},"author":3,"featured_media":0,"comment_status":"open","ping_status":"open","sticky":false,"template":"","format":"standard","meta":{"ngg_post_thumbnail":0,"footnotes":""},"categories":[1],"tags":[],"_links":{"self":[{"href":"https:\/\/www.chnk.pl\/index.php?rest_route=\/wp\/v2\/posts\/2560"}],"collection":[{"href":"https:\/\/www.chnk.pl\/index.php?rest_route=\/wp\/v2\/posts"}],"about":[{"href":"https:\/\/www.chnk.pl\/index.php?rest_route=\/wp\/v2\/types\/post"}],"author":[{"embeddable":true,"href":"https:\/\/www.chnk.pl\/index.php?rest_route=\/wp\/v2\/users\/3"}],"replies":[{"embeddable":true,"href":"https:\/\/www.chnk.pl\/index.php?rest_route=%2Fwp%2Fv2%2Fcomments&post=2560"}],"version-history":[{"count":2,"href":"https:\/\/www.chnk.pl\/index.php?rest_route=\/wp\/v2\/posts\/2560\/revisions"}],"predecessor-version":[{"id":2565,"href":"https:\/\/www.chnk.pl\/index.php?rest_route=\/wp\/v2\/posts\/2560\/revisions\/2565"}],"wp:attachment":[{"href":"https:\/\/www.chnk.pl\/index.php?rest_route=%2Fwp%2Fv2%2Fmedia&parent=2560"}],"wp:term":[{"taxonomy":"category","embeddable":true,"href":"https:\/\/www.chnk.pl\/index.php?rest_route=%2Fwp%2Fv2%2Fcategories&post=2560"},{"taxonomy":"post_tag","embeddable":true,"href":"https:\/\/www.chnk.pl\/index.php?rest_route=%2Fwp%2Fv2%2Ftags&post=2560"}],"curies":[{"name":"wp","href":"https:\/\/api.w.org\/{rel}","templated":true}]}}