{"id":2553,"date":"2019-12-22T21:03:03","date_gmt":"2019-12-22T21:03:03","guid":{"rendered":"http:\/\/www.chnk.pl\/?p=2553"},"modified":"2019-12-22T21:03:03","modified_gmt":"2019-12-22T21:03:03","slug":"4-niedziela-adwentu-2","status":"publish","type":"post","link":"https:\/\/www.chnk.pl\/?p=2553","title":{"rendered":"4 Niedziela Adwentu"},"content":{"rendered":"\n<p><br \/>OG\u0141OSZENIA DUSZPASTERSKIE<br \/>IV NIEDZIELA ADWENTU<br \/>22 grudnia 2019 r. <br \/>1. Pasterka o godz. 22.00 i 00.00. W Wigili\u0119 zach\u0119ca si\u0119 do zachowania postu zwyk\u0142ego. Przypominamy o obowi\u0105zku zachowywania postu eucharystycznego, kt\u00f3ry polega na powstrzymaniu si\u0119 od posi\u0142ku i napoju godzin\u0119 przed przyj\u0119ciem Komunii \u015bw. W I i II \u015awi\u0119to Bo\u017cego Narodzenia porz\u0105dek mszy \u015bw. niedzielny. Ofiary z II-ego \u015bwi\u0119ta przeznaczone na KUL i Wydzia\u0142 Teologiczny. Dzisiaj, w niedziel\u0119, okazja do spowiedzi \u015bw. od godz. 17.00 do 18.00 i poniedzia\u0142ek od 16.00 do 18.00. W poniedzia\u0142ek Biuro nieczynne.<br \/>2. W przysz\u0142\u0105 niedziel\u0119, 29 grudnia, obchodzimy \u015bwi\u0119to \u015awi\u0119tej Rodziny: Jezusa, Maryi i J\u00f3zefa. Jest to dzie\u0144 modlitwy o \u015bwi\u0119to\u015b\u0107 ma\u0142\u017ce\u0144stw i rodzin oraz dzie\u0144 odnowienie przyrzecze\u0144 ma\u0142\u017ce\u0144skich. W prze\u017cywaniu mi\u0142o\u015bci ma\u0142\u017conkowie otrzymali szczeg\u00f3lna pomoc, kt\u00f3r\u0105 jest sakrament ma\u0142\u017ce\u0144stwa. Odnowienia przyrzecze\u0144 dokonamy na ka\u017cdej mszy \u015bw. Prosimy ma\u0142\u017conk\u00f3w, aby uczestnicz\u0105c w przysz\u0142\u0105 niedziel\u0119 we mszy \u015bw. zaj\u0119li miejsca obok siebie tak, aby mogli w czasie liturgii poda\u0107 sobie d\u0142onie i odnowi\u0107 \u015blubowania ma\u0142\u017ce\u0144skie.<br \/>3. W niedziele 29 grudnia, na mszy \u015bw. o godz. 18.00 b\u0119dziemy go\u015bci\u0107 Ch\u00f3r M\u0119ski Kompanii Druha Stuligrosza. Zapraszamy na koncert kol\u0119d. Informacje na tablicy og\u0142osze\u0144.<br \/>4. \u015apiewanie kol\u0119d przy \u017c\u0142\u00f3bku w drugie \u015bwi\u0119to o godz. 14.30.<br \/>5. Kol\u0119da w tym roku w blokach: 15 do 20, 122 do 129, 39, 40, oraz 2 do 66. Ministranci przynios\u0105 powiadomienia o kol\u0119dzie z orientacyjny czasem przyj\u015bcia ksi\u0119dza. Kol\u0119da:<br \/>pi\u0105tek, 27.12., godz. 16.00 &#8211; wej\u015bcie 123 m. 1- 44<br \/>niedziela, 29.12., godz. 16.00 \u2013 wej\u015bcie 123 m. 45 \u2013 77<br \/>poniedzia\u0142ek, 30.12., godz. 16.00 \u2013 wej\u015bcie 124 m. 1-30<br \/>godz. 16.00 \u2013 wej\u015bcie 122 m. 1-39<br \/>czwartek, 02.01. godz. 16.00 \u2013 wej\u015bcie 124 m. 31-60<br \/>godz. 16.00 \u2013 wej\u015bcie 122 m. 40-77<br \/>pi\u0105tek, 03.01. godz. 16.00 \u2013 wej\u015bcie 124 m. 61-77 oraz 125 m. 77-61<br \/>sobota, 04.01. godz. 16.00 \u2013 wej\u015bcie 15 m. 1-39<br \/>poniedzia\u0142ek, 06.01. godz. 16.00 \u2013 wej\u015bcie 125 m. 1-39<br \/>6. Dzi\u0119kczynienie za Duchow\u0105 Adopcj\u0119 Dziecka Pocz\u0119tego podj\u0119te w naszej parafii, z\u0142o\u017cymy Panu Bogu w niedziel\u0119 29 grudnia na mszy \u015bw. o godz. 9.30.<br \/>7. Odpust w Parafii \u015bw. Jana Aposto\u0142a na ul. Fortecznej, w pi\u0105tek, 27 grudnia br. Suma odpustowa o godz. 18.00.<br \/>8. B\u00f3g zap\u0142a\u0107 za ofiary na doposa\u017canie naszego ko\u015bcio\u0142a. B\u00f3g zap\u0142a\u0107 parafianom za pos\u0142ug\u0119 przy op\u0142atka i \u015bwiecach CARITAS, oraz panom za ustawienie \u017b\u0142\u00f3bka i choinek.<br \/>9. Zach\u0119camy do czytania prasy katolickiej. W kaplicy przy zakrystii: Przewodnik Kato-licki (podw\u00f3jny numer, z modlitewnikiem na stycze\u0144 ), Go\u015b\u0107 Niedzielny (podw\u00f3jny numer), gazetka parafialna, Ziarno, Egzorcysta. Przy g\u0142\u00f3wnym wej\u015bciu do ko\u015bcio\u0142a siano na st\u00f3\u0142 wigilijny. Op\u0142atki i \u015bwiece CARITAS w salce parafialnej, wej\u015bcie z dziedzi\u0144ca.<br \/>10. M\u00f3dlmy si\u0119 za zmar\u0142ych parafian. Za dusz\u0119 \u015bp. Haliny \u015awi\u0105tkowskiej, os. Lecha 70. Pogrzeb odby\u0142 si\u0119 w Czerwonaku. Za dusze \u015bp. Praksedy Hoffmann, os. Lecha 39 (msza \u015bw. pogrzebowa w pi\u0105tek o godz. 9.00) i \u015bp. Kazimiery Stra\u015bko, os. Lecha 125 ( msza \u015bw. pogrzebowa w poniedzia\u0142ek, 30.12. br. o godz. 7.15). Wieczny odpoczynek racz zmar\u0142ym da\u0107 Panie.<\/p>\n","protected":false},"excerpt":{"rendered":"<p>OG\u0141OSZENIA DUSZPASTERSKIEIV NIEDZIELA ADWENTU22 grudnia 2019 r. 1. Pasterka o godz. 22.00 i 00.00. W Wigili\u0119 zach\u0119ca si\u0119 do zachowania postu zwyk\u0142ego. Przypominamy o obowi\u0105zku zachowywania postu eucharystycznego, kt\u00f3ry polega na powstrzymaniu si\u0119 od posi\u0142ku i napoju godzin\u0119 przed przyj\u0119ciem Komunii \u015bw. W I i II \u015awi\u0119to Bo\u017cego Narodzenia porz\u0105dek mszy \u015bw. niedzielny. Ofiary z &#8230; <span class=\"more\"><a class=\"more-link\" href=\"https:\/\/www.chnk.pl\/?p=2553\">czytaj wi\u0119cej<\/a><\/span><\/p>\n","protected":false},"author":3,"featured_media":0,"comment_status":"open","ping_status":"open","sticky":false,"template":"","format":"standard","meta":{"ngg_post_thumbnail":0,"footnotes":""},"categories":[1],"tags":[],"_links":{"self":[{"href":"https:\/\/www.chnk.pl\/index.php?rest_route=\/wp\/v2\/posts\/2553"}],"collection":[{"href":"https:\/\/www.chnk.pl\/index.php?rest_route=\/wp\/v2\/posts"}],"about":[{"href":"https:\/\/www.chnk.pl\/index.php?rest_route=\/wp\/v2\/types\/post"}],"author":[{"embeddable":true,"href":"https:\/\/www.chnk.pl\/index.php?rest_route=\/wp\/v2\/users\/3"}],"replies":[{"embeddable":true,"href":"https:\/\/www.chnk.pl\/index.php?rest_route=%2Fwp%2Fv2%2Fcomments&post=2553"}],"version-history":[{"count":1,"href":"https:\/\/www.chnk.pl\/index.php?rest_route=\/wp\/v2\/posts\/2553\/revisions"}],"predecessor-version":[{"id":2554,"href":"https:\/\/www.chnk.pl\/index.php?rest_route=\/wp\/v2\/posts\/2553\/revisions\/2554"}],"wp:attachment":[{"href":"https:\/\/www.chnk.pl\/index.php?rest_route=%2Fwp%2Fv2%2Fmedia&parent=2553"}],"wp:term":[{"taxonomy":"category","embeddable":true,"href":"https:\/\/www.chnk.pl\/index.php?rest_route=%2Fwp%2Fv2%2Fcategories&post=2553"},{"taxonomy":"post_tag","embeddable":true,"href":"https:\/\/www.chnk.pl\/index.php?rest_route=%2Fwp%2Fv2%2Ftags&post=2553"}],"curies":[{"name":"wp","href":"https:\/\/api.w.org\/{rel}","templated":true}]}}