{"id":2545,"date":"2019-12-07T13:55:03","date_gmt":"2019-12-07T13:55:03","guid":{"rendered":"http:\/\/www.chnk.pl\/?p=2545"},"modified":"2019-12-07T13:55:03","modified_gmt":"2019-12-07T13:55:03","slug":"2-niedziela-adwentu-3","status":"publish","type":"post","link":"https:\/\/www.chnk.pl\/?p=2545","title":{"rendered":"2 Niedziela Adwentu"},"content":{"rendered":"\n<p><br \/>OG\u0141OSZENIA DUSZPASTERSKIE<br \/>NIEDZIELA II ADWENTU<br \/>Uroczysto\u015b\u0107 Niepokalanego Pocz\u0119cia Naj\u015bwi\u0119tszej Maryi Panny<br \/>8 grudnia 2019 r.<br \/>1. Kalendarz liturgiczny: poniedzia\u0142ek \u2013 \u015bw. Jana Diego, wtorek &#8211; NMP z Loreto, \u015broda \u2013 \u015bw. Damazego, czwartek \u2013 NMP z Guadalupe, pi\u0105tek \u2013 \u015bw. \u0141ucji, sobota \u2013 \u015bw. Jana od Krzy\u017ca.<br \/>2. Roraty w tygodniu o godz. 6.00. Dla dzieci od poniedzia\u0142ku do pi\u0105tku o godz. 18.00. Dzieci przynosz\u0105 serduszko z wypisanym dobrym uczynkiem do zawieszenia na drzewku dobrych uczynk\u00f3w. Prosimy rodzic\u00f3w, aby do\u0142o\u017cyli stara\u0144, by dzieci uczestniczy\u0142y w roratach.<br \/>3. Wydawanie \u017cywno\u015bci z dar\u00f3w z\u0142o\u017conych przez parafian, w poniedzia\u0142ek o godz. 17.00 do 19.00 w salce parafialnej.<br \/>4. Kr\u0105g Biblijny w \u015brod\u0119 o godz. 19.00 w salce parafialnej, gdzie pog\u0142\u0119biamy wiedz\u0119 na te-mat Pisma \u015bw. i rozwa\u017camy S\u0142owo Bo\u017ce.<br \/>5. Koronka do Mi\u0142osierdzia Bo\u017cego w intencji chrze\u015bcijan prze\u015bladowanych w pi\u0105tki o godz. 17.40.<br \/>6. Pr\u00f3by do parafialnego koncertu kol\u0119d w salce parafialnej w pi\u0105tek o godz. 19.00. Zapraszamy, by przygotowa\u0107 Panu Jezusowi wsp\u00f3lnotowe kol\u0119dowanie.<br \/>7. Zbi\u00f3rka ministrant\u00f3w w sobot\u0119 o godz. 9.00.<br \/>8. W przysz\u0142\u0105 niedziel\u0119, po mszy \u015bw. o godz. 9.30, 11.15 i 12.30, kiermasz prac uczestnik\u00f3w terapii zaj\u0119ciowej. Prace s\u0105 wykonane przez osoby niepe\u0142nosprawne intelektualnie. Mo\u017cna wspom\u00f3c Stowarzyszenie Niepe\u0142nosprawnych wrzucaj\u0105c do skarbonki \u201dco \u0142aska\u201d.<br \/>9. W przysz\u0142\u0105 niedziel\u0119 na mszy \u015bw. o godz. 11.15 b\u0119dzie \u015bpiewa\u0107 schola dzieci\u0119ca. Pr\u00f3ba w salce w niedziel\u0119 o godz. 10.00. Zapraszamy wszystkie ch\u0119tne dzieci.<br \/>10. Prosimy o zg\u0142aszanie chorych i starszych parafian do spowiedzi \u015bw. adwentowej na sobot\u0119, 21 grudnia, od godz. 9.00.<br \/>11. \u015awiece CARITAS oraz op\u0142atki wigilijne w salce parafialnej &#8211; wej\u015bcie z dziedzi\u0144ca. Ofiary przeznaczone na doposa\u017cenie i ogrzewanie ko\u015bcio\u0142a. <br \/>12. Dzisiaj, w drug\u0105 niedziel\u0119 Adwentu, obchodzimy Dzie\u0144 Modlitwy i Pomocy Ko\u015bcio\u0142owi na Wschodzie. W\u0142\u0105czamy si\u0119 w to dzie\u0142o, modlitw\u0105 oraz sk\u0142adaj\u0105c ofiary do puszek przed ko\u015bcio\u0142em. Nasza pomoc dotrze do ludzi \u017cyj\u0105cych w trudnych warunkach za wschodni\u0105 granic\u0105.<br \/>13. Stowarzyszenie Doktryny Chrze\u015bcija\u0144skiej zaprasza ch\u0142opak\u00f3w z klas si\u00f3dmych i \u00f3smych na warsztaty, kt\u00f3re odb\u0119d\u0105 si\u0119 14 grudnia, od godz. 17.00 do 20.00 w parafii \u015bw. \u0141ukasza Ewangelisty na os. Rusa. W programie: gry, kr\u00f3tki seans filmowy, pocz\u0119stunek oraz wsp\u00f3lna modlitwa. Wi\u0119cej informacji na plakacie, na tablicy og\u0142osze\u0144.<br \/>14. Zach\u0119camy do czytania prasy katolickiej. W kaplicy przy zakrystii: Przewodnik Katolic\u00acki, (o tym, kim jest dzisiaj ksi\u0105dz dla m\u0142odego pokolenia), Go\u015b\u0107 Niedzielny, Ola i Ja\u015b, Egzorcysta (numer grudniowy), gazetka parafialna, poczt\u00f3wki bo\u017conarodzeniowe.<br \/>15. M\u00f3dlmy si\u0119 w intencji rych\u0142ej odbudowy Pomnika Wdzi\u0119czno\u015bci w Poznaniu ze s\u0142owa-mi \u201dNaj\u015bwi\u0119tszemu Sercu Jezusa -Wskrzeszona Polska\u201d, kt\u00f3re to s\u0142owa przypomina\u0142y o przymierzu z Bogiem jako warunku niepodleg\u0142o\u015bci Ojczyzny. M\u00f3dlmy si\u0119: Naj\u015bwi\u0119tsze Serce Jezusa &#8211; zmi\u0142uj si\u0119 nad nami.<\/p>\n<p><br \/>Modlitwa za rodziny &#8211; z inicjatywy Konferencji Episkopatu Polski<\/p>\n<p>Bo\u017ce, w Tr\u00f3jcy \u015awi\u0119tej Jedyny, \u017ar\u00f3d\u0142o \u017cycia i mi\u0142o\u015bci wszystkich ludzi! Dzi\u0119kujemy za to, \u017ce stworzy\u0142e\u015b nas \u2013 m\u0119\u017cczyznami i kobietami, aby\u015bmy si\u0119 nawzajem uzupe\u0142niali i byli dla siebie wzajemn\u0105 pomoc\u0105. Dzi\u0119kujemy, \u017ce przez Jezusa Chrystusa u\u015bwi\u0119ci\u0142e\u015b ma\u0142\u017ce\u0144stwo, ustanawiaj\u0105c je sakramentem. Spraw, aby ka\u017cda rodzina sta\u0142a si\u0119 sanktuarium \u017cycia i mi\u0142o\u015bci. Pom\u00f3\u017c wszystkim ma\u0142\u017conkom trwa\u0107 w wierno\u015bci i jedno\u015bci. Wspieraj ma\u0142\u017ce\u0144stwa i rodziny zagro\u017cone oraz dotkni\u0119te rozmaitymi kryzysami. Oddajemy Ci, Bo\u017ce, wszystkie dzieci od momentu pocz\u0119cia. Niech ciesz\u0105 si\u0119 mi\u0142o\u015bci\u0105 matki i ojca. Spraw, by dzieci i m\u0142odzie\u017c znalaz\u0142y w rodzinach silne wsparcie dla wzrostu w prawdzie i mi\u0142o\u015bci. Umacniaj dziadk\u00f3w i babcie, aby umieli dzieli\u0107 si\u0119 m\u0105dro\u015bci\u0105 i wiar\u0105 z m\u0142odymi. Prosimy, by stanowi\u0105cy prawa i sprawuj\u0105cy w\u0142adz\u0119 s\u0142u\u017cyli pocz\u0119temu \u017cyciu, ma\u0142\u017ce\u0144stwu i rodzinie. \u015awi\u0119ta Rodzino z Nazaretu, wspomagaj, aby umacnia\u0142a si\u0119 \u015bwiadomo\u015b\u0107 \u015bwi\u0119tego i nierozerwalnego charakteru ma\u0142\u017ce\u0144stwa i rodziny. \u015awi\u0119ta Maryjo, Matko Bo\u017ca, Kr\u00f3lowo rodzin, m\u00f3dl si\u0119 za nami! \u015awi\u0119ty J\u00f3zefie, g\u0142owo \u015awi\u0119tej Rodziny, m\u00f3dl si\u0119 za nami! <br \/>\u015awi\u0119ty Janie Pawle II, papie\u017cu rodziny, m\u00f3dl si\u0119 za nami!<\/p>\n<p><br \/><br \/><\/p>\n","protected":false},"excerpt":{"rendered":"<p>OG\u0141OSZENIA DUSZPASTERSKIENIEDZIELA II ADWENTUUroczysto\u015b\u0107 Niepokalanego Pocz\u0119cia Naj\u015bwi\u0119tszej Maryi Panny8 grudnia 2019 r.1. Kalendarz liturgiczny: poniedzia\u0142ek \u2013 \u015bw. Jana Diego, wtorek &#8211; NMP z Loreto, \u015broda \u2013 \u015bw. Damazego, czwartek \u2013 NMP z Guadalupe, pi\u0105tek \u2013 \u015bw. \u0141ucji, sobota \u2013 \u015bw. Jana od Krzy\u017ca.2. Roraty w tygodniu o godz. 6.00. Dla dzieci od poniedzia\u0142ku do pi\u0105tku &#8230; <span class=\"more\"><a class=\"more-link\" href=\"https:\/\/www.chnk.pl\/?p=2545\">czytaj wi\u0119cej<\/a><\/span><\/p>\n","protected":false},"author":3,"featured_media":0,"comment_status":"open","ping_status":"open","sticky":false,"template":"","format":"standard","meta":{"ngg_post_thumbnail":0,"footnotes":""},"categories":[1],"tags":[],"_links":{"self":[{"href":"https:\/\/www.chnk.pl\/index.php?rest_route=\/wp\/v2\/posts\/2545"}],"collection":[{"href":"https:\/\/www.chnk.pl\/index.php?rest_route=\/wp\/v2\/posts"}],"about":[{"href":"https:\/\/www.chnk.pl\/index.php?rest_route=\/wp\/v2\/types\/post"}],"author":[{"embeddable":true,"href":"https:\/\/www.chnk.pl\/index.php?rest_route=\/wp\/v2\/users\/3"}],"replies":[{"embeddable":true,"href":"https:\/\/www.chnk.pl\/index.php?rest_route=%2Fwp%2Fv2%2Fcomments&post=2545"}],"version-history":[{"count":1,"href":"https:\/\/www.chnk.pl\/index.php?rest_route=\/wp\/v2\/posts\/2545\/revisions"}],"predecessor-version":[{"id":2546,"href":"https:\/\/www.chnk.pl\/index.php?rest_route=\/wp\/v2\/posts\/2545\/revisions\/2546"}],"wp:attachment":[{"href":"https:\/\/www.chnk.pl\/index.php?rest_route=%2Fwp%2Fv2%2Fmedia&parent=2545"}],"wp:term":[{"taxonomy":"category","embeddable":true,"href":"https:\/\/www.chnk.pl\/index.php?rest_route=%2Fwp%2Fv2%2Fcategories&post=2545"},{"taxonomy":"post_tag","embeddable":true,"href":"https:\/\/www.chnk.pl\/index.php?rest_route=%2Fwp%2Fv2%2Ftags&post=2545"}],"curies":[{"name":"wp","href":"https:\/\/api.w.org\/{rel}","templated":true}]}}