{"id":2536,"date":"2019-11-30T23:12:48","date_gmt":"2019-11-30T23:12:48","guid":{"rendered":"http:\/\/www.chnk.pl\/?p=2536"},"modified":"2019-11-30T23:13:47","modified_gmt":"2019-11-30T23:13:47","slug":"poznanskie-forum-charyzmatyczne","status":"publish","type":"post","link":"https:\/\/www.chnk.pl\/?p=2536","title":{"rendered":"Pozna\u0144skie Forum Charyzmatyczne"},"content":{"rendered":"\n<p><a href=\"http:\/\/www.chnk.pl\/?attachment_id=2537\" rel=\"attachment wp-att-2537\"><span class=\"gwp207c4f72_font\">Przyjaciele Ducha \u015awi\u0119tego i Odnowa w Duchu \u015awi\u0119tym Archidiecezji Pozna\u0144skiej pod patronatem Arcybiskupa Stanis\u0142awa G\u0105deckiego zapraszaj\u0105 kap\u0142an\u00f3w, wiernych oraz grupy i wsp\u00f3lnoty duszpasterskie&nbsp;<\/span><b><span class=\"gwp207c4f72_font\">14.12.2019 (sobota) na godzin\u0119 9.00<\/span><\/b><span class=\"gwp207c4f72_font\">&nbsp;do Hali Widowiskowej w Puszczykowie na&nbsp;<\/span><b><u><span class=\"gwp207c4f72_font\">Pozna\u0144skie Forum<\/span><\/u><\/b><span class=\"gwp207c4f72_font\">&nbsp;<\/span><b><u><span class=\"gwp207c4f72_font\">Charyzmatyczne<\/span><\/u><\/b><span class=\"gwp207c4f72_font\">. Wszystkie informacje znajduj\u0105 si\u0119 na za\u0142\u0105czonych plakatach i stronie internetowej&nbsp;<\/span><\/a><a href=\"http:\/\/www.poznanforum.pl\/\" rel=\"noopener noreferrer\" data-saferedirecturl=\"https:\/\/zasobygwp.pl\/redirect?sig=a5d8c511c6b762a498a73d48ec35a512e4f78db978227f57ad0ad46b76cf4255&amp;url=aHR0cDovL3d3dy5wb3puYW5mb3J1bS5wbA==&amp;platform=mobilewww&amp;brand=wp\"><u><span class=\"gwp207c4f72_colour\"><span class=\"gwp207c4f72_font\">www.poznanforum.pl<\/span><\/span><\/u><\/a><a href=\"http:\/\/www.chnk.pl\/?attachment_id=2537\" rel=\"attachment wp-att-2537\"><span class=\"gwp207c4f72_font\">&nbsp;a tak\u017ce pod telefonem 733757413.<\/span><img decoding=\"async\" loading=\"lazy\" class=\"aligncenter size-medium wp-image-2537\" src=\"http:\/\/www.chnk.pl\/wp-content\/uploads\/2019\/11\/IMG_5635-300x180.jpg\" alt=\"\" width=\"300\" height=\"180\" srcset=\"https:\/\/www.chnk.pl\/wp-content\/uploads\/2019\/11\/IMG_5635-300x180.jpg 300w, https:\/\/www.chnk.pl\/wp-content\/uploads\/2019\/11\/IMG_5635-768x461.jpg 768w, https:\/\/www.chnk.pl\/wp-content\/uploads\/2019\/11\/IMG_5635-1024x614.jpg 1024w, https:\/\/www.chnk.pl\/wp-content\/uploads\/2019\/11\/IMG_5635-250x150.jpg 250w, https:\/\/www.chnk.pl\/wp-content\/uploads\/2019\/11\/IMG_5635.jpg 1500w\" sizes=\"(max-width: 300px) 100vw, 300px\" \/><\/a><a href=\"http:\/\/www.chnk.pl\/?attachment_id=2538\" rel=\"attachment wp-att-2538\"><img decoding=\"async\" loading=\"lazy\" class=\"aligncenter size-medium wp-image-2538\" src=\"http:\/\/www.chnk.pl\/wp-content\/uploads\/2019\/11\/4f7105b2-409c-43ba-b119-4ef1ad35ec1f-1-212x300.jpg\" alt=\"\" width=\"212\" height=\"300\" srcset=\"https:\/\/www.chnk.pl\/wp-content\/uploads\/2019\/11\/4f7105b2-409c-43ba-b119-4ef1ad35ec1f-1-212x300.jpg 212w, https:\/\/www.chnk.pl\/wp-content\/uploads\/2019\/11\/4f7105b2-409c-43ba-b119-4ef1ad35ec1f-1-177x250.jpg 177w, https:\/\/www.chnk.pl\/wp-content\/uploads\/2019\/11\/4f7105b2-409c-43ba-b119-4ef1ad35ec1f-1.jpg 613w\" sizes=\"(max-width: 212px) 100vw, 212px\" \/><\/a><\/p>\n","protected":false},"excerpt":{"rendered":"<p>Przyjaciele Ducha \u015awi\u0119tego i Odnowa w Duchu \u015awi\u0119tym Archidiecezji Pozna\u0144skiej pod patronatem Arcybiskupa Stanis\u0142awa G\u0105deckiego zapraszaj\u0105 kap\u0142an\u00f3w, wiernych oraz grupy i wsp\u00f3lnoty duszpasterskie&nbsp;14.12.2019 (sobota) na godzin\u0119 9.00&nbsp;do Hali Widowiskowej w Puszczykowie na&nbsp;Pozna\u0144skie Forum&nbsp;Charyzmatyczne. Wszystkie informacje znajduj\u0105 si\u0119 na za\u0142\u0105czonych plakatach i stronie internetowej&nbsp;www.poznanforum.pl&nbsp;a tak\u017ce pod telefonem 733757413.<\/p>\n","protected":false},"author":3,"featured_media":0,"comment_status":"open","ping_status":"open","sticky":false,"template":"","format":"standard","meta":{"ngg_post_thumbnail":0,"footnotes":""},"categories":[1],"tags":[],"_links":{"self":[{"href":"https:\/\/www.chnk.pl\/index.php?rest_route=\/wp\/v2\/posts\/2536"}],"collection":[{"href":"https:\/\/www.chnk.pl\/index.php?rest_route=\/wp\/v2\/posts"}],"about":[{"href":"https:\/\/www.chnk.pl\/index.php?rest_route=\/wp\/v2\/types\/post"}],"author":[{"embeddable":true,"href":"https:\/\/www.chnk.pl\/index.php?rest_route=\/wp\/v2\/users\/3"}],"replies":[{"embeddable":true,"href":"https:\/\/www.chnk.pl\/index.php?rest_route=%2Fwp%2Fv2%2Fcomments&post=2536"}],"version-history":[{"count":2,"href":"https:\/\/www.chnk.pl\/index.php?rest_route=\/wp\/v2\/posts\/2536\/revisions"}],"predecessor-version":[{"id":2540,"href":"https:\/\/www.chnk.pl\/index.php?rest_route=\/wp\/v2\/posts\/2536\/revisions\/2540"}],"wp:attachment":[{"href":"https:\/\/www.chnk.pl\/index.php?rest_route=%2Fwp%2Fv2%2Fmedia&parent=2536"}],"wp:term":[{"taxonomy":"category","embeddable":true,"href":"https:\/\/www.chnk.pl\/index.php?rest_route=%2Fwp%2Fv2%2Fcategories&post=2536"},{"taxonomy":"post_tag","embeddable":true,"href":"https:\/\/www.chnk.pl\/index.php?rest_route=%2Fwp%2Fv2%2Ftags&post=2536"}],"curies":[{"name":"wp","href":"https:\/\/api.w.org\/{rel}","templated":true}]}}