{"id":2532,"date":"2019-11-30T23:03:43","date_gmt":"2019-11-30T23:03:43","guid":{"rendered":"http:\/\/www.chnk.pl\/?p=2532"},"modified":"2019-11-30T23:03:43","modified_gmt":"2019-11-30T23:03:43","slug":"adwent","status":"publish","type":"post","link":"https:\/\/www.chnk.pl\/?p=2532","title":{"rendered":"Adwent"},"content":{"rendered":"\n<p>ADWENTEM rozpoczynamy nowy rok ko\u015bcielny, kt\u00f3ry b\u0119dziemy prze\u017cywa\u0107 pod has\u0142em &#8222;Wierz\u0119 w Syna Bo\u017cego&#8221;. Ka\u017cdego roku Adwent przypomina nam, \u017ce Jezus przyszed\u0142 i nie\u00acustannie przychodzi. Adwent ma by\u0107 czasem pe\u0142nego t\u0119sknoty i mi\u0142o\u015bci oczekiwaniem na spotkanie z Bogiem-Mi\u0142o\u015bci\u0105. Liturgiczna my\u015bl Adwentu ukazuje podw\u00f3jne znaczenie tego okresu. , kt\u00f3re dostrzec mo\u017cna w dw\u00f3ch jego etapach. Pierwszy &#8211; od 1 Niedzieli do 16 grudnia &#8211; sk\u0142ania do spojrzenia w przysz\u0142o\u015b\u0107, kiedy Syn Bo\u017cy, uwielbiony przyjdzie w chwale. Drugi etap Adwentu (od 17 do 24 grudnia), to czas bezpo\u015bredniego przygotowania do Bo\u017cego Narodzenia, to czas szczeg\u00f3lnego wysi\u0142ku odrodzenia w sobie \u017cycia dzieci Bo-\u017cych. Propozycje postanowie\u0144 adwentowych: 1. udzia\u0142 w roratach, 2. spowied\u017a \u015bw. adwen-towa<br \/>Adwent: (z \u0142ac. adventus \u201eprzyj\u015bcie\u201d) w liturgii chrze\u015bcija\u0144skiej okres czterech tygodni przygotowuj\u0105cy do \u015bwi\u0119towania tajemnicy Bo\u017cego Narodzenia. Sk\u0142ada si\u0119 z dw\u00f3ch cz\u0119\u015bci. Pierwsza cz\u0119\u015b\u0107 Adwentu (do 16 grudnia) akcentuje w tekstach liturgicznych, w modlitwach i czytaniach biblijnych oczekiwanie na drugie przyj\u015bcie Chrystusa. Druga cz\u0119\u015b\u0107 natomiast (od 17 grudnia do 24) przygotowuje bezpo\u015brednio do uroczysto\u015bci Narodzenia Pa\u0144skiego. Rozpoczyna si\u0119 trzeci\u0105 niedziel\u0105 Adwentu zwan\u0105 niedziel\u0105 Gaudete obchodzon\u0105 szczeg\u00f3l\u00acnie rado\u015bnie. Nazwa ta pochodzi od s\u0142\u00f3w antyfony na wej\u015bcie: Gaudete in Domino (radujcie si\u0119 w Panu). W tym dniu szaty liturgiczne s\u0105 r\u00f3\u017cowe. Cho\u0107 Kap\u0142an w okresie Adwentu za\u00ack\u0142ada do Mszy \u015awi\u0119tej ornat w kolorze fioletowym symbolizuj\u0105cym czas pokuty, jest to jednak w odr\u00f3\u017cnieniu od charakteru okresu Wielkiego Postu, czas radosnego przygotowania serc do jednego z najwa\u017cniejszych \u015bwi\u0105t, czas pojednania z Bogiem i lud\u017ami (Iz 40,3). Zwornikiem tekst\u00f3w liturgii adwentowej obydwu cz\u0119\u015bci s\u0105 niedzielne czytania z ksi\u0119gi pro\u00acroka Izajasza (np. w roku liturgicznym A: 2,1-5; 11,1-10; 35,1-6a10; 7,10-14), kt\u00f3re zapo\u00acwiadaj\u0105 radosne przyj\u015bcie Mesjasza. W tym czasie winno si\u0119 odprawi\u0107 rekolekcje, kt\u00f3re maj\u0105 pom\u00f3c wiernym spotka\u0107 si\u0119 z Jezusem szczeg\u00f3lnie w sakramencie pojednania. Pod\u00acczas Adwentu odprawia si\u0119, w dni powszednie przed \u015bwitem, Msz\u0119 \u015bw. ku czci Naj\u015bwi\u0119t\u00acszej Maryi Panny \u2013 roraty. Nazwa ta pochodzi od s\u0142\u00f3w pie\u015bni na wej\u015bcie: Rorate caeli de\u00acsuper (Spu\u015b\u0107cie ros\u0119 niebiosa) i przygotowuje uczestnicz\u0105cych do przyj\u0119cia Jezusa z wielk\u0105 mi\u0142o\u015bci\u0105 na wz\u00f3r Maryi. Jest to Msza w czasie kt\u00f3rej \u015bpiewa si\u0119 Gloria. Najstarsze \u015blady odprawianej w Polsce Mszy roratniej si\u0119gaj\u0105 XII w.<br \/>Adwent obchodzony corocznie przypomina jednocze\u015bnie, \u017ce ca\u0142e \u017cycie chrze\u015bcijan winno by\u0107 oczekiwaniem na spotkanie umi\u0142owanego Pana. Pocz\u0105wszy od XI w. pierwsza niedziela Adwentu rozpoczyna w Ko\u015bciele nowy rok liturgiczny (A lub B lub C). Tegorocznym Ad\u00acwentem rozpoczynamy liturgiczny rok A.<\/p>\n<p>Symbole adwentowe:<\/p>\n<p>Wieniec adwentowy: obraz wsp\u00f3lnoty oczekuj\u0105cej w rado\u015bci i mi\u0142o\u015bci swego Pana. Stanowi symbol zwyci\u0119stwa i godno\u015bci kr\u00f3lewskiej. Cztery \u015bwiece symbolizuj\u0105 cztery niedziele Ad\u00acwentu. Zapalanie tych kolejnych \u015bwiec (\u015bwiecy pokoju, wiary, mi\u0142o\u015bci, nadziei) oznacza czuwanie i gotowo\u015b\u0107 na przyj\u015bcie Chrystusa. \u015awiat\u0142o, ziele\u0144, forma kr\u0119gu wie\u0144ca posiadaj\u0105 swoj\u0105 wymow\u0119 i oznaczaj\u0105: nadziej\u0119, \u017cycie, wieczno\u015b\u0107 Boga.<br \/>Tw\u00f3rc\u0105 wie\u0144ca adwentowego jest niemiecki pastor ewangelicki Johann Wichern (1808-1881).<\/p>\n<p>W niekt\u00f3rych parafiach polskich w pierwsz\u0105 niedziel\u0119 Adwentu istnieje zwy\u00acczaj \u015bwi\u0119cenia wie\u0144c\u00f3w adwentowych. Ca\u0142a rodzina gromadz\u0105c si\u0119 przy wsp\u00f3lnej modli\u00actwie zapala kolejne \u015bwiece na znak czuwania i gotowo\u015bci razem z ca\u0142ym Ko\u015bcio\u0142em na przyj\u015bcie Jezusa.<br \/>\u015awieca roratnia: z odprawianiem Mszy roratniej wi\u0105\u017ce si\u0119 zapalanie przy o\u0142tarzu si\u00f3dmej \u015bwiecy ozdobionej bia\u0142\u0105 lub niebiesk\u0105 wst\u0105\u017ck\u0105. Symbolizuje ona Niepokalan\u0105, kt\u00f3ra przy-nios\u0142a \u015bwiatu Chrystusa-s\u0142o\u0144ce.<\/p>\n<p>Kalendarz adwentowy ma zwykle kszta\u0142t drabiny, po kt\u00f3rej Dzieci\u0119 Jezus zst\u0119puje w kie-runku \u017c\u0142\u00f3bka. Symbolizuje Maryj\u0119, kt\u00f3ra sta\u0142a si\u0119 drabin\u0105 niebiesk\u0105 przez kt\u00f3r\u0105 B\u00f3g zst\u0105pi\u0142 na ziemi\u0119.<\/p>\n<p>Pustynia: potrzebujemy pustyni, by w ciszy us\u0142ysze\u0107 g\u0142os Boga, kt\u00f3ry rozbrzmiewa w nas. Adwent jest wyj\u015bciem na pustyni\u0119 (Oz 2,16), czasem wyprostowywania pokr\u0119conych dr\u00f3g naszego \u017cycia (Mk 1,3; Iz 40,3). To okres kiedy suche jak pustynia serce cz\u0142owieka otrzy-muje obietnic\u0119 wody \u017cywej Zbawiciela (Iz 35,1-3; 45,8).<\/p>\n<p>Pos\u0142any: B\u00f3g Ojciec realizuje sw\u00f3j plan zbawienia poprzez pos\u0142annictwo. Posy\u0142a Jana Chrzciciela, aby przygotowa\u0142 drog\u0119 Panu (Mk 1,1-4). Posy\u0142a Archanio\u0142a Gabriela do dzie-wicy Maryi, aby oznajmi\u0142 jej, \u017ce pocznie i porodzi Syna, kt\u00f3remu nada imi\u0119 Jezus (\u0141k 1,26-38), posy\u0142a swego Syna (\u0141k 4,18), posy\u0142a Ducha Swi\u0119tego (J 14,26). Pos\u0142annictwo Syna znajduje z kolei swoje przed\u0142u\u017cenie w misji jego wys\u0142annik\u00f3w \u2013 dwunastu aposto\u0142\u00f3w, kt\u00f3rych jeszcze za swojego \u017cycia Jezus wys\u0142a\u0142 przed sob\u0105, aby g\u0142osili S\u0142owo (\u0141k 10,3).<\/p>\n<p>Bibliografia<br \/>Bogus\u0142aw Nadolski, Liturgika, II, Pozna\u0144 1991.<br \/>Tarsycjusz Sinka, Liturgika, Krak\u00f3w 1994.<\/p>\n","protected":false},"excerpt":{"rendered":"<p>ADWENTEM rozpoczynamy nowy rok ko\u015bcielny, kt\u00f3ry b\u0119dziemy prze\u017cywa\u0107 pod has\u0142em &#8222;Wierz\u0119 w Syna Bo\u017cego&#8221;. Ka\u017cdego roku Adwent przypomina nam, \u017ce Jezus przyszed\u0142 i nie\u00acustannie przychodzi. Adwent ma by\u0107 czasem pe\u0142nego t\u0119sknoty i mi\u0142o\u015bci oczekiwaniem na spotkanie z Bogiem-Mi\u0142o\u015bci\u0105. Liturgiczna my\u015bl Adwentu ukazuje podw\u00f3jne znaczenie tego okresu. , kt\u00f3re dostrzec mo\u017cna w dw\u00f3ch jego etapach. Pierwszy &#8230; <span class=\"more\"><a class=\"more-link\" href=\"https:\/\/www.chnk.pl\/?p=2532\">czytaj wi\u0119cej<\/a><\/span><\/p>\n","protected":false},"author":3,"featured_media":0,"comment_status":"open","ping_status":"open","sticky":false,"template":"","format":"standard","meta":{"ngg_post_thumbnail":0,"footnotes":""},"categories":[1],"tags":[],"_links":{"self":[{"href":"https:\/\/www.chnk.pl\/index.php?rest_route=\/wp\/v2\/posts\/2532"}],"collection":[{"href":"https:\/\/www.chnk.pl\/index.php?rest_route=\/wp\/v2\/posts"}],"about":[{"href":"https:\/\/www.chnk.pl\/index.php?rest_route=\/wp\/v2\/types\/post"}],"author":[{"embeddable":true,"href":"https:\/\/www.chnk.pl\/index.php?rest_route=\/wp\/v2\/users\/3"}],"replies":[{"embeddable":true,"href":"https:\/\/www.chnk.pl\/index.php?rest_route=%2Fwp%2Fv2%2Fcomments&post=2532"}],"version-history":[{"count":1,"href":"https:\/\/www.chnk.pl\/index.php?rest_route=\/wp\/v2\/posts\/2532\/revisions"}],"predecessor-version":[{"id":2533,"href":"https:\/\/www.chnk.pl\/index.php?rest_route=\/wp\/v2\/posts\/2532\/revisions\/2533"}],"wp:attachment":[{"href":"https:\/\/www.chnk.pl\/index.php?rest_route=%2Fwp%2Fv2%2Fmedia&parent=2532"}],"wp:term":[{"taxonomy":"category","embeddable":true,"href":"https:\/\/www.chnk.pl\/index.php?rest_route=%2Fwp%2Fv2%2Fcategories&post=2532"},{"taxonomy":"post_tag","embeddable":true,"href":"https:\/\/www.chnk.pl\/index.php?rest_route=%2Fwp%2Fv2%2Ftags&post=2532"}],"curies":[{"name":"wp","href":"https:\/\/api.w.org\/{rel}","templated":true}]}}