{"id":2522,"date":"2019-11-23T15:22:07","date_gmt":"2019-11-23T15:22:07","guid":{"rendered":"http:\/\/www.chnk.pl\/?p=2522"},"modified":"2019-11-23T15:22:07","modified_gmt":"2019-11-23T15:22:07","slug":"34-niedzielazwykla","status":"publish","type":"post","link":"https:\/\/www.chnk.pl\/?p=2522","title":{"rendered":"34 NiedzielaZwyk\u0142a"},"content":{"rendered":"\n<p><br \/>OG\u0141OSZENIA DUSZPASTERSKIE<br \/>Uroczysto\u015b\u0107 Jezusa Chrystusa Kr\u00f3la Wszech\u015bwiata<br \/>24 listopada 2019 r.<br \/>1. Dzisiaj, po mszy \u015bw. wystawienie Naj\u015bwi\u0119tszego Sakramentu i akt po\u015bwi\u0119cenia Jezusowi Chrystusowi Kr\u00f3lowi. Msza \u015bw. ko\u0144czy si\u0119 b\u0142ogos\u0142awie\u0144stwem eucharystycznym. Za pobo\u017cne i publiczne zm\u00f3wienie ww. aktu po\u015bwi\u0119cenie mo\u017cna dost\u0105pi\u0107 odpustu zupe\u0142nego.<\/p>\n<p>2. Msza \u015bw. z modlitw\u0105 o uzdrowienie w czwartek o godz. 19.15. Prosimy przynie\u015b\u0107 zapisane na kartkach intencje.<\/p>\n<p>3. W pi\u0105tek rozpoczynamy nowenn\u0119 przed Uroczysto\u015bci\u0105 Niepokalanego Pocz\u0119cia Naj\u015bwi\u0119tszej Maryi Panny. Zapraszamy na r\u00f3\u017caniec o godz. 17.20 przed wystawionym Naj\u015bwi\u0119tszym Sakramentem.<\/p>\n<p>4. Wanda B\u0142e\u0144ska \u2013 kandydatka na o\u0142tarze &#8211; \u017cycie i \u015bwi\u0119to\u015b\u0107. Spotkanie na Jej temat w salce parafialnej w pi\u0105tek po wieczornej mszy \u015bw.<\/p>\n<p>5. Pr\u00f3by do parafialnego koncertu kol\u0119d w pi\u0105tek o godz. 19.00. Zapraszamy na przygotowanie rodzinnego kol\u0119dowania.<\/p>\n<p>6. Zbi\u00f3rka ministrant\u00f3w i kandydat\u00f3w w sobot\u0119 o godz. 9.00 i wyj\u015bcie do kr\u0119gielni.<\/p>\n<p>7. W przysz\u0142\u0105 niedziel\u0119 mo\u017cliwo\u015b\u0107 ofiarowania \u017cywno\u015bci, o przed\u0142u\u017conym czasie przecho\u00acwywania, dla potrzebuj\u0105cych z naszej parafii.<\/p>\n<p>8. Za tydzie\u0144 rozpoczynamy Adwent &#8211; czas oczekiwania na Przyj\u015bcie Pana i Uroczysto\u015b\u0107 Bo\u017cego Narodzenia. Zach\u0119camy do przygotowania rodzinnego wie\u0144ca adwentowego z czterema \u015bwiecami. W przysz\u0142\u0105 niedziel\u0119, przed msz\u0105 \u015bw., w salce parafialnej, b\u0119d\u0105 rodzinne wie\u0144ce adwentowe. Po\u015bwi\u0119cenie wie\u0144c\u00f3w adwentowych, w przysz\u0142\u0105 niedziel\u0119 na ka\u017cdej mszy \u015bw. Zach\u0119camy dzieci do przygotowania lampionu roratniego i rodzinnej stajenki betlejemskiej pod choink\u0119.<\/p>\n<p>9. Zach\u0119camy do czytania prasy katolickiej. Przy zakrystii: Przewodnik Katolicki (z modlitewnikiem na grudzie\u0144), Ma\u0142y Przewodni Katolicki, Go\u015b\u0107 Niedzielny (z kalendarzem), Ola i Ja\u015b (dla dzieci przedszkolnych), Egzorcysta,kalendarzyki kieszonkowe Ksi\u0119garni \u015bw. Wojciecha i gazetka parafialna.<\/p>\n<p>10. Op\u0142atki wigilijne i \u015bwiece Caritas od przysz\u0142ej niedzieli w salce parafialnej. Ofiary przeznaczone na CARITAS oraz doposa\u017canie i ogrzewanie ko\u015bcio\u0142a.<\/p>\n<p>11. M\u00f3dlmy si\u0119 za zmar\u0142ych Parafian. Za dusz\u0119 \u015bp. Liliany Urbanowicz, os. Lecha 80, dusz\u0119 \u015bp. Marka Wielbowicza os. Lecha 51 (msza \u015bw. pogrzebowa w czwartek o godz. 16.45) i dusz\u0119 \u015bp. Marii Kosmala, os. Lecha 126 (msza \u015bw. pogrzebowa w pi\u0105tek o godz. 16.45). Wieczny odpoczynek racz zmar\u0142ym da\u0107 Panie.<\/p>\n","protected":false},"excerpt":{"rendered":"<p>OG\u0141OSZENIA DUSZPASTERSKIEUroczysto\u015b\u0107 Jezusa Chrystusa Kr\u00f3la Wszech\u015bwiata24 listopada 2019 r.1. Dzisiaj, po mszy \u015bw. wystawienie Naj\u015bwi\u0119tszego Sakramentu i akt po\u015bwi\u0119cenia Jezusowi Chrystusowi Kr\u00f3lowi. Msza \u015bw. ko\u0144czy si\u0119 b\u0142ogos\u0142awie\u0144stwem eucharystycznym. Za pobo\u017cne i publiczne zm\u00f3wienie ww. aktu po\u015bwi\u0119cenie mo\u017cna dost\u0105pi\u0107 odpustu zupe\u0142nego. 2. Msza \u015bw. z modlitw\u0105 o uzdrowienie w czwartek o godz. 19.15. Prosimy przynie\u015b\u0107 zapisane &#8230; <span class=\"more\"><a class=\"more-link\" href=\"https:\/\/www.chnk.pl\/?p=2522\">czytaj wi\u0119cej<\/a><\/span><\/p>\n","protected":false},"author":3,"featured_media":0,"comment_status":"open","ping_status":"open","sticky":false,"template":"","format":"standard","meta":{"ngg_post_thumbnail":0,"footnotes":""},"categories":[1],"tags":[],"_links":{"self":[{"href":"https:\/\/www.chnk.pl\/index.php?rest_route=\/wp\/v2\/posts\/2522"}],"collection":[{"href":"https:\/\/www.chnk.pl\/index.php?rest_route=\/wp\/v2\/posts"}],"about":[{"href":"https:\/\/www.chnk.pl\/index.php?rest_route=\/wp\/v2\/types\/post"}],"author":[{"embeddable":true,"href":"https:\/\/www.chnk.pl\/index.php?rest_route=\/wp\/v2\/users\/3"}],"replies":[{"embeddable":true,"href":"https:\/\/www.chnk.pl\/index.php?rest_route=%2Fwp%2Fv2%2Fcomments&post=2522"}],"version-history":[{"count":1,"href":"https:\/\/www.chnk.pl\/index.php?rest_route=\/wp\/v2\/posts\/2522\/revisions"}],"predecessor-version":[{"id":2523,"href":"https:\/\/www.chnk.pl\/index.php?rest_route=\/wp\/v2\/posts\/2522\/revisions\/2523"}],"wp:attachment":[{"href":"https:\/\/www.chnk.pl\/index.php?rest_route=%2Fwp%2Fv2%2Fmedia&parent=2522"}],"wp:term":[{"taxonomy":"category","embeddable":true,"href":"https:\/\/www.chnk.pl\/index.php?rest_route=%2Fwp%2Fv2%2Fcategories&post=2522"},{"taxonomy":"post_tag","embeddable":true,"href":"https:\/\/www.chnk.pl\/index.php?rest_route=%2Fwp%2Fv2%2Ftags&post=2522"}],"curies":[{"name":"wp","href":"https:\/\/api.w.org\/{rel}","templated":true}]}}