{"id":2518,"date":"2019-11-16T15:54:40","date_gmt":"2019-11-16T15:54:40","guid":{"rendered":"http:\/\/www.chnk.pl\/?p=2518"},"modified":"2019-11-16T15:54:40","modified_gmt":"2019-11-16T15:54:40","slug":"33-niedziela-zwykla-3","status":"publish","type":"post","link":"https:\/\/www.chnk.pl\/?p=2518","title":{"rendered":"33 Niedziela Zwyk\u0142a"},"content":{"rendered":"\n<p>OG\u0141OSZENIA DUSZPASTERSKIE<br \/>NIEDZIELA XXXIII ZWYK\u0141A<br \/>17 listopada 2019 r.<\/p>\n<p>1. Kalendarz liturgiczny:<br \/>poniedzia\u0142ek \u2013 b\u0142og. Karoliny K\u00f3zk\u00f3wny,<br \/>\u015broda \u2013 \u015bw. Rafa\u0142a Kalinowskiego,<br \/>czwartek &#8211; Ofiarowanie Naj\u015bwi\u0119tszej Maryi Panny,<br \/>pi\u0105tek \u2013 \u015bw. Cecylii,<br \/>sobota \u2013 \u015bw. Klemensa i \u015bw. Kolumbana.<\/p>\n<p>2. We wtorek dzie\u0144 salety\u0144ski. R\u00f3\u017caniec salety\u0144ski o godz. 7.30, msza \u015bw. i procesja do figury Matki Bo\u017cej Salety\u0144skiej. Tym nabo\u017ce\u0144stwem wynagradzamy za opuszczone niedzielne Msze \u015bw., nieposzanowanie spoczynku niedzielnego i okropne przekle\u0144stwa i z\u0142orzeczenia.<\/p>\n<p>3. W \u015brod\u0119 Kr\u0105g Biblijny o godz. 19.00 w salce parafialnej. Zapraszamy do niestrudzonego poznawania Pana Jezusa w S\u0142owie Bo\u017cym.<\/p>\n<p>4. Koronka do Mi\u0142osierdzia Bo\u017cego w intencji chrze\u015bcijan prze\u015bladowanych w pi\u0105tki o godz. 17.40.<\/p>\n<p>5. Pr\u00f3by do parafialnego koncertu kol\u0119d. Zapraszamy ch\u0119tnych do \u015bpiewania kol\u0119d w pi\u0105tek o godz. 19.00 do salki parafialnej. Zapraszamy, by przygotowa\u0107 Panu Jezusowi pi\u0119kne, rodzinne kol\u0119dowanie.<\/p>\n<p>6. W przysz\u0142\u0105 niedziele Uroczysto\u015b\u0107 Chrystusa Kr\u00f3la Wszech\u015bwiata, ko\u0144czy si\u0119 rok ko\u015bcielny. Po ka\u017cdej Mszy \u015bw. wystawienie Naj\u015bwi\u0119tszego Sakramentu i akt po\u015bwi\u0119cenia Jezusowi Chrystusowi Kr\u00f3lowi. Msza \u015bw. ko\u0144czy si\u0119 b\u0142ogos\u0142awie\u0144stwem eucharystycznym.<\/p>\n<p>7. Tegoroczne uroczysto\u015bci ku czci Cudownego Medalika i przyj\u0119cie do Apostolatu Maryjnego odb\u0119d\u0105 si\u0119, w sanktuarium Przemienienia Pa\u0144skiego, przy Rynku Bernardy\u0144skim, w dniach 25 do 27 listopada br. (ko\u015bci\u00f3\u0142 przy szpitalu) Program Triduum Maryjnego b\u0119dzie nast\u0119puj\u0105cy: godz. 17,oo &#8211; adoracja Naj\u015bwi\u0119tszego Sakramentu, 18.oo \u2013 msza \u015bw., 18,45 &#8211; Konferencja maryjna.<\/p>\n<p>8. W przysz\u0142\u0105 niedziel\u0119, 24 listopada br. POKUTNY MARSZ R\u00d3\u017bA\u0143COWY. To modlitwa za Ojczyzn\u0119. Pocz\u0105tek o godz. 12.30 msz\u0105 \u015bw. w ko\u015bciele Bo\u017cego Cia\u0142a.<\/p>\n<p>9. B\u00f3g zap\u0142a\u0107 za ofiary na nasze seminarium i na doposa\u017canie naszego ko\u015bcio\u0142a. B\u00f3g zap\u0142a\u0107 panom za zgrabienie li\u015bci przy ko\u015bciele i zespo\u0142om sprz\u0105taj\u0105cym ko\u015bci\u00f3\u0142.<\/p>\n<p>10. Zach\u0119camy do czytania prasy katolickiej. Przy zakrystii: Przewodnik Katolicki ( o tym jak odkry\u0107 sens pi\u0105tkowego postu), Ma\u0142y Przewodni Katolicki, Go\u015b\u0107 Niedzielny, Ola i Ja\u015b, Egzorcysta, gazetka parafialna.<\/p>\n","protected":false},"excerpt":{"rendered":"<p>OG\u0141OSZENIA DUSZPASTERSKIENIEDZIELA XXXIII ZWYK\u0141A17 listopada 2019 r. 1. Kalendarz liturgiczny:poniedzia\u0142ek \u2013 b\u0142og. Karoliny K\u00f3zk\u00f3wny,\u015broda \u2013 \u015bw. Rafa\u0142a Kalinowskiego,czwartek &#8211; Ofiarowanie Naj\u015bwi\u0119tszej Maryi Panny,pi\u0105tek \u2013 \u015bw. Cecylii,sobota \u2013 \u015bw. Klemensa i \u015bw. Kolumbana. 2. We wtorek dzie\u0144 salety\u0144ski. R\u00f3\u017caniec salety\u0144ski o godz. 7.30, msza \u015bw. i procesja do figury Matki Bo\u017cej Salety\u0144skiej. Tym nabo\u017ce\u0144stwem wynagradzamy za &#8230; <span class=\"more\"><a class=\"more-link\" href=\"https:\/\/www.chnk.pl\/?p=2518\">czytaj wi\u0119cej<\/a><\/span><\/p>\n","protected":false},"author":3,"featured_media":0,"comment_status":"open","ping_status":"open","sticky":false,"template":"","format":"standard","meta":{"ngg_post_thumbnail":0,"footnotes":""},"categories":[1],"tags":[],"_links":{"self":[{"href":"https:\/\/www.chnk.pl\/index.php?rest_route=\/wp\/v2\/posts\/2518"}],"collection":[{"href":"https:\/\/www.chnk.pl\/index.php?rest_route=\/wp\/v2\/posts"}],"about":[{"href":"https:\/\/www.chnk.pl\/index.php?rest_route=\/wp\/v2\/types\/post"}],"author":[{"embeddable":true,"href":"https:\/\/www.chnk.pl\/index.php?rest_route=\/wp\/v2\/users\/3"}],"replies":[{"embeddable":true,"href":"https:\/\/www.chnk.pl\/index.php?rest_route=%2Fwp%2Fv2%2Fcomments&post=2518"}],"version-history":[{"count":1,"href":"https:\/\/www.chnk.pl\/index.php?rest_route=\/wp\/v2\/posts\/2518\/revisions"}],"predecessor-version":[{"id":2519,"href":"https:\/\/www.chnk.pl\/index.php?rest_route=\/wp\/v2\/posts\/2518\/revisions\/2519"}],"wp:attachment":[{"href":"https:\/\/www.chnk.pl\/index.php?rest_route=%2Fwp%2Fv2%2Fmedia&parent=2518"}],"wp:term":[{"taxonomy":"category","embeddable":true,"href":"https:\/\/www.chnk.pl\/index.php?rest_route=%2Fwp%2Fv2%2Fcategories&post=2518"},{"taxonomy":"post_tag","embeddable":true,"href":"https:\/\/www.chnk.pl\/index.php?rest_route=%2Fwp%2Fv2%2Ftags&post=2518"}],"curies":[{"name":"wp","href":"https:\/\/api.w.org\/{rel}","templated":true}]}}