{"id":2516,"date":"2019-11-11T18:45:28","date_gmt":"2019-11-11T18:45:28","guid":{"rendered":"http:\/\/www.chnk.pl\/?p=2516"},"modified":"2019-11-11T18:45:28","modified_gmt":"2019-11-11T18:45:28","slug":"wynagrodzenie-profanacji","status":"publish","type":"post","link":"https:\/\/www.chnk.pl\/?p=2516","title":{"rendered":"Wynagrodzenie profanacji"},"content":{"rendered":"\n<p>O potrzebie wynagrodzenia za profanacj\u0119, szkody wyrz\u0105dzone Bogu i porz\u0105dkowi moralnemu, m\u00f3wi\u0142 w 80. rocznic\u0119 zburzenia pomnika Serca Jezusa w Poznaniu abp Stanis\u0142aw G\u0105decki. Zdaniem metropolity pozna\u0144skiego tak\u017ce dzisiaj s\u0105 ludzie, dla kt\u00f3rych odbudowany pomnik by\u0142by \u201eniebezpiecznym symbolem chrze\u015bcija\u0144skiego i polskiego ducha\u201d. Przewodnicz\u0105cy Konferencji Episkopatu Polski podczas modlitwy ekspiacyjnej w 80. rocznic\u0119 zburzenia przez hitlerowc\u00f3w Pomnika Wdzi\u0119czno\u015bci przypomnia\u0142, \u017ce obecne w\u0142adze Poznania, kt\u00f3rego prezydentem jest Jacek Ja\u015bkowiak, \u201eblokuj\u0105 odbudow\u0119 pomnika\u201d. Przy ko\u015bciele kilka lat temu postawiono wykonan\u0105 w Krakowie figur\u0119 Chrystusa, kt\u00f3ra mia\u0142aby stanowi\u0107 cz\u0119\u015b\u0107 pomnika.<\/p>\n<p class=\"tresc\">\u201eBlokowanie odbudowy Pomnika Wdzi\u0119czno\u015bci w godnym dla Poznania miejscu jest smutnym symbolem dzisiejszych czas\u00f3w. Kr\u00f3tko m\u00f3wi\u0105c, idzie o to, jaka ma by\u0107 przysz\u0142a Polska, na jakich warto\u015bciach ma si\u0119 opiera\u0107\u201d \u2013 m\u00f3wi\u0142 abp G\u0105decki. Metropolita pozna\u0144ski przypomnia\u0142, \u017ce monument po\u015bwi\u0119cony w 1932 r. przez kard. Augusta Hlonda by\u0142 wotum wdzi\u0119czno\u015bci za odzyskanie przez Polsk\u0119 niepodleg\u0142o\u015bci. \u201ePozna\u0144ski pomnik projektu architekta Lucjana Micha\u0142owskiego, maj\u0105cy posta\u0107 \u0142uku triumfalnego, robi\u0142 du\u017ce wra\u017cenie swoim monumentalnym rozmiarem i bogat\u0105 ornamentyk\u0105. W latach 30. minionego wieku ten pomnik sta\u0142 si\u0119 sercem miasta Poznania, odbywa\u0142y si\u0119 przy nim liczne uroczysto\u015bci religijne i patriotyczne, u jego st\u00f3p modlili si\u0119 poznaniacy i go\u015bcie odwiedzaj\u0105cy miasto\u201d \u2013 m\u00f3wi\u0142 abp G\u0105decki. Od pocz\u0105tku II wojny \u015bwiatowej pomnik sta\u0142 si\u0119 w oczach naje\u017ad\u017ac\u00f3w na tyle niebezpiecznym symbolem chrze\u015bcija\u0144skiego i polskiego ducha, \u017ce Niemcy postanowili go natychmiast zburzy\u0107. \u201eNim jednak do tego dosz\u0142o, w okolicach pomnika dy\u017curowa\u0142y hitlerowskie boj\u00f3wki, kt\u00f3re bi\u0142y przykl\u0119kaj\u0105cych przed Chrystusem przechodni\u00f3w, nie odpuszczaj\u0105c nawet tym, kt\u00f3rzy cho\u0107by uchylili przed statu\u0105 czapk\u0119\u201d \u2013 m\u00f3wi\u0142 abp G\u0105decki. \u201eFigur\u0119 przetopiono na kule armatnie. Z figury Chrystusa wyrwano szczeroz\u0142ote serce, dar wielkopolskich matek. Poznaniacy byli przera\u017ceni t\u0105 profanacj\u0105\u201d \u2013 przypomnia\u0142 dzia\u0142ania hitlerowc\u00f3w metropolita pozna\u0144ski. Przewodnicz\u0105cy Konferencji Episkopatu Polski podkre\u015bli\u0142, \u017ce profanacja oznacza\u0142a odebranie pomnikowi \u015bwi\u0119tego charakteru. \u201eProfanacja jest obraz\u0105 Boga, dlatego nale\u017cy dokona\u0107 aktu przeb\u0142agania. Zazwyczaj gest ekspiacji oznacza modlitw\u0119 o to, by Pan B\u00f3g da\u0142 winowajcy \u0142ask\u0119 skruchy i nawr\u00f3cenia. Winowajcy jednak ju\u017c nie \u017cyj\u0105. Syn zgin\u0105\u0142 w wypadku samochodowym, ojciec zosta\u0142 powieszony\u201d \u2013 m\u00f3wi\u0142 abp G\u0105decki, nawi\u0105zuj\u0105c do los\u00f3w namiestnika Rzeszy w Kraju Warty Arthura Greisera i jego syna Eckhardta, kt\u00f3ry osobi\u015bcie nadzorowa\u0142 zniszczenie pomnika. \u201eNasza ekspiacja polega\u0107 wi\u0119c b\u0119dzie na wynagradzaniu Bogu \u2013 poprzez uczynki pokutne, modlitw\u0119, post, ja\u0142mu\u017cn\u0119 lub s\u0142u\u017cb\u0119 potrzebuj\u0105cym \u2013 za grzechy tych Niemc\u00f3w, kt\u00f3rzy zniszczyli Pomnik Naj\u015bwi\u0119tszego Serca Pana Jezusa. Na wynagradzaniu Bogu za grzechy tych wszystkich, kt\u00f3rzy dzisiaj maj\u0105 tego samego, bezbo\u017cnego ducha\u201d \u2013 m\u00f3wi\u0142 abp G\u0105decki.<\/p>\n<p class=\"tresc\">Idea odbudowy monumentu od\u017cy\u0142a w 2012 r., kiedy z inicjatywy prof. Stanis\u0142awa Miko\u0142ajczaka powsta\u0142o spo\u0142eczne Stowarzyszenie Odbudowy Pomnika Wdzi\u0119czno\u015bci w Poznaniu, skupiaj\u0105ce prawie trzystu przedstawicieli \u015bwiata nauki, kultury, r\u00f3\u017cnych organizacji spo\u0142ecznych, zawodowych, ko\u015bcielnych i wielu indywidualnych sympatyk\u00f3w. Zgod\u0119 na odbudow\u0119 Pomnika Wdzi\u0119czno\u015bci wyrazi\u0142a Rada Miasta Poznania w 2012 r., a pod petycj\u0105 skierowan\u0105 do prezydenta miasta podpisa\u0142o si\u0119 w\u00f3wczas 25 tysi\u0119cy os\u00f3b. Komitet zaproponowa\u0142 usytuowanie pomnika wzd\u0142u\u017c ul. Jana Paw\u0142a II. Propozycj\u0119 popar\u0142 Klemens Miku\u0142a, generalny projektant otoczenia Jeziora Malta\u0144skiego wraz ze wsp\u00f3\u0142pracuj\u0105cym z nim architektem Jerzym Gurawskim. Architekci okre\u015blili lokalizacj\u0119 jako \u201enajodpowiedniejsz\u0105\u201d. Dzia\u0142ania spo\u0142ecznego komitetu i decyzja Rady Miasta Poznania nie zosta\u0142y jednak zrealizowane ze wzgl\u0119du na op\u00f3r w\u0142adz miasta, kt\u00f3re nie zgadzaj\u0105 si\u0119 na odbudow\u0119 pomnika, proponuj\u0105c lokalizacj\u0119 poza centrum stolicy Wielkopolski.<\/p>\n","protected":false},"excerpt":{"rendered":"<p>O potrzebie wynagrodzenia za profanacj\u0119, szkody wyrz\u0105dzone Bogu i porz\u0105dkowi moralnemu, m\u00f3wi\u0142 w 80. rocznic\u0119 zburzenia pomnika Serca Jezusa w Poznaniu abp Stanis\u0142aw G\u0105decki. Zdaniem metropolity pozna\u0144skiego tak\u017ce dzisiaj s\u0105 ludzie, dla kt\u00f3rych odbudowany pomnik by\u0142by \u201eniebezpiecznym symbolem chrze\u015bcija\u0144skiego i polskiego ducha\u201d. Przewodnicz\u0105cy Konferencji Episkopatu Polski podczas modlitwy ekspiacyjnej w 80. rocznic\u0119 zburzenia przez hitlerowc\u00f3w &#8230; <span class=\"more\"><a class=\"more-link\" href=\"https:\/\/www.chnk.pl\/?p=2516\">czytaj wi\u0119cej<\/a><\/span><\/p>\n","protected":false},"author":3,"featured_media":0,"comment_status":"open","ping_status":"open","sticky":false,"template":"","format":"standard","meta":{"ngg_post_thumbnail":0,"footnotes":""},"categories":[1],"tags":[],"_links":{"self":[{"href":"https:\/\/www.chnk.pl\/index.php?rest_route=\/wp\/v2\/posts\/2516"}],"collection":[{"href":"https:\/\/www.chnk.pl\/index.php?rest_route=\/wp\/v2\/posts"}],"about":[{"href":"https:\/\/www.chnk.pl\/index.php?rest_route=\/wp\/v2\/types\/post"}],"author":[{"embeddable":true,"href":"https:\/\/www.chnk.pl\/index.php?rest_route=\/wp\/v2\/users\/3"}],"replies":[{"embeddable":true,"href":"https:\/\/www.chnk.pl\/index.php?rest_route=%2Fwp%2Fv2%2Fcomments&post=2516"}],"version-history":[{"count":1,"href":"https:\/\/www.chnk.pl\/index.php?rest_route=\/wp\/v2\/posts\/2516\/revisions"}],"predecessor-version":[{"id":2517,"href":"https:\/\/www.chnk.pl\/index.php?rest_route=\/wp\/v2\/posts\/2516\/revisions\/2517"}],"wp:attachment":[{"href":"https:\/\/www.chnk.pl\/index.php?rest_route=%2Fwp%2Fv2%2Fmedia&parent=2516"}],"wp:term":[{"taxonomy":"category","embeddable":true,"href":"https:\/\/www.chnk.pl\/index.php?rest_route=%2Fwp%2Fv2%2Fcategories&post=2516"},{"taxonomy":"post_tag","embeddable":true,"href":"https:\/\/www.chnk.pl\/index.php?rest_route=%2Fwp%2Fv2%2Ftags&post=2516"}],"curies":[{"name":"wp","href":"https:\/\/api.w.org\/{rel}","templated":true}]}}