{"id":2513,"date":"2019-11-09T15:46:51","date_gmt":"2019-11-09T15:46:51","guid":{"rendered":"http:\/\/www.chnk.pl\/?p=2513"},"modified":"2019-11-09T15:46:51","modified_gmt":"2019-11-09T15:46:51","slug":"32-niedziela-zwykla-3","status":"publish","type":"post","link":"https:\/\/www.chnk.pl\/?p=2513","title":{"rendered":"32 Niedziela Zwyk\u0142a"},"content":{"rendered":"\n<p style=\"text-align: left;\">OG\u0141OSZENIA DUSZPASTERSKIE<br \/>NIEDZIELA XXXII ZWYK\u0141A<br \/>10 listopada 2019 r.<\/p>\n<p style=\"text-align: left;\">1. Kalendarz liturgiczny: poniedzia\u0142ek \u2013 \u015bw. Marcina, wtorek \u2013 \u015bw. Jozafata, \u015broda \u2013 Pierwszych M\u0119czennik\u00f3w Polski, pi\u0105tek \u2013 \u015bw. Alberta Wielkiego, sobota\u2013 \u015bw. Ma\u0142gorzaty Szkockiej i \u015bw. Gertrudy.<br \/>2. R\u00f3\u017caniec z wymieniankami dzisiaj i w tygodniu o godz. 17.30.<br \/>3. W poniedzia\u0142ek, Narodowe \u015awi\u0119to Niepodleg\u0142o\u015bci. Prosimy o flagowanie mieszka\u0144 na znak duchowej \u0142\u0105czno\u015bci z wszystkimi, kt\u00f3rzy oddali \u017cycie i pracowali dla niepodleg\u0142ej Polski. Msza \u015bw. w intencji Ojczyzny o godz. 9.00. Dzisiaj w salce tradycyjne rogale \u015bwi\u0119tomarci\u0144skie; pozyskane \u015brodki przeznaczone s\u0105 dla potrzebuj\u0105cych i akcje organizowane dla dzieci z parafii. W poniedzia\u0142ek Biuro Parafialne nieczynne.<br \/>4. Spotkanie rodzic\u00f3w ministrant\u00f3w we wtorek, po mszy \u015bw. wieczornej (oko\u0142o 18.40), w salce parafialnej, wej\u015bcie z dziedzi\u0144ca. Spotkanie ministrant\u00f3w senior\u00f3w w czwartek o godz. 19.00. Zapraszamy tak\u017ce nowych pan\u00f3w chc\u0105cych s\u0142u\u017cy\u0107 przy o\u0142tarzu. 5. Rozpoczynamy pr\u00f3by do parafialnego koncertu kol\u0119d. Zapraszamy ch\u0119tnych w ka\u017cdym wieku do w\u0142\u0105czenia si\u0119 w to wsp\u00f3lnotowe wydarzenie. Pr\u00f3by \u015bpiewu w pi\u0105tki o godz. 19.00 w salce parafialnej. Zapraszamy serdecznie, by przygotowa\u0107 Panu Jezusowi pi\u0119kne, rodzinne kol\u0119dowanie.<br \/>6. Prosimy o pomoc w grabieniu li\u015bci przy ko\u015bciele, w pi\u0105tek od godz. 15.00.<br \/>7. W przysz\u0142\u0105 niedziel\u0119 liturgi\u0119 mszy \u015bw. o godz. 11.15 przygotowuje wsp\u00f3lnota rodzin. Pr\u00f3ba scholi dzieci\u0119cej w niedziele 17.11. br. o godz. 10.00 w salce. Zapraszamy wszystkie ch\u0119tne dzieci.<br \/>8. Odpust w Parafii Pierwszych Polskich M\u0119czennik\u00f3w, w \u015brod\u0119, 13 listopada br. Suma odpustowa o godz. 18.30. Nie ma Kr\u0119gu Biblijngo.<br \/>9. Verba Sacra w Katedrze, 17 listopada o godz. 17.00. Ksi\u0119gi Ezdrasza i Nechemiasza czyta Przemys\u0142aw Babiarz, aktor i znany komentator sportowy. Wst\u0119p wolny.<br \/>10. Dzisiaj Chrystus chce wej\u015b\u0107 do Twojego domu! Wsp\u00f3lnota neokatechumenalna wraz z Proboszczem zaprasza na katechezy dla m\u0142odzie\u017cy i doros\u0142ych w kaplicy \u015bw. \u0141ukasza na os. Rusa, w ka\u017cdy wtorek i czwartek o godz. 19.30. Odwagi!<br \/>11. Dzisiaj przed ko\u015bcio\u0142em mo\u017cliwo\u015b\u0107 z\u0142o\u017cenia ofiary na nasze seminarium.<br \/>12. B\u00f3g zap\u0142a\u0107 za ofiary sk\u0142adane na doposa\u017canie naszego ko\u015bcio\u0142a.<br \/>13. Zach\u0119camy do czytania prasy katolickiej. Przy zakrystii: Przewodnik Katolicki, Ma\u0142y Przewodni Katolicki, Ola i Ja\u015b (dla dzieci przedszkolnych), Go\u015b\u0107 Niedzielny, Egzorcysta ( numer listopadowy), gazetka parafialna. Od 1 listopada w kinach mo\u017cna ogl\u0105da\u0107 film pt.&#8221;Nieplanowane&#8221;. W wielu krajach wywo\u0142a\u0142 on prawdzie\u0105 burz\u0119. Film opowiada histori\u0119 jednej z najm\u0142odszych dyrektorek kliniki aborcyjnej, kt\u00f3ra po 10 latach robienia kariery zobaczy\u0142a co\u015b, co zmienie\u0142o jej \u017cycie na zawsze. Jest to film z gatunku tych, kt\u00f3ry ka\u017cdy powinien zobaczy\u0107.<br \/>14. M\u00f3dlmy si\u0119 za zmar\u0142ych parafian. Za dusz\u0119 \u015bp. Lucyny Antkowiak, os. Lecha 63, za dusz\u0119 \u015bp. Danuty Rudnickiej, os. Lecha 49 (msza \u015bw. pogrzebowa we wtorek o godz. 11.00) i \u015bp. Wojciecha Rybackiego, os. Lecha 123, d\u0142ugoletniego zakrystianina w Parafii Pierwszych Polskich M\u0119czennik\u00f3w. Wieczny odpoczynek racz zmar\u0142ym da\u0107 Panie. <\/p>\n","protected":false},"excerpt":{"rendered":"<p>OG\u0141OSZENIA DUSZPASTERSKIENIEDZIELA XXXII ZWYK\u0141A10 listopada 2019 r. 1. Kalendarz liturgiczny: poniedzia\u0142ek \u2013 \u015bw. Marcina, wtorek \u2013 \u015bw. Jozafata, \u015broda \u2013 Pierwszych M\u0119czennik\u00f3w Polski, pi\u0105tek \u2013 \u015bw. Alberta Wielkiego, sobota\u2013 \u015bw. Ma\u0142gorzaty Szkockiej i \u015bw. Gertrudy.2. R\u00f3\u017caniec z wymieniankami dzisiaj i w tygodniu o godz. 17.30.3. W poniedzia\u0142ek, Narodowe \u015awi\u0119to Niepodleg\u0142o\u015bci. Prosimy o flagowanie mieszka\u0144 na &#8230; <span class=\"more\"><a class=\"more-link\" href=\"https:\/\/www.chnk.pl\/?p=2513\">czytaj wi\u0119cej<\/a><\/span><\/p>\n","protected":false},"author":3,"featured_media":0,"comment_status":"open","ping_status":"open","sticky":false,"template":"","format":"standard","meta":{"ngg_post_thumbnail":0,"footnotes":""},"categories":[1],"tags":[],"_links":{"self":[{"href":"https:\/\/www.chnk.pl\/index.php?rest_route=\/wp\/v2\/posts\/2513"}],"collection":[{"href":"https:\/\/www.chnk.pl\/index.php?rest_route=\/wp\/v2\/posts"}],"about":[{"href":"https:\/\/www.chnk.pl\/index.php?rest_route=\/wp\/v2\/types\/post"}],"author":[{"embeddable":true,"href":"https:\/\/www.chnk.pl\/index.php?rest_route=\/wp\/v2\/users\/3"}],"replies":[{"embeddable":true,"href":"https:\/\/www.chnk.pl\/index.php?rest_route=%2Fwp%2Fv2%2Fcomments&post=2513"}],"version-history":[{"count":1,"href":"https:\/\/www.chnk.pl\/index.php?rest_route=\/wp\/v2\/posts\/2513\/revisions"}],"predecessor-version":[{"id":2514,"href":"https:\/\/www.chnk.pl\/index.php?rest_route=\/wp\/v2\/posts\/2513\/revisions\/2514"}],"wp:attachment":[{"href":"https:\/\/www.chnk.pl\/index.php?rest_route=%2Fwp%2Fv2%2Fmedia&parent=2513"}],"wp:term":[{"taxonomy":"category","embeddable":true,"href":"https:\/\/www.chnk.pl\/index.php?rest_route=%2Fwp%2Fv2%2Fcategories&post=2513"},{"taxonomy":"post_tag","embeddable":true,"href":"https:\/\/www.chnk.pl\/index.php?rest_route=%2Fwp%2Fv2%2Ftags&post=2513"}],"curies":[{"name":"wp","href":"https:\/\/api.w.org\/{rel}","templated":true}]}}