{"id":2509,"date":"2019-11-02T20:19:47","date_gmt":"2019-11-02T20:19:47","guid":{"rendered":"http:\/\/www.chnk.pl\/?p=2509"},"modified":"2019-11-02T20:19:47","modified_gmt":"2019-11-02T20:19:47","slug":"31-niedziela-zwykla-2","status":"publish","type":"post","link":"https:\/\/www.chnk.pl\/?p=2509","title":{"rendered":"31 Niedziela Zwyk\u0142a"},"content":{"rendered":"\n<p>OG\u0141OSZENIA DUSZPASTERSKIE<\/p>\n<p>NIEDZIELA XXXI ZWYK\u0141A<br \/>3 listopada 2019 r.<\/p>\n<p>1. Kalendarz liturgiczny: sobota \u2013 Rocznica Po\u015bwi\u0119cenia Bazyliki Latera\u0144skiej.<br \/>2. R\u00f3\u017caniec z wymieniankami od poniedzia\u0142ku o godz. 17.30. We wtorek modlitwa za zmar\u0142ych cz\u0142onk\u00f3w Stowarzyszenia Matki Bo\u017cej Patronki Dobrej \u015amierci: w ich intencji r\u00f3\u017caniec z wymieniankami o 7.30 i msza \u015bw. o godz. 8.00.<br \/>3. Kr\u0105g Biblijny w \u015brod\u0119 o godz. 19.00 w salce parafialnej.<br \/>4. Zebranie wsp\u00f3lnoty r\u00f3\u017ca\u0144cowej w \u015brod\u0119 po wieczornej mszy \u015bw.<br \/>5. Zbi\u00f3rka ministrant\u00f3w i kandydat\u00f3w na ministrant\u00f3w w sobot\u0119 o godz. 8.40 w ko\u015bciele.<br \/>6. Spotkanie dla przygotowuj\u0105cych si\u0119 do bierzmowania w pi\u0105tek o godz. 19.00 w salce parafialnej.<br \/>7. W poniedzia\u0142ek, 11 listopada, Narodowe \u015awi\u0119to Niepodleg\u0142o\u015bci. Prosimy o flagowanie mieszka\u0144 na znak duchowej \u0142\u0105czno\u015bci z wszystkimi, kt\u00f3rzy oddali \u017cycie i pracowali dla niepodleg\u0142ej Polski.<br \/>8. W niedziel\u0119, 10 listopada, po mszy \u015bw., w salce, b\u0119dziemy rozprowadza\u0107 rogale \u015bwi\u0119tomarci\u0144skie Caritas. Ofiary przeznaczone na wigili\u0119 dla potrzebuj\u0105cych.<br \/>9. W przysz\u0142ym tygodniu b\u0119dziemy modli\u0107 si\u0119 o nowe powo\u0142ania dla naszej Archidiecezji. Przed ko\u015bcio\u0142em mo\u017cliwo\u015b\u0107 z\u0142o\u017cenia ofiary na Arcybiskupie Seminarium Duchowne.<br \/>10. Dzisiaj Chrystus chce wej\u015b\u0107 do Twojego domu! Wsp\u00f3lnota neokatechumenalna wraz z Proboszczem zaprasza na katechezy dla m\u0142odzie\u017cy i doros\u0142ych w kaplicy \u015bw. \u0141ukasza na os. Rusa, w ka\u017cdy wtorek i czwartek o godz. 19.30. Odwagi!<br \/>11. Forum Ewangelizacyjne Archidiecezji Pozna\u0144skiej odb\u0119dzie si\u0119 dnia 16 listopada 2019 r. w Parafii Matki Bo\u017cej Bolesnej. Pocz\u0105tek o godz. 9.30. Do udzia\u0142u zapraszamy osoby \u015bwieckie, zaanga\u017cowane w prac\u0119 parafialn\u0105, we wsp\u00f3lnotach ewangelizacyjnych, ruchach, stowarzyszeniach. Celem Forum jest prezentacja metod ewangelizacyjnych, kt\u00f3re pomog\u0105 uczyni\u0107 parafi\u0119 wsp\u00f3lnot\u0105 ewangelizowan\u0105 i ewangelizuj\u0105c\u0105. Plakat na tablicy og\u0142osze\u0144.<br \/>12. B\u00f3g zap\u0142a\u0107 z ofiary na doposa\u017canie ko\u015bcio\u0142a.<br \/>13. Zach\u0119camy do czytania prasy katolickiej. Przy zakrystii: Przewodnik Katolicki ( w Przewodniku artyku\u0142: To, co robi\u0142em dla umieraj\u0105cych, koi\u0142o b\u00f3l mojej duszy \u2013 wspomnienie o profesorze Jacku \u0141uczaku, tw\u00f3rcy opieki paliatywnej w Polsce), Ma\u0142y Przewodnik Katolicki, Go\u015b\u0107 Niedzielny, Egzorcysta, Ziarno, gazetka parafialna.<br \/>14. M\u00f3dlmy si\u0119 za zmar\u0142ych parafian. Za dusz\u0119 \u015bp. Paw\u0142a Duszy\u0144skiego, os. Lecha 39 (msza \u015bw. pogrzebowa w poniedzia\u0142ek o godz. 10.00), dusz\u0119 \u015bp. Beaty Pachockiej, os. Lecha 81 i dusz\u0119 \u015bp. Andrzeja Olewskiego, os. Lecha 125 (data pogrzebu jeszcze nieustalona). Wieczny odpoczynek racz zmar\u0142ym da\u0107 Panie.<\/p>\n","protected":false},"excerpt":{"rendered":"<p>OG\u0141OSZENIA DUSZPASTERSKIE NIEDZIELA XXXI ZWYK\u0141A3 listopada 2019 r. 1. Kalendarz liturgiczny: sobota \u2013 Rocznica Po\u015bwi\u0119cenia Bazyliki Latera\u0144skiej.2. R\u00f3\u017caniec z wymieniankami od poniedzia\u0142ku o godz. 17.30. We wtorek modlitwa za zmar\u0142ych cz\u0142onk\u00f3w Stowarzyszenia Matki Bo\u017cej Patronki Dobrej \u015amierci: w ich intencji r\u00f3\u017caniec z wymieniankami o 7.30 i msza \u015bw. o godz. 8.00.3. Kr\u0105g Biblijny w \u015brod\u0119 &#8230; <span class=\"more\"><a class=\"more-link\" href=\"https:\/\/www.chnk.pl\/?p=2509\">czytaj wi\u0119cej<\/a><\/span><\/p>\n","protected":false},"author":3,"featured_media":0,"comment_status":"open","ping_status":"open","sticky":false,"template":"","format":"standard","meta":{"ngg_post_thumbnail":0,"footnotes":""},"categories":[1],"tags":[],"_links":{"self":[{"href":"https:\/\/www.chnk.pl\/index.php?rest_route=\/wp\/v2\/posts\/2509"}],"collection":[{"href":"https:\/\/www.chnk.pl\/index.php?rest_route=\/wp\/v2\/posts"}],"about":[{"href":"https:\/\/www.chnk.pl\/index.php?rest_route=\/wp\/v2\/types\/post"}],"author":[{"embeddable":true,"href":"https:\/\/www.chnk.pl\/index.php?rest_route=\/wp\/v2\/users\/3"}],"replies":[{"embeddable":true,"href":"https:\/\/www.chnk.pl\/index.php?rest_route=%2Fwp%2Fv2%2Fcomments&post=2509"}],"version-history":[{"count":1,"href":"https:\/\/www.chnk.pl\/index.php?rest_route=\/wp\/v2\/posts\/2509\/revisions"}],"predecessor-version":[{"id":2510,"href":"https:\/\/www.chnk.pl\/index.php?rest_route=\/wp\/v2\/posts\/2509\/revisions\/2510"}],"wp:attachment":[{"href":"https:\/\/www.chnk.pl\/index.php?rest_route=%2Fwp%2Fv2%2Fmedia&parent=2509"}],"wp:term":[{"taxonomy":"category","embeddable":true,"href":"https:\/\/www.chnk.pl\/index.php?rest_route=%2Fwp%2Fv2%2Fcategories&post=2509"},{"taxonomy":"post_tag","embeddable":true,"href":"https:\/\/www.chnk.pl\/index.php?rest_route=%2Fwp%2Fv2%2Ftags&post=2509"}],"curies":[{"name":"wp","href":"https:\/\/api.w.org\/{rel}","templated":true}]}}