{"id":2503,"date":"2019-10-26T18:02:54","date_gmt":"2019-10-26T18:02:54","guid":{"rendered":"http:\/\/www.chnk.pl\/?p=2503"},"modified":"2019-10-26T18:02:54","modified_gmt":"2019-10-26T18:02:54","slug":"30-niedziela-zwykla-2","status":"publish","type":"post","link":"https:\/\/www.chnk.pl\/?p=2503","title":{"rendered":"30 Niedziela Zwyk\u0142a"},"content":{"rendered":"\n<p>OG\u0141OSZENIA DUSZPASTERSKIE<br \/>NIEDZIELA XXX ZWYK\u0141A<br \/>27 pa\u017adziernika 2019 r.<br \/>1. W pi\u0105tek Uroczysto\u015b\u0107 Wszystkich \u015awi\u0119tych. Nawiedzenie cmentarza nie zwalnia ze mszy \u015bw. Nie obowi\u0105zuje post. Msza \u015bw. w naszym ko\u015bciele wed\u0142ug zmienionego porz\u0105dku. W czwartek msza \u015bw. \u015bwi\u0105teczna o godz. 18.00 i procesja wok\u00f3\u0142 ko\u015bcio\u0142a z relikwiami \u015bwi\u0119tych. Na t\u0119 wieczorn\u0105 procesj\u0119 przynosimy znicze lub lampiony. W sam Dzie\u0144 Uroczysto\u015bci Wszystkich \u015awi\u0119tych msza \u015bw. o godz. 8.00, 9.30, 11.15 i 18.00. Nie b\u0119dzie Mszy \u015bw. o godz. 12.30. W Uroczysto\u015b\u0107 Wszystkich \u015awi\u0119tych na cmentarzach pozna\u0144skich nabo\u017ce\u0144stwa \u017ca\u0142obne o godz. 15.00. W dniach od 1 do 8 listopada mo\u017cna zyska\u0107 odpust zupe\u0142ny za zmar\u0142ych. Odpust zyskuje ten, kto nawiedzi cmentarz i tam odm\u00f3wi Ojcze nasz, Wierz\u0119 w Boga oraz jak\u0105kolwiek modlitw\u0119 w intencjach Ojca \u015awi\u0119tego, oraz przyst\u0105pi do Komunii \u015bw. w dniu nawiedzenia cmentarza. W zwi\u0105zku z tym i z okazji I pi\u0105tku miesi\u0105ca okazja do spowiedzi \u015bw. w czwartek od godz. 15.00 do 18.00. Msza \u015bw. w Dzie\u0144 Zaduszny, (w sobot\u0119) o godz. 7.00, 8.00, 10.00 i 18.00. R\u00f3\u017caniec za Parafian zmar\u0142ych od ubieg\u0142orocznej uroczysto\u015bci Wszystkich \u015awi\u0119tych, w Dzie\u0144 Zaduszny o godz. 17.30. R\u00f3\u017caniec z wymieniankami od poniedzia\u0142ku, 4 listopada, o godz. 17.30. Wymienianki mo\u017cna sk\u0142ada\u0107 do skarbo\u00acny przy zakrystii.<br \/>2. Nabo\u017ce\u0144stwo pierwszosobotnie do Niepokalanego Serca Matki Bo\u017cej po mszy \u015bw. o godz. 8.00. Nawiedzenie chorych z sakramentami \u015bw.: nawiedzenie pi\u0105tkowe za tydzie\u0144, (8 listopada), sobotnie bez zmian ( 2 listopada).<br \/>3. Spotkanie dla wsp\u00f3lnoty ma\u0142\u017ce\u0144stw w sobot\u0119: o godz. 19.15 adoracja Naj\u015bwi\u0119tszego Sakramentu w kaplicy i spotkanie w salce.<br \/>4. Podobnie jak w latach ubieg\u0142ych, w niedziel\u0119 3 listopada br. obchodzony b\u0119dzie Dzie\u0144 Modlitw o Kanonizacj\u0119 B\u0142ogos\u0142awionych i Beatyfikacj\u0119 S\u0142ug Bo\u017cych z Archidiecezji Pozna\u0144skiej. Do grona tych os\u00f3b zalicza si\u0119 m.in.: b\u0142. Edmunda Bojanowskiego, b\u0142. Siostr\u0119 Sancj\u0119 Janin\u0119 Szymkowiak, o. Bernarda z W\u0105brze\u017ana, ks. Wawrzy\u0144ca Ku\u017aniaka, ks. Kazimierza Rolewskiego, ks. Aleksandra \u017bychli\u0144skiego, ks. Stanis\u0142awa Streicha, ks. Ignacego Posadzego, ks. Aleksandra Wo\u017anego, o. Euzebiusza Huchrackiego, dr. Kazimierza Ho\u0142og\u0119, Jadwig\u0119 Zamoysk\u0105, siostr\u0119 W\u0142odzimir\u0119 Wojtczak, \u201ePozna\u0144sk\u0105 Pi\u0105tk\u0119\u201d i innych. Przy tej okazji dzielimy si\u0119 te\u017c rado\u015bci\u0105, i\u017c Konferencja Episkopatu Polski 9 pa\u017adziernika br. udzieli\u0142a nihil obstat na rozpocz\u0119cie procesu beatyfikacyjnego dr Wandy B\u0142e\u0144skiej, lekarki i misjonarki, \u015bwiadka wiary ko\u0144cz\u0105cego si\u0119 Nadzwyczajnego Miesi\u0105ca Misyjnego. Po wyra\u017ceniu zgody przez Stolic\u0119 Apostolsk\u0105 rozpocznie si\u0119 proces beatyfikacyjny na poziomie diecezjalnym. W oczekiwaniu na chwa\u0142\u0119 o\u0142tarzy tych Os\u00f3b, kt\u00f3re \u017cy\u0142y i realizowa\u0142y \u015bwi\u0119to\u015b\u0107 na wielkopolskiej ziemi, w niedziel\u0119, 3 listopada br. o godzinie 10.00, w Katedrze zostanie odprawiona Msza \u015bw. pod przewodnictwem Ksi\u0119dza Arcybiskupa Stanis\u0142awa G\u0105deckiego Metropolity Pozna\u0144skiego. Do udzia\u0142u w uroczysto\u015bci zapraszamy wszystkich, a zw\u0142aszcza tych, kt\u00f3rzy s\u0105 zwi\u0105zani ze \u015brodowiskami, w jakich \u017cyli nasi kandydaci na o\u0142tarze.<br \/>5. Noc Bo\u017cego Mi\u0142osierdzia dla dusz czy\u015b\u0107cowych z 2 na 3 listopada 2019 r w Sanktuarium Mi\u0142osierdzia Bo\u017cego w Poznaniu na os. Jana III Sobieskiego. Msz\u0105 \u015bw. o godz. 20.00 rozpocznie si\u0119 ca\u0142onocne czuwanie przed Naj\u015bwi\u0119tszym Sakramentem w intencji zmar\u0142ych.<br \/>6. Pielgrzymka Kolejarzy na Jasn\u0105 G\u00f3r\u0119, 16\/17 listopada. Komunikat na tablicy og\u0142osze\u0144.&nbsp; &nbsp; &nbsp; &nbsp; &nbsp; &nbsp; &nbsp; &nbsp; &nbsp; &nbsp; &nbsp; &nbsp; &nbsp; &nbsp; &nbsp; &nbsp; &nbsp; &nbsp; &nbsp; &nbsp; &nbsp; &nbsp; &nbsp; &nbsp; &nbsp; &nbsp; &nbsp; &nbsp; &nbsp; &nbsp; 7. Rekolekcje Winnica Racheli \u201eUzdrowienie po aborcji\u201d dla kobiet i m\u0119\u017cczyzn, kt\u00f3rzy bezpo\u015brednio lub po\u015brednio uczestniczyli w aborcji i z tego powodu do\u015bwiadczaj\u0105 konsekwencji duchowych i emocjonalnych. Szczeg\u00f3\u0142y na parafialnej stronie internetowej.<br \/>8. B\u00f3g zap\u0142a\u0107 z ofiary na doposa\u017canie naszego ko\u015bcio\u0142a i misje.<\/p>\n","protected":false},"excerpt":{"rendered":"<p>OG\u0141OSZENIA DUSZPASTERSKIENIEDZIELA XXX ZWYK\u0141A27 pa\u017adziernika 2019 r.1. W pi\u0105tek Uroczysto\u015b\u0107 Wszystkich \u015awi\u0119tych. Nawiedzenie cmentarza nie zwalnia ze mszy \u015bw. Nie obowi\u0105zuje post. Msza \u015bw. w naszym ko\u015bciele wed\u0142ug zmienionego porz\u0105dku. W czwartek msza \u015bw. \u015bwi\u0105teczna o godz. 18.00 i procesja wok\u00f3\u0142 ko\u015bcio\u0142a z relikwiami \u015bwi\u0119tych. Na t\u0119 wieczorn\u0105 procesj\u0119 przynosimy znicze lub lampiony. W sam &#8230; <span class=\"more\"><a class=\"more-link\" href=\"https:\/\/www.chnk.pl\/?p=2503\">czytaj wi\u0119cej<\/a><\/span><\/p>\n","protected":false},"author":3,"featured_media":0,"comment_status":"open","ping_status":"open","sticky":false,"template":"","format":"standard","meta":{"ngg_post_thumbnail":0,"footnotes":""},"categories":[1],"tags":[],"_links":{"self":[{"href":"https:\/\/www.chnk.pl\/index.php?rest_route=\/wp\/v2\/posts\/2503"}],"collection":[{"href":"https:\/\/www.chnk.pl\/index.php?rest_route=\/wp\/v2\/posts"}],"about":[{"href":"https:\/\/www.chnk.pl\/index.php?rest_route=\/wp\/v2\/types\/post"}],"author":[{"embeddable":true,"href":"https:\/\/www.chnk.pl\/index.php?rest_route=\/wp\/v2\/users\/3"}],"replies":[{"embeddable":true,"href":"https:\/\/www.chnk.pl\/index.php?rest_route=%2Fwp%2Fv2%2Fcomments&post=2503"}],"version-history":[{"count":1,"href":"https:\/\/www.chnk.pl\/index.php?rest_route=\/wp\/v2\/posts\/2503\/revisions"}],"predecessor-version":[{"id":2504,"href":"https:\/\/www.chnk.pl\/index.php?rest_route=\/wp\/v2\/posts\/2503\/revisions\/2504"}],"wp:attachment":[{"href":"https:\/\/www.chnk.pl\/index.php?rest_route=%2Fwp%2Fv2%2Fmedia&parent=2503"}],"wp:term":[{"taxonomy":"category","embeddable":true,"href":"https:\/\/www.chnk.pl\/index.php?rest_route=%2Fwp%2Fv2%2Fcategories&post=2503"},{"taxonomy":"post_tag","embeddable":true,"href":"https:\/\/www.chnk.pl\/index.php?rest_route=%2Fwp%2Fv2%2Ftags&post=2503"}],"curies":[{"name":"wp","href":"https:\/\/api.w.org\/{rel}","templated":true}]}}