{"id":2494,"date":"2019-10-26T16:50:11","date_gmt":"2019-10-26T16:50:11","guid":{"rendered":"http:\/\/www.chnk.pl\/?p=2494"},"modified":"2019-10-26T16:50:11","modified_gmt":"2019-10-26T16:50:11","slug":"rekolekcje-winnica-racheli","status":"publish","type":"post","link":"https:\/\/www.chnk.pl\/?p=2494","title":{"rendered":"Rekolekcje Winnica Racheli"},"content":{"rendered":"\n<p>REKOLEKCJE WINNICA RACHELI<br \/><br \/>Rekolekcje Winnica Racheli \u201eUzdrowienie po aborcji\u201d dedykowane s\u0105 dla kobiet i m\u0119\u017cczyzn, kt\u00f3rzy bezpo\u015brednio lub po\u015brednio uczestniczyli w aborcji i z tego powodu do\u015bwiadczaj\u0105 konsekwencji duchowych, psychicznych i emocjonalnych. <br \/>Rekolekcje te przywracaj\u0105 nadziej\u0119, wiar\u0119 w Bo\u017ce Mi\u0142osierdzie i poczucie godno\u015bci dziecka Bo\u017cego \u2013 wiele os\u00f3b m\u00f3wi o przemianie, nawr\u00f3ceniu a nawet nowym \u017cyciu po ich odbyciu.<br \/>Zesp\u00f3\u0142 prowadz\u0105cy sk\u0142ada si\u0119 z kap\u0142ana, terapeuty oraz osoby do\u015bwiadczonej aborcj\u0105. Rekolekcje odbywaj\u0105 cyklicznie w o\u015brodkach rekolekcyjnych w okolicach Poznania, ale r\u00f3wnie\u017c w innych miejscach w Polsce.<br \/>W archidiecezji pozna\u0144skiej najbli\u017cszy termin to 15-17 listopada, kolejne w 2020r. 6-8 marca oraz 23-25 pa\u017adziernika.<br \/>Wi\u0119cej informacji mo\u017cna znale\u017a\u0107 na stronie https:\/\/www.facebook.com\/Winnica.Racheli.Wielkopolska\/<br \/>Kontakt, informacje i zapisy: Agnieszka Lewandowska, tel. 737 90 30 99 <br \/>e-mail: WinnicaRacheli.Poznan@outlook.com<br \/><br \/><\/p>\n","protected":false},"excerpt":{"rendered":"<p>REKOLEKCJE WINNICA RACHELI Rekolekcje Winnica Racheli \u201eUzdrowienie po aborcji\u201d dedykowane s\u0105 dla kobiet i m\u0119\u017cczyzn, kt\u00f3rzy bezpo\u015brednio lub po\u015brednio uczestniczyli w aborcji i z tego powodu do\u015bwiadczaj\u0105 konsekwencji duchowych, psychicznych i emocjonalnych. Rekolekcje te przywracaj\u0105 nadziej\u0119, wiar\u0119 w Bo\u017ce Mi\u0142osierdzie i poczucie godno\u015bci dziecka Bo\u017cego \u2013 wiele os\u00f3b m\u00f3wi o przemianie, nawr\u00f3ceniu a nawet nowym &#8230; <span class=\"more\"><a class=\"more-link\" href=\"https:\/\/www.chnk.pl\/?p=2494\">czytaj wi\u0119cej<\/a><\/span><\/p>\n","protected":false},"author":3,"featured_media":0,"comment_status":"open","ping_status":"open","sticky":false,"template":"","format":"standard","meta":{"ngg_post_thumbnail":0,"footnotes":""},"categories":[1],"tags":[],"_links":{"self":[{"href":"https:\/\/www.chnk.pl\/index.php?rest_route=\/wp\/v2\/posts\/2494"}],"collection":[{"href":"https:\/\/www.chnk.pl\/index.php?rest_route=\/wp\/v2\/posts"}],"about":[{"href":"https:\/\/www.chnk.pl\/index.php?rest_route=\/wp\/v2\/types\/post"}],"author":[{"embeddable":true,"href":"https:\/\/www.chnk.pl\/index.php?rest_route=\/wp\/v2\/users\/3"}],"replies":[{"embeddable":true,"href":"https:\/\/www.chnk.pl\/index.php?rest_route=%2Fwp%2Fv2%2Fcomments&post=2494"}],"version-history":[{"count":1,"href":"https:\/\/www.chnk.pl\/index.php?rest_route=\/wp\/v2\/posts\/2494\/revisions"}],"predecessor-version":[{"id":2495,"href":"https:\/\/www.chnk.pl\/index.php?rest_route=\/wp\/v2\/posts\/2494\/revisions\/2495"}],"wp:attachment":[{"href":"https:\/\/www.chnk.pl\/index.php?rest_route=%2Fwp%2Fv2%2Fmedia&parent=2494"}],"wp:term":[{"taxonomy":"category","embeddable":true,"href":"https:\/\/www.chnk.pl\/index.php?rest_route=%2Fwp%2Fv2%2Fcategories&post=2494"},{"taxonomy":"post_tag","embeddable":true,"href":"https:\/\/www.chnk.pl\/index.php?rest_route=%2Fwp%2Fv2%2Ftags&post=2494"}],"curies":[{"name":"wp","href":"https:\/\/api.w.org\/{rel}","templated":true}]}}