{"id":2484,"date":"2019-10-19T20:49:56","date_gmt":"2019-10-19T20:49:56","guid":{"rendered":"http:\/\/www.chnk.pl\/?p=2484"},"modified":"2019-10-19T20:49:56","modified_gmt":"2019-10-19T20:49:56","slug":"29-niedziela-zwykla-2","status":"publish","type":"post","link":"https:\/\/www.chnk.pl\/?p=2484","title":{"rendered":"29 Niedziela Zwyk\u0142a"},"content":{"rendered":"\n<p>OG\u0141OSZENIA DUSZPASTERSKIE<br \/>NIEDZIELA XXIX ZWYK\u0141A<br \/>20 pa\u017adziernika 2019 r.<br \/>1. Kalendarz liturgiczny:<br \/>wtorek \u2013 \u015bw. Jana Paw\u0142a II,<br \/>\u015broda &#8211; J\u00f3zefa Bilczewskiego i \u015bw. Jana Kapistrana,<br \/>czwartek \u2013 \u015bw. Antoniego Marii Clareta.<br \/>2. Nabo\u017ce\u0144stwa r\u00f3\u017ca\u0144cowe codziennie o godz. 17.30. Dla dzieci we wtorki, \u015brody i czwartki o godz. 16.30. Prosimy, aby pilniej i liczniej przychodzi\u0142y dzieci przygotowuj\u0105ce si\u0119 do I Komunii \u015bw. Og\u0142aszamy konkurs dla dzieci na w\u0142asnor\u0119czne zrobienie r\u00f3\u017ca\u0144ca, wed\u0142ug w\u0142asnego pomys\u0142u i przyniesienie go do ko\u015bcio\u0142a na nabo\u017ce\u0144stwo r\u00f3\u017ca\u0144cowe dla dzieci.<br \/>3. Rozpoczynamy Tydzie\u0144 Misyjny pod has\u0142em \u201eOchrzczeni i pos\u0142ani\u201d. W naszej Parafii nabo\u017ce\u0144stwa r\u00f3\u017ca\u0144cowe o godz. 17.30 z rozwa\u017caniami misyjnymi. Zapraszamy Parafian, kt\u00f3rzy jeszcze nie byli na nabo\u017ce\u0144stwie r\u00f3\u017ca\u0144cowym.<br \/>4. Zapraszamy na Kr\u0105g Biblijny w \u015brod\u0119 o godz. 19.00 do salki parafialnej.<br \/>5. Spotkanie dzieci pierwszokomunijnych w czwartek, 24 pa\u017adziernika o godz. 15.45 i 16.45 wed\u0142ug ustalonych grup. Na spotkanie dzieci przynosz\u0105 ksi\u0105\u017ceczki do nabo\u017ce\u0144stwa. Po\u015bwi\u0119cenie ksi\u0105\u017ceczek w przysz\u0142\u0105 niedziel\u0119 na mszy \u015bw. o godz. 11.15.<br \/>6. Msza \u015bw. o uzdrowienie duchowe i z chor\u00f3b cia\u0142a w czwartek o godz. 19.15. Prosimy przynie\u015b\u0107 kartki z zapisanymi intencjami.<br \/>7. Spotkanie dla m\u0142odzie\u017cy kontynuuj\u0105cej przygotowanie do sakramentu bierzmowania w pi\u0105tek o godz. 19.00 w salce.<br \/>8. Zbi\u00f3rka ministrant\u00f3w w sobot\u0119 o godz. 9.00.<br \/>9. Informacja o Katolickiej Poradni Psychologicznej dla m\u0142odych znajduje si\u0119 na parafialnej stronie internetowej.<br \/>10. Pielgrzymka Starszych, Chorych, Niepe\u0142nosprawnych i ich Opiekun\u00f3w do Lourdes od 6 do 10 maja 2020 r. Szczeg\u00f3\u0142y na parafialnej stronie internetowej.<br \/>11. B\u00f3g zap\u0142a\u0107 Parafianom za cotygodniowe sprz\u0105tanie ko\u015bcio\u0142a. B\u00f3g zap\u0142a\u0107 za ofiary sk\u0142adane na doposa\u017cenia Ko\u015bcio\u0142a i na fundusz \u201eDzie\u0142o Nowego Tysi\u0105clecia. Dzisiaj przed ko\u015bcio\u0142em mo\u017cliwo\u015b\u0107 z\u0142o\u017cenia ofiary na misje.<br \/>12. Zach\u0119camy do czytania Przewodnika Katolickiego. A w nim artyku\u0142 Synod o Amazonii nie jest s\u0142uchany \u2013 jest wykorzystywany. Kto i dlaczego to robi? Jest Go\u015b\u0107 Niedzielny, Ma\u0142y Przewodnik Katolicki, Ziarno, Ola i Ja\u015b, Nasza droga, Egzorcysta, gazetka parafialna.<\/p>\n","protected":false},"excerpt":{"rendered":"<p>OG\u0141OSZENIA DUSZPASTERSKIENIEDZIELA XXIX ZWYK\u0141A20 pa\u017adziernika 2019 r.1. Kalendarz liturgiczny:wtorek \u2013 \u015bw. Jana Paw\u0142a II,\u015broda &#8211; J\u00f3zefa Bilczewskiego i \u015bw. Jana Kapistrana,czwartek \u2013 \u015bw. Antoniego Marii Clareta.2. Nabo\u017ce\u0144stwa r\u00f3\u017ca\u0144cowe codziennie o godz. 17.30. Dla dzieci we wtorki, \u015brody i czwartki o godz. 16.30. Prosimy, aby pilniej i liczniej przychodzi\u0142y dzieci przygotowuj\u0105ce si\u0119 do I Komunii \u015bw. &#8230; <span class=\"more\"><a class=\"more-link\" href=\"https:\/\/www.chnk.pl\/?p=2484\">czytaj wi\u0119cej<\/a><\/span><\/p>\n","protected":false},"author":3,"featured_media":0,"comment_status":"open","ping_status":"open","sticky":false,"template":"","format":"standard","meta":{"ngg_post_thumbnail":0,"footnotes":""},"categories":[1],"tags":[],"_links":{"self":[{"href":"https:\/\/www.chnk.pl\/index.php?rest_route=\/wp\/v2\/posts\/2484"}],"collection":[{"href":"https:\/\/www.chnk.pl\/index.php?rest_route=\/wp\/v2\/posts"}],"about":[{"href":"https:\/\/www.chnk.pl\/index.php?rest_route=\/wp\/v2\/types\/post"}],"author":[{"embeddable":true,"href":"https:\/\/www.chnk.pl\/index.php?rest_route=\/wp\/v2\/users\/3"}],"replies":[{"embeddable":true,"href":"https:\/\/www.chnk.pl\/index.php?rest_route=%2Fwp%2Fv2%2Fcomments&post=2484"}],"version-history":[{"count":1,"href":"https:\/\/www.chnk.pl\/index.php?rest_route=\/wp\/v2\/posts\/2484\/revisions"}],"predecessor-version":[{"id":2485,"href":"https:\/\/www.chnk.pl\/index.php?rest_route=\/wp\/v2\/posts\/2484\/revisions\/2485"}],"wp:attachment":[{"href":"https:\/\/www.chnk.pl\/index.php?rest_route=%2Fwp%2Fv2%2Fmedia&parent=2484"}],"wp:term":[{"taxonomy":"category","embeddable":true,"href":"https:\/\/www.chnk.pl\/index.php?rest_route=%2Fwp%2Fv2%2Fcategories&post=2484"},{"taxonomy":"post_tag","embeddable":true,"href":"https:\/\/www.chnk.pl\/index.php?rest_route=%2Fwp%2Fv2%2Ftags&post=2484"}],"curies":[{"name":"wp","href":"https:\/\/api.w.org\/{rel}","templated":true}]}}