{"id":2480,"date":"2019-10-12T21:59:03","date_gmt":"2019-10-12T21:59:03","guid":{"rendered":"http:\/\/www.chnk.pl\/?p=2480"},"modified":"2019-10-12T21:59:03","modified_gmt":"2019-10-12T21:59:03","slug":"28-niedziela-zwykla-2","status":"publish","type":"post","link":"https:\/\/www.chnk.pl\/?p=2480","title":{"rendered":"28 Niedziela Zwyk\u0142a"},"content":{"rendered":"\n<p>OG\u0141OSZENIA DUSZPASTERSKIE<br \/>NIEDZIELA XXVIII ZWYK\u0141A<br \/>13 pa\u017adziernika 2019 r.<br \/>1. Nabo\u017ce\u0144stwa r\u00f3\u017ca\u0144cowe codziennie o godz. 17.30. Dla dzieci we wtorki, \u015brody i czwartki o godz. 16.30. Prosimy, aby pilniej i liczniej przychodzi\u0142y dzieci przygotowuj\u0105ce si\u0119 do I komunii \u015bw.<br \/>2. W dni powszednie przyjmujemy rezerwacje intencji mszalnych na 2020 r.<br \/>3. We wtorek przypada Dzie\u0144 Dziecka Utraconego. Na mszy \u015bw. wieczornej ogarniemy modlitw\u0105 rodzic\u00f3w i rodziny, kt\u00f3re przedwcze\u015bnie po\u017cegna\u0142y cz\u0142onka swojej rodziny. Zapraszamy do modlitwy w tej intencji. B\u0119dziemy modli\u0107 si\u0119 tak\u017ce o dzietno\u015b\u0107 rodzin.<br \/>4. Zapraszamy na Kr\u0105g Biblijny w \u015brod\u0119, po mszy \u015bw. wieczornej, do salki parafialnej.<br \/>5. Z okazji Miesi\u0105ca Misyjnego zapraszamy w najbli\u017cszy czwartek na 19.15 do salki na spotkanie ze studentkami Wydzia\u0142u Teologicznego, kt\u00f3re dzi\u0119kuj\u0105c za ofiarno\u015b\u0107 w przygotowaniu projektu \u201eMisja dla Boliwii\u201d podziel\u0105 si\u0119 do\u015bwiadczeniem z pobytu w Boliwii.<br \/>6. W przysz\u0142\u0105 niedziel\u0119 rozpoczniemy Tydzie\u0144 Misyjny. Wobec doniesie\u0144 o prze\u015bladowaniach chrze\u015bcijan otoczymy naszych braci modlitw\u0105 i m\u00f3dlmy si\u0119 tak\u017ce o nowe powo\u0142ania misyjne i za misje. Przed ko\u015bcio\u0142em b\u0119dzie mo\u017cliwo\u015b\u0107 z\u0142o\u017cenia ofiary na misje.<br \/>7. W pi\u0105tek czcimy \u015bw. \u0141ukasza Ewangelist\u0119, jest to dzie\u0144 modlitw za Pracownik\u00f3w S\u0142u\u017cby Zdrowia i odpust w Parafii \u015bw. \u0141ukasza na os. Rusa. Suma odpustowa w niedziel\u0119, 20.10. br. o godz. 12.30. Do udzia\u0142u zapraszamy szczeg\u00f3lnie s\u0142u\u017cb\u0119 zdrowia.<br \/>8. Procesja salety\u0144ska w sobot\u0119 po mszy \u015bw. odprawianej o godz. 8.00.<br \/>9. W najbli\u017csz\u0105 niedziel\u0119 liturgi\u0119 mszy \u015bw. o godz. 11.15 przygotowuj\u0105 ma\u0142\u017ce\u0144stwa z dzie\u0107mi. Dzieci zapraszamy na pr\u00f3b\u0119 scholi dzieci\u0119cej w niedziel\u0119 o godz. 10.00, do salki parafialnej.<br \/>10. B\u00f3g zap\u0142a\u0107 za ofiary na doposa\u017cenie ko\u015bcio\u0142a. B\u00f3g zap\u0142a\u0107 za ofiary, sk\u0142adane dzisiaj przed ko\u015bcio\u0142em, na fundusz stypendialny &#8222;Dzie\u0142o Nowego Tysi\u0105clecia&#8221;.<br \/>11. W przysz\u0142\u0105 niedziel\u0119, 20 pa\u017adziernika br. POKUTNY MARSZ R\u00d3\u017bA\u0143COWY. To modlitwa za Ojczyzn\u0119. Pocz\u0105tek o godz. 12.30 msz\u0105 \u015bw. w ko\u015bciele Bo\u017cego Cia\u0142a.<br \/>12. Zach\u0119camy do czytania prasy katolickiej. W Przewodniku Katolickim artyku\u0142y o wzajemnych relacjach prymasa Wyszy\u0144skiego i bpa Wojty\u0142y. Jest Go\u015b\u0107 Niedzielny, Ma\u0142y Przewodnik Katolicki, Mi\u0142ujcie si\u0119 i gazetka parafia.<br \/>13. Spotkanie modlitewne w kolejn\u0105 rocznic\u0119 wyboru Karola Wojty\u0142y na Stolic\u0119 Piotrow\u0105, odb\u0119dzie si\u0119 16 pa\u017adziernika (\u015broda), o godz. 21.00, pod Krzy\u017cem Papieskim, w Parku \u015bw. Jana Paw\u0142a II (dawne \u0141\u0119gi D\u0119bi\u0144skie).<br \/>14. Na Ostrowie Tumskim realizowany jest projekt \u201eWyspa Kultury\u201d. We wtorek 15.10. pokaz filmu Wandy R\u00f3\u017cyckiej-Zborowskiej o Janie Pawle II, a w sobot\u0119 19.10. o godz. 11.00 czytanie \u201eDokty. Opowie\u015bci o Wandzie B\u0142e\u0144skiej\u201d Elizy Piotrowskiej dla dzieci. Szczeg\u00f3\u0142y na plakacie oraz stronie Fundacji Signum Caritatis. Wst\u0119p wolny. Natomiast w ko\u015bciele Nawiedzienia NMP, w sobot\u0119, 19. 10. br. o godz. 11.00 og\u00f3lnopolskie spotkanie \u201eOjciec i syn\u201d o tym jak by\u0107 bohaterem dla swojego syna.<br \/>15. M\u00f3dlmy si\u0119 za zmar\u0142ych. W Stanach Zjednoczonych zmar\u0142 O. \u0141ucjan Kr\u00f3likowski, prze\u017cywszy 100 lat. Dzie\u0142em Jego \u017cycia by\u0142o uratowanie w czasie wojny ponad stu dzieci, kt\u00f3re wyprowadzi\u0142 z Syberii, a potem opiekowa\u0142 si\u0119 nimi i towarzyszy\u0142 wychowankom w dalszym ich \u017cyciu. Wieczny odpoczynek racz Mu da\u0107 Panie.<br \/><br \/><br \/><br \/><\/p>\n","protected":false},"excerpt":{"rendered":"<p>OG\u0141OSZENIA DUSZPASTERSKIENIEDZIELA XXVIII ZWYK\u0141A13 pa\u017adziernika 2019 r.1. Nabo\u017ce\u0144stwa r\u00f3\u017ca\u0144cowe codziennie o godz. 17.30. Dla dzieci we wtorki, \u015brody i czwartki o godz. 16.30. Prosimy, aby pilniej i liczniej przychodzi\u0142y dzieci przygotowuj\u0105ce si\u0119 do I komunii \u015bw.2. W dni powszednie przyjmujemy rezerwacje intencji mszalnych na 2020 r.3. We wtorek przypada Dzie\u0144 Dziecka Utraconego. Na mszy \u015bw. &#8230; <span class=\"more\"><a class=\"more-link\" href=\"https:\/\/www.chnk.pl\/?p=2480\">czytaj wi\u0119cej<\/a><\/span><\/p>\n","protected":false},"author":3,"featured_media":0,"comment_status":"open","ping_status":"open","sticky":false,"template":"","format":"standard","meta":{"ngg_post_thumbnail":0,"footnotes":""},"categories":[1],"tags":[],"_links":{"self":[{"href":"https:\/\/www.chnk.pl\/index.php?rest_route=\/wp\/v2\/posts\/2480"}],"collection":[{"href":"https:\/\/www.chnk.pl\/index.php?rest_route=\/wp\/v2\/posts"}],"about":[{"href":"https:\/\/www.chnk.pl\/index.php?rest_route=\/wp\/v2\/types\/post"}],"author":[{"embeddable":true,"href":"https:\/\/www.chnk.pl\/index.php?rest_route=\/wp\/v2\/users\/3"}],"replies":[{"embeddable":true,"href":"https:\/\/www.chnk.pl\/index.php?rest_route=%2Fwp%2Fv2%2Fcomments&post=2480"}],"version-history":[{"count":1,"href":"https:\/\/www.chnk.pl\/index.php?rest_route=\/wp\/v2\/posts\/2480\/revisions"}],"predecessor-version":[{"id":2481,"href":"https:\/\/www.chnk.pl\/index.php?rest_route=\/wp\/v2\/posts\/2480\/revisions\/2481"}],"wp:attachment":[{"href":"https:\/\/www.chnk.pl\/index.php?rest_route=%2Fwp%2Fv2%2Fmedia&parent=2480"}],"wp:term":[{"taxonomy":"category","embeddable":true,"href":"https:\/\/www.chnk.pl\/index.php?rest_route=%2Fwp%2Fv2%2Fcategories&post=2480"},{"taxonomy":"post_tag","embeddable":true,"href":"https:\/\/www.chnk.pl\/index.php?rest_route=%2Fwp%2Fv2%2Ftags&post=2480"}],"curies":[{"name":"wp","href":"https:\/\/api.w.org\/{rel}","templated":true}]}}