{"id":2474,"date":"2019-10-05T17:49:36","date_gmt":"2019-10-05T17:49:36","guid":{"rendered":"http:\/\/www.chnk.pl\/?p=2474"},"modified":"2019-10-05T17:49:36","modified_gmt":"2019-10-05T17:49:36","slug":"27-niedziela-zwykla-2","status":"publish","type":"post","link":"https:\/\/www.chnk.pl\/?p=2474","title":{"rendered":"27 Niedziela Zwyk\u0142a"},"content":{"rendered":"\n<p><br \/>OG\u0141OSZENIA DUSZPASTRSKIE<br \/>NIEDZIELA XXVII ZWYK\u0141A<br \/>6 pa\u017adziernika 2019 r.<br \/>1. Kalendarz liturgiczny: poniedzia\u0142ek \u2013 Matki Bo\u017cej R\u00f3\u017ca\u0144cowej, \u015broda \u2013 \u015bw. Dionizego i \u015bw. Jana Leonardiego, pi\u0105tek \u2013 \u015bw. papie\u017ca Jana XXIII, sobota &#8211; \u015bwi\u0119to Po\u015bwi\u0119cenia Bazyliki Katedralnej.<br \/>2. Nabo\u017ce\u0144stwa r\u00f3\u017ca\u0144cowe codziennie o godz. 17.30. Dla dzieci: we wtorki, \u015brody i czwartki o godz. 16.30. Prosimy rodzic\u00f3w, aby do\u0142o\u017cyli stara\u0144, by dzieci uczestniczy\u0142y w nabo\u017ce\u0144stwie r\u00f3\u017ca\u0144cowym. Ponadto, w ka\u017cdy wtorek, przed porann\u0105 Msz\u0105 \u015bw., o godz. 7.30 r\u00f3\u017caniec do Matki Bo\u017cej, Patronki Dobrej \u015amierci. Zapraszamy do tego Stowarzyszenia, kt\u00f3rego celem jest wypraszanie \u0142aski: wytrwania w dobrym dla sprawiedliwych, nawr\u00f3cenia dla grzesznik\u00f3w i dobrej \u015bmierci dla wszystkich.<br \/>3. Spotkanie Kr\u0119gu Biblijnego w \u015brod\u0119 w salce parafialnej po wieczornej mszy \u015bw. <br \/>4. B\u00f3g zap\u0142a\u0107 za owoce tegorocznego lata ( zostan\u0105 przekazane SS. Albertynkom do jad\u0142odajni Caritas) i B\u00f3g zap\u0142a\u0107 za ofiary na doposa\u017canie ko\u015bcio\u0142a.<br \/>5. Kolejna Prezentacja z cyklu VERBA SACRA w niedziel\u0119 13, pa\u017adziernika, w Katedrze o godz. 17.00. Wyst\u0105pi Krzysztof Dzierma odtw\u00f3rca postaci Proboszcza w filmie \u201eJak u Pana Boga za piecem.\u201d Wst\u0119p wolny.<br \/>6. W przysz\u0142\u0105 niedziel\u0119 w naszej parafii Dzie\u0144 Papieski. Przed ko\u015bcio\u0142em mo\u017cliwo\u015b\u0107 z\u0142o\u017cenia ofiary na fundusz stypendialny dla niezamo\u017cnej m\u0142odzie\u017cy &#8211; \u017cywy pomnik wdzi\u0119czno\u015bci za \u017cycie i pontyfikat \u015bw. Jana Paw\u0142a II.<br \/>7. W naszej parafii jest mo\u017cliwo\u015b\u0107 przyj\u0119cia komunii \u015bw. w hostii niskoglutenowej przez cierpi\u0105cych na celiaki\u0119 i na diecie bezglutenowej. Informacje w zakrystii.<br \/>8. Pozna\u0144ska Grupa Ekumeniczna, zaprasza na \u015awi\u0119to Biblii w dniach 6 -10 pa\u017adziernika br. Has\u0142em tegorocznego \u015awi\u0119ta s\u0105 s\u0142owa z Ksi\u0119gi Psalm\u00f3w: Szukaj pokoju i d\u0105\u017c do niego. Punktem kulminacyjnym \u015awi\u0119ta b\u0119dzie Uroczyste Nabo\u017ce\u0144stwo S\u0142owa. Modlitwom przewodniczy\u0107 b\u0119d\u0105: Ksi\u0105dz Arcybiskup Stanis\u0142aw G\u0105decki, Metropolita Pozna\u0144ski i Ksi\u0105dz Biskup Marian Niemiec, Zwierzchnik Ko\u015bcio\u0142a Ewangelicko-Augsburskiego. Nabo\u017ce\u0144stwo S\u0142owa zostanie odprawione w czwartek, 10 pa\u017adziernika o godz. 1830, w ko\u015bciele pw. \u015aw. Marcina. Szczeg\u00f3\u0142y na plakatach.<br \/>9. Komisja Liturgiczna Archidiecezji Pozna\u0144skiej organizuje kurs dla fotograf\u00f3w i operator\u00f3w sprz\u0119tu audiowizualnego, kt\u00f3ry odb\u0119dzie si\u0119 w ko\u015bciele pw. Naj\u015bwi\u0119tszego Zbawiciela w Poznaniu przy ul. Fredry 11, w sobot\u0119 30 listopada 2019 roku od godz. 10:00 do 13:00. Organizatorzy prosz\u0105 uczestnik\u00f3w o punktualne przybycie. Potrzebna jest pisemna akceptacja ksi\u0119dza proboszcza.<br \/>10. W sobot\u0119, 12 pa\u017adziernika br., w Rocznic\u0119 Po\u015bwi\u0119cenia Katedry Pozna\u0144skiej odb\u0119d\u0105 si\u0119 w Bazylice Archikatedralnej dwa uroczyste nabo\u017ce\u0144stwa: o godz. 1130, z okazji \u015awiatowego Dnia Seniora Msza \u015bw., na kt\u00f3r\u0105 zapraszamy wszystkich senior\u00f3w. Przed Msz\u0105 \u015bw. o godz. 1100 kr\u00f3tki koncert religijny. O godz. 1800 Msza \u015bw. z Nieszporami<br \/>10. Salezja\u0144skie Centrum M\u0142odzie\u017cowe informuje, \u017ce prowadzi Katolick\u0105 Poradni\u0119 Psychologiczn\u0105, na ul. Kolejowej 52. Szczeg\u00f3\u0142y na tablicy og\u0142osze\u0144. <br \/>11. Zach\u0119camy do czytania prasy katolickiej. Przy zakrystii: Przewodnik Katolicki, Go\u015b\u0107 Niedzielny, Mi\u0142ujcie si\u0119, Egzorcysta, Ma\u0142y Przewodnik Katolicki i gazetka parafialna.<br \/>12. M\u00f3dlmy si\u0119 za zmar\u0142ych parafia. Za dusz\u0119 \u015bp. Wac\u0142awa Ruckiego, os Lecha 127. Pogrzeb odby\u0142 si\u0119 w sobot\u0119 na cmentarzu parafialnym w Sp\u0142awiu. Wieczny odpoczynek racz zmar\u0142ym da\u0107 panie.<\/p>\n","protected":false},"excerpt":{"rendered":"<p>OG\u0141OSZENIA DUSZPASTRSKIENIEDZIELA XXVII ZWYK\u0141A6 pa\u017adziernika 2019 r.1. Kalendarz liturgiczny: poniedzia\u0142ek \u2013 Matki Bo\u017cej R\u00f3\u017ca\u0144cowej, \u015broda \u2013 \u015bw. Dionizego i \u015bw. Jana Leonardiego, pi\u0105tek \u2013 \u015bw. papie\u017ca Jana XXIII, sobota &#8211; \u015bwi\u0119to Po\u015bwi\u0119cenia Bazyliki Katedralnej.2. Nabo\u017ce\u0144stwa r\u00f3\u017ca\u0144cowe codziennie o godz. 17.30. Dla dzieci: we wtorki, \u015brody i czwartki o godz. 16.30. Prosimy rodzic\u00f3w, aby do\u0142o\u017cyli stara\u0144, &#8230; <span class=\"more\"><a class=\"more-link\" href=\"https:\/\/www.chnk.pl\/?p=2474\">czytaj wi\u0119cej<\/a><\/span><\/p>\n","protected":false},"author":3,"featured_media":0,"comment_status":"open","ping_status":"open","sticky":false,"template":"","format":"standard","meta":{"ngg_post_thumbnail":0,"footnotes":""},"categories":[1],"tags":[],"_links":{"self":[{"href":"https:\/\/www.chnk.pl\/index.php?rest_route=\/wp\/v2\/posts\/2474"}],"collection":[{"href":"https:\/\/www.chnk.pl\/index.php?rest_route=\/wp\/v2\/posts"}],"about":[{"href":"https:\/\/www.chnk.pl\/index.php?rest_route=\/wp\/v2\/types\/post"}],"author":[{"embeddable":true,"href":"https:\/\/www.chnk.pl\/index.php?rest_route=\/wp\/v2\/users\/3"}],"replies":[{"embeddable":true,"href":"https:\/\/www.chnk.pl\/index.php?rest_route=%2Fwp%2Fv2%2Fcomments&post=2474"}],"version-history":[{"count":1,"href":"https:\/\/www.chnk.pl\/index.php?rest_route=\/wp\/v2\/posts\/2474\/revisions"}],"predecessor-version":[{"id":2475,"href":"https:\/\/www.chnk.pl\/index.php?rest_route=\/wp\/v2\/posts\/2474\/revisions\/2475"}],"wp:attachment":[{"href":"https:\/\/www.chnk.pl\/index.php?rest_route=%2Fwp%2Fv2%2Fmedia&parent=2474"}],"wp:term":[{"taxonomy":"category","embeddable":true,"href":"https:\/\/www.chnk.pl\/index.php?rest_route=%2Fwp%2Fv2%2Fcategories&post=2474"},{"taxonomy":"post_tag","embeddable":true,"href":"https:\/\/www.chnk.pl\/index.php?rest_route=%2Fwp%2Fv2%2Ftags&post=2474"}],"curies":[{"name":"wp","href":"https:\/\/api.w.org\/{rel}","templated":true}]}}