{"id":2471,"date":"2019-10-05T17:45:47","date_gmt":"2019-10-05T17:45:47","guid":{"rendered":"http:\/\/www.chnk.pl\/?p=2471"},"modified":"2019-10-05T17:45:47","modified_gmt":"2019-10-05T17:45:47","slug":"slowo-przewodniczacego-kep-przed-wyborami-parlamentalnymi","status":"publish","type":"post","link":"https:\/\/www.chnk.pl\/?p=2471","title":{"rendered":"S\u0142owo Przewodnicz\u0105cego KEP przed Wyborami Parlamentalnymi"},"content":{"rendered":"\n<div id=\"main\" class=\"app-container\">\n<div class=\"topbar__wrap\">\n<div class=\"topbar__inner\">\n<div class=\"topbar__tabs\" style=\"text-align: center;\">S\u0141OWP PRZEWODNICZ\u0104CEGO KONFERENCJI EPISKOPATU POLSKI<\/div>\n<\/div>\n<\/div>\n<\/div>\n<div id=\"nh-modal\">\n<div class=\"Overlay\">\n<div class=\"Overlay__content\">\n<div class=\"Lightbox u-posFixed\" role=\"dialog\">\n<div class=\"LightboxImage LightboxImage--noThumbnails\">\n<div class=\"document-viewer__layout-black\">\n<div class=\"document-viewer__content LightboxImage-document\">\n<div class=\"pdfViewer\">\n<div class=\"page\" data-page-number=\"1\" data-loaded=\"true\">\n<div class=\"textLayer\">\n<div>PRZED WYBORAMI PARLAMENTARNYMI (2019)<\/div>\n<div>Drodzy Bracia i Siostry w Chrystusie,<\/div>\n<div>Zbli\u017caj\u0105ce si\u0119 wybory parlamentarne s\u0105 dla mnie sposobno\u015bci\u0105 do<\/div>\n<div>przypomnienia kilku podstawowych zasad Katolickiej Nauki Spo\u0142ecznej,<\/div>\n<div>dotycz\u0105cych odpowiedzialno\u015bci katolik\u00f3w za \u017cycie polityczne.<\/div>\n<div>Zach\u0119caj\u0105c do udzia\u0142u w wyborach pragn\u0119 najpierw przypomnie\u0107,<\/div>\n<div>\u017ce z moralnego punktu widzenia mi\u0142o\u015b\u0107 Ojczyzny i odpowiedzialno\u015b\u0107 za<\/div>\n<div>dobro wsp\u00f3lne wymagaj\u0105 od wszystkich korzystania z prawa<\/div>\n<div>wyborczego. Nic poza nadzwyczajnymi okoliczno\u015bciami nie<\/div>\n<div>usprawiedliwia nieobecno\u015bci katolik\u00f3w w sprawach publicznych.<\/div>\n<div>W procesie dokonywania odpowiedzialnego wyboru<\/div>\n<div>odpowiedniego kandydata nale\u017cy wzi\u0105\u0107 pod uwag\u0119: jego prawo\u015b\u0107<\/div>\n<div>moraln\u0105, kompetencje w dziedzinie \u017cycia politycznego i obywatelskiego,<\/div>\n<div>potwierdzone dotychczasow\u0105 dzia\u0142alno\u015bci\u0105 publiczn\u0105, \u015bwiadectwo \u017cycia<\/div>\n<div>w rodzinie oraz<\/div>\n<div>ma\u0142ej ojczy\u017anie. Licz\u0105 si\u0119 r\u00f3wnie\u017c takie cechy<\/div>\n<div>osobowo\u015bci jak: wyrazista to\u017csamo\u015b\u0107, szacunek do ka\u017cdego cz\u0142owieka,<\/div>\n<div>postawa dialogu<\/div>\n<div>i umiej\u0119tno\u015b\u0107 wsp\u00f3\u0142pracy z innymi, zdolno\u015b\u0107 do roztropnego rozwi\u0105zywania konflikt\u00f3w, mi\u0142o\u015b\u0107 Ojczyzny oraz<\/div>\n<div>traktowanie w\u0142adzy jako s\u0142u\u017cby. Wyb\u00f3r takich kandydat\u00f3w daje wi\u0119ksz\u0105<\/div>\n<div>szans\u0119 na integralny i solidarny rozw\u00f3j naszego kraju.<\/div>\n<div>Jednocze\u015bnie zdaj\u0119 sobie spraw\u0119 z tego, \u017ce<\/div>\n<div>w zakresie porz\u0105dku spraw doczesnych<\/div>\n<div>tak\u017ce mi\u0119dzy katolikami mog\u0105 istnie\u0107 uprawnione r\u00f3\u017cnice pogl\u0105d\u00f3w.<\/div>\n<div>Pluralizm nie mo\u017ce jednak oznacza\u0107 moralnego relatywizmu. Fundamentalne zasady etyczne ze wzgl\u0119du na ich natur\u0119<\/div>\n<div>i rol\u0119, jak\u0105 pe\u0142ni\u0105 w \u017cyciu spo\u0142ecznym<\/div>\n<div>nie mog\u0105 by\u0107 przedmiotem \u201enegocjacji\u201d. Jak to wielokrotnie przypominali papie\u017ce, m.in. \u015bw. Jan Pawe\u0142 II, a ostatnio Papie\u017c Franciszek, katolicy powinni popiera\u0107<\/div>\n<div>programy broni\u0105ce prawa do \u017cycia od pocz\u0119cia do naturalnej \u015bmierci,<\/div>\n<div>gwarantuj\u0105ce prawn\u0105 definicj\u0119 ma\u0142\u017ce\u0144stwa jako trwa\u0142ego zwi\u0105zku<\/div>\n<div class=\"endOfContent\">jednego m\u0119\u017cczyzny i jednej kobiety, promuj\u0105ce polityk\u0119 rodzinn\u0105,<\/div>\n<\/div>\n<\/div>\n<div class=\"page\" data-page-number=\"2\" data-loaded=\"true\">\n<div class=\"textLayer\">\n<div>wspieraj\u0105ce dzietno\u015b\u0107, gwarantuj\u0105ce prawo rodzic\u00f3w do wychowania<\/div>\n<div>w\u0142asnego potomstwa zgodnie z wyznawan\u0105 wiar\u0105 i moralnymi<\/div>\n<div>przekonaniami.<\/div>\n<div>W zwi\u0105zku z tym katolicy nie mog\u0105 wspiera\u0107 program\u00f3w, kt\u00f3re promuj\u0105 aborcj\u0119, staraj\u0105 si\u0119 przedefiniowa\u0107 instytucj\u0119 ma\u0142\u017ce\u0144stwa, usi\u0142uj\u0105 ograniczy\u0107 prawa rodzic\u00f3w w zakresie<\/div>\n<div>odpowiedzialno\u015bci za wychowanie ich dzieci, propaguj\u0105 demoralizacj\u0119<\/div>\n<div>dzieci i m\u0142odzie\u017cy. Nie mog\u0105 si\u0119 decydowa\u0107 na wyb\u00f3r kandydata, kt\u00f3ry<\/div>\n<div>wyra\u017ca pogl\u0105dy budz\u0105ce zastrze\u017cenia z punktu widzenia moralnego oraz ryzykowne z punktu widzenia politycznego.<\/div>\n<div>Wyra\u017cam g\u0142\u0119bokie przekonanie, \u017ce niezale\u017cnie od podzia\u0142\u00f3w oraz napi\u0119\u0107 politycznych i spo\u0142ecznych w Polsce<\/div>\n<div>mo\u017cliwe i konieczne jest budowanie narodowej wsp\u00f3lnoty poprzez dialog i solidarno\u015b\u0107w prawdzie, we wzajemnym szacunku oraz z my\u015bl\u0105 o przysz\u0142ych<\/div>\n<div>pokoleniach. Nie rozbudzajmy wi\u0119c emocji, kt\u00f3re spowodowa\u0142yby, \u017ce po wyborach trudno nam b\u0119dzie odnosi\u0107 si\u0119 do siebie nawzajem z szacunkiem.<\/div>\n<div>Zach\u0119cam ka\u017cdego do udzia\u0142u w modlitwie o owocny przebiegg\u0142osowania. \u017bycz\u0119 wszystkim, aby okres kampanii zosta\u0142 zapami\u0119tany nie tyle jako czas walki o w\u0142adz\u0119, ile raczej jako czas owocnej dyskusji o dobru naszej Ojczyzny i kierunkach jej integralnego rozwoju.<\/div>\n<div>Zwyci\u0119zc\u00f3w wybor\u00f3w prosz\u0119 o to, aby stali si\u0119 prawdziwymi \u201enarz\u0119dziami pokoju i pojednania\u201d.<\/div>\n<div>&nbsp;<\/div>\n<div>\/\/<\/div>\n<div>&#8211;<\/div>\n<div>\u2720<\/div>\n<div>Stanis\u0142aw G\u0105decki<\/div>\n<div>Arcybiskup Metropolita Pozna\u0144ski<\/div>\n<div>Przewodnicz\u0105cy Konferencji Episkopatu Polski<\/div>\n<div>Wiceprzewodnicz\u0105cy Rady Konferencji<\/div>\n<div>Episkopat\u00f3w Europy (CCEE)<\/div>\n<div>Warszawa, dnia<\/div>\n<div>1<\/div>\n<div>pa\u017adziernika<\/div>\n<div>2019 roku<\/div>\n<div class=\"endOfContent\">&nbsp;<\/div>\n<\/div>\n<\/div>\n<\/div>\n<\/div>\n<\/div>\n<\/div>\n<div class=\"lightbox-sidebar__wrap\"><button class=\"Button lightbox-sidebar__close\" title=\"zamknij podgl\u0105d za\u0142\u0105cznik\u00f3w\"><i class=\"icon-new\" aria-hidden=\"true\"><\/i><\/button>\n<div class=\"lightbox-sidebar__details\">\n<div class=\"lightbox-sidebar__pages\">1&nbsp;z&nbsp;1<\/div>\n<dl class=\"lightbox-sidebar__info\">\n<dt>Nazwa pliku<\/dt>\n<dd>S\u0142owo Przewodnicz\u0105cego KEP przed wyborami parlamentarnymi.pdf<\/dd>\n<dt>W konwersacji<\/dt>\n<dd>Przejd\u017a do \u017ar\u00f3d\u0142a<\/dd>\n<\/dl>\n<\/div>\n<\/div>\n<\/div>\n<\/div>\n<\/div>\n<\/div>\n","protected":false},"excerpt":{"rendered":"<p>S\u0141OWP PRZEWODNICZ\u0104CEGO KONFERENCJI EPISKOPATU POLSKI PRZED WYBORAMI PARLAMENTARNYMI (2019) Drodzy Bracia i Siostry w Chrystusie, Zbli\u017caj\u0105ce si\u0119 wybory parlamentarne s\u0105 dla mnie sposobno\u015bci\u0105 do przypomnienia kilku podstawowych zasad Katolickiej Nauki Spo\u0142ecznej, dotycz\u0105cych odpowiedzialno\u015bci katolik\u00f3w za \u017cycie polityczne. Zach\u0119caj\u0105c do udzia\u0142u w wyborach pragn\u0119 najpierw przypomnie\u0107, \u017ce z moralnego punktu widzenia mi\u0142o\u015b\u0107 Ojczyzny i odpowiedzialno\u015b\u0107 za &#8230; <span class=\"more\"><a class=\"more-link\" href=\"https:\/\/www.chnk.pl\/?p=2471\">czytaj wi\u0119cej<\/a><\/span><\/p>\n","protected":false},"author":3,"featured_media":0,"comment_status":"open","ping_status":"open","sticky":false,"template":"","format":"standard","meta":{"ngg_post_thumbnail":0,"footnotes":""},"categories":[1],"tags":[],"_links":{"self":[{"href":"https:\/\/www.chnk.pl\/index.php?rest_route=\/wp\/v2\/posts\/2471"}],"collection":[{"href":"https:\/\/www.chnk.pl\/index.php?rest_route=\/wp\/v2\/posts"}],"about":[{"href":"https:\/\/www.chnk.pl\/index.php?rest_route=\/wp\/v2\/types\/post"}],"author":[{"embeddable":true,"href":"https:\/\/www.chnk.pl\/index.php?rest_route=\/wp\/v2\/users\/3"}],"replies":[{"embeddable":true,"href":"https:\/\/www.chnk.pl\/index.php?rest_route=%2Fwp%2Fv2%2Fcomments&post=2471"}],"version-history":[{"count":1,"href":"https:\/\/www.chnk.pl\/index.php?rest_route=\/wp\/v2\/posts\/2471\/revisions"}],"predecessor-version":[{"id":2472,"href":"https:\/\/www.chnk.pl\/index.php?rest_route=\/wp\/v2\/posts\/2471\/revisions\/2472"}],"wp:attachment":[{"href":"https:\/\/www.chnk.pl\/index.php?rest_route=%2Fwp%2Fv2%2Fmedia&parent=2471"}],"wp:term":[{"taxonomy":"category","embeddable":true,"href":"https:\/\/www.chnk.pl\/index.php?rest_route=%2Fwp%2Fv2%2Fcategories&post=2471"},{"taxonomy":"post_tag","embeddable":true,"href":"https:\/\/www.chnk.pl\/index.php?rest_route=%2Fwp%2Fv2%2Ftags&post=2471"}],"curies":[{"name":"wp","href":"https:\/\/api.w.org\/{rel}","templated":true}]}}