{"id":2466,"date":"2019-09-28T13:50:55","date_gmt":"2019-09-28T13:50:55","guid":{"rendered":"http:\/\/www.chnk.pl\/?p=2466"},"modified":"2019-09-28T13:53:20","modified_gmt":"2019-09-28T13:53:20","slug":"26-niedziela-zwykla","status":"publish","type":"post","link":"https:\/\/www.chnk.pl\/?p=2466","title":{"rendered":"26 Niedziela Zwyk\u0142a"},"content":{"rendered":"\n<p><br \/>OG\u0141OSZENIA DUSZPASTERSKIE<br \/>NIEDZIELA XXVI ZWYK\u0141A<br \/>29 wrze\u015bnia 2019 r.<br \/>1. Kalendarz liturgiczny:<br \/>poniedzia\u0142ek \u2013 \u015bw. Hieronima<br \/>wtorek \u2013 \u015bw.Teresy od Dzieci\u0105tka Jezus,<br \/>\u015broda \u2013 \u015bw. Anio\u0142\u00f3w Str\u00f3\u017c\u00f3w,<br \/>pi\u0105tek \u2013 \u015bw. \u015bw. Franciszka z Asy\u017cu,<br \/>sobota \u2013 \u015bw. Faustyny Kowalskiej,<br \/>2. Pa\u017adziernik jest miesi\u0105cem R\u00f3\u017ca\u0144ca \u015bw. Nabo\u017ce\u0144stwo R\u00f3\u017ca\u0144cowe codziennie o godz. 17.30. Dla dzieci we wtorki, \u015brody i czwartki o godz. 16.30. Prosimy rodzic\u00f3w, aby do\u0142o\u017cyli stara\u0144, by dzieci uczestniczy\u0142y w nabo\u017ce\u0144stwie r\u00f3\u017ca\u0144cowym. W ci\u0105gu ca\u0142ego roku mo\u017cna dost\u0105pi\u0107 odpustu zupe\u0142nego za zm\u00f3wienie R\u00f3\u017ca\u0144ca. Trzeba dan\u0105 cz\u0119\u015b\u0107 zm\u00f3wi\u0107 bez przerwy, z modlitw\u0105 z\u0142\u0105czy\u0107 rozwa\u017canie tajemnic, odm\u00f3wi\u0107 r\u00f3\u017caniec w ko\u015bciele albo w rodzinie.<br \/>3. Spotkanie katechetyczne dla senior\u00f3w we wtorek po mszy \u015bw. porannej w salce parafialnej. Wej\u015bcie z dziedzi\u0144ca.<br \/>4. Kr\u0105g biblijny w \u015brod\u0119 o godz. 18.50 (po mszy \u015bw.) w salce parafialnej, a w kaplicy spotkanie \u017bywego R\u00f3\u017ca\u0144ca.<br \/>5. Zapraszamy na msze \u015bw. w intencji wsp\u00f3lnot r\u00f3\u017ca\u0144cowych: we wtorek o godz. 7.30 msza \u015bw. Apostolstwa Dobrej \u015amierci, a w poniedzia\u0142ek, 7 pa\u017adziernika o godz. 18.00 msza \u015bw. \u017bywego R\u00f3\u017ca\u0144ca.<br \/>6. W tym tygodniu : I czwartek i I pi\u0105tek i I sobota miesi\u0105ca. W czwartek adoracja Naj\u015bwi\u0119tszego Sakramentu od godz. 17.00 do 18.00 w intencji poszanowania \u017cycia ludzkiego i po mszy \u015bw. do godz. 21.00 w intencji nowych powo\u0142a\u0144 kap\u0142a\u0144skich i zakonnych. Spowied\u017a i Komunia \u015bw. dla klas: 4, 5 i 6 w pi\u0105tek od godz. 15.00 i nabo\u017ce\u0144stwo r\u00f3\u017ca\u0144cowe o godz. 16.30. Od godziny 17.00 do 18.00 spowied\u017a \u015bw. dla klas 7 i 8 i starszej m\u0142odzie\u017cy. Nabo\u017ce\u0144stwo dla m\u0142odych kontynuuj\u0105cych przygotowanie do sakramentu bierzmowania i ich rodzic\u00f3w, w pi\u0105tek o godz. 19.15 w ko\u015bciele. Nabo\u017ce\u0144stwo do Niepokalanego Serca Matki Bo\u017cej w sobot\u0119 o godz. 7.15. Comiesi\u0119czne odwiedziny chorych z sakramentami \u015bw. w pi\u0105tek i w sobot\u0119 wed\u0142ug sta\u0142ego planu. Spotkanie dla ma\u0142\u017ce\u0144stw w sobot\u0119 o godz. 19.15 w salce. Dzielimy si\u0119 S\u0142owem Bo\u017cym i do\u015bwiadczeniem \u017cycia. Dzieci maj\u0105 zapewniona opiek\u0119.<br \/>7. W przysz\u0142\u0105 niedziel\u0119, 6 pa\u017adziernika, b\u0119dziemy dzi\u0119kowa\u0107 Panu Bogu za tegoroczne urodzaje. Mo\u017cna ofiarowa\u0107 w czasie mszy \u015bw. warzywa, owoce i przetwory z w\u0142asnych upraw lub zakupione, kt\u00f3re zostan\u0105 przekazane do jad\u0142odajni CARITAS, SS. Albertynek przy ul. Ks. \u015aciegiennego.<br \/>8. Prosimy o pomoc w sprz\u0105taniu ko\u015bcio\u0142a w sobot\u0119 o godz. 9.00. Parafian ch\u0119tnych do pomocy prosimy, aby zadeklarowali pomoc, po mszy \u015bw., przy stoliku z pras\u0105. Chodzi o podtrzymanie i uzupe\u0142nienie czterech zespo\u0142\u00f3w, dy\u017curuj\u0105cych raz w miesi\u0105cu. Sprz\u0105tanie ko\u015bcio\u0142a przed uroczysto\u015bci\u0105 Wszystkich \u015awi\u0119tych b\u0119dzie w \u015brod\u0119 (30.10. br.) o godz. 19.00.<br \/>9. Uroczysto\u015bci odpustowe ku czci \u015bw. Franciszka u Bernardyn\u00f3w, w pi\u0105tek o godz. 18.00. 10. Zach\u0119camy do czytania Przewodnika Katolickiego (dzisiaj z modlitewnikiem na pa\u017adziernik). Jest Go\u015b\u0107 Niedzielny, Ma\u0142y Przewodnik Katolicki, Ola i Ja\u015b, Ziarno, Egzorcysta, gazetka parafialna.<\/p>\n","protected":false},"excerpt":{"rendered":"<p>OG\u0141OSZENIA DUSZPASTERSKIENIEDZIELA XXVI ZWYK\u0141A29 wrze\u015bnia 2019 r.1. Kalendarz liturgiczny:poniedzia\u0142ek \u2013 \u015bw. Hieronimawtorek \u2013 \u015bw.Teresy od Dzieci\u0105tka Jezus,\u015broda \u2013 \u015bw. Anio\u0142\u00f3w Str\u00f3\u017c\u00f3w,pi\u0105tek \u2013 \u015bw. \u015bw. Franciszka z Asy\u017cu,sobota \u2013 \u015bw. Faustyny Kowalskiej,2. Pa\u017adziernik jest miesi\u0105cem R\u00f3\u017ca\u0144ca \u015bw. Nabo\u017ce\u0144stwo R\u00f3\u017ca\u0144cowe codziennie o godz. 17.30. Dla dzieci we wtorki, \u015brody i czwartki o godz. 16.30. Prosimy rodzic\u00f3w, aby &#8230; <span class=\"more\"><a class=\"more-link\" href=\"https:\/\/www.chnk.pl\/?p=2466\">czytaj wi\u0119cej<\/a><\/span><\/p>\n","protected":false},"author":3,"featured_media":0,"comment_status":"open","ping_status":"open","sticky":false,"template":"","format":"standard","meta":{"ngg_post_thumbnail":0,"footnotes":""},"categories":[1],"tags":[],"_links":{"self":[{"href":"https:\/\/www.chnk.pl\/index.php?rest_route=\/wp\/v2\/posts\/2466"}],"collection":[{"href":"https:\/\/www.chnk.pl\/index.php?rest_route=\/wp\/v2\/posts"}],"about":[{"href":"https:\/\/www.chnk.pl\/index.php?rest_route=\/wp\/v2\/types\/post"}],"author":[{"embeddable":true,"href":"https:\/\/www.chnk.pl\/index.php?rest_route=\/wp\/v2\/users\/3"}],"replies":[{"embeddable":true,"href":"https:\/\/www.chnk.pl\/index.php?rest_route=%2Fwp%2Fv2%2Fcomments&post=2466"}],"version-history":[{"count":1,"href":"https:\/\/www.chnk.pl\/index.php?rest_route=\/wp\/v2\/posts\/2466\/revisions"}],"predecessor-version":[{"id":2467,"href":"https:\/\/www.chnk.pl\/index.php?rest_route=\/wp\/v2\/posts\/2466\/revisions\/2467"}],"wp:attachment":[{"href":"https:\/\/www.chnk.pl\/index.php?rest_route=%2Fwp%2Fv2%2Fmedia&parent=2466"}],"wp:term":[{"taxonomy":"category","embeddable":true,"href":"https:\/\/www.chnk.pl\/index.php?rest_route=%2Fwp%2Fv2%2Fcategories&post=2466"},{"taxonomy":"post_tag","embeddable":true,"href":"https:\/\/www.chnk.pl\/index.php?rest_route=%2Fwp%2Fv2%2Ftags&post=2466"}],"curies":[{"name":"wp","href":"https:\/\/api.w.org\/{rel}","templated":true}]}}