{"id":2462,"date":"2019-09-21T20:53:43","date_gmt":"2019-09-21T20:53:43","guid":{"rendered":"http:\/\/www.chnk.pl\/?p=2462"},"modified":"2019-09-21T20:53:43","modified_gmt":"2019-09-21T20:53:43","slug":"25-niedziela-zwykla-2","status":"publish","type":"post","link":"https:\/\/www.chnk.pl\/?p=2462","title":{"rendered":"25 Niedziela Zwyk\u0142a"},"content":{"rendered":"\n<p><br \/>OG\u0141OSZENIA DUSZPASTERSKIE<br \/>NIEDZIELA XXV ZWYK\u0141A<br \/>22 wrze\u015bnia 2019 r. <br \/>1.Kalendarz liturgiczny: poniedzia\u0142ek \u2013 \u015bw. Ojca Pio, czwartek \u2013 \u015bw. Kosmy i Damiana oraz Wawrzy\u0144ca Ruiz, pi\u0105tek- \u015bw. Wincentego a Paulo, sobota &#8211; \u015bw. Wac\u0142awa, niedziela \u2013 \u015bw. Archanio\u0142\u00f3w Micha\u0142a Gabriela i Rafa\u0142a.<\/p>\n<p>2. Szczere podzi\u0119kowanie Parafianom, kt\u00f3rzy wzi\u0119li udzia\u0142 w \u015bwi\u0119towaniu 4 rocznicy po\u015bwiecenia naszego ko\u015bcio\u0142a parafialnego i \u015bwi\u0119cie ku czci Matki Bo\u017cej z La Salette. B\u00f3g zap\u0142a\u0107 za zaanga\u017cowanie s\u0142u\u017cby liturgicznej i wszystkich wsp\u00f3\u0142pracownik\u00f3w.<\/p>\n<p>3. Kr\u0105g biblijny w \u015brod\u0119 o godz. 19.00 w salce parafialnej.<\/p>\n<p>4. Spotkanie dla dzieci pierwszokomunijnych, przed po\u015bwi\u0119ceniem r\u00f3\u017ca\u0144ca w pi\u0105tek, 27 wrze\u015bnia o godz. 15.45 klasy a, b oraz o 16.45 klasy c, d oraz inne szko\u0142y. Spotkanie w salce parafialnej, wej\u015bcie z dziedzi\u0144ca. Po\u015bwi\u0119cenie r\u00f3\u017ca\u0144ca w niedziel\u0119, 29 wrze\u015bnia, na mszy \u015bw. o godz. 11.15.<\/p>\n<p>5. Msza \u015bw. z modlitw\u0105 o uzdrowienie duszy i cia\u0142a w czwartek o godz. 19.15. Prosimy przynie\u015b\u0107 zapisane intencje, kt\u00f3re b\u0119d\u0105 w\u0142\u0105czone w modlitw\u0119 mszy \u015bw.<\/p>\n<p>6. Komunia \u015bw. dla cierpi\u0105cych na celiaki\u0119 i na diecie bezglutenowej. Informacje w zakrystii i biurze parafialnym.<\/p>\n<p>7. Zapraszamy na \u201eZNAK POKOJU w Poznaniu\u201d do Parafii \u015bw. Rocha. Jest to inicjatywa, kt\u00f3ra \u0142\u0105czy Mi\u0119dzynarodowy Dzie\u0144 Pokoju ustanowiony przez ONZ i Mi\u0119dzynarodowy Dzie\u0144 Modlitwy o Pok\u00f3j. Organizatorzy zapraszaj\u0105 na to wydarzenie mo\u017cliwie jak najwi\u0119cej ludzi, aby wsp\u00f3lnie si\u0119 modli\u0107 i pos\u0142ucha\u0107 tych, kt\u00f3rzy czynnie bior\u0105 udzia\u0142 w dzia\u0142aniach na rzecz pokoju. Wszystko odb\u0119dzie si\u0119 21 wrze\u015bnia, w sobot\u0119: o godz. 18.00 Eucharystia, a po Mszy \u015awi\u0119tej prelekcje i koncert w Centrum duszpasterskim obok ko\u015bcio\u0142a. Szczeg\u00f3\u0142y na plakacie.<\/p>\n<p>8. Instytut Duchowo\u015bci Carmelitanum przy klasztorze karmelit\u00f3w w Poznaniu zaprasza osoby pragn\u0105ce pog\u0142\u0119bi\u0107 swoj\u0105 formacj\u0119 duchow\u0105 i teologiczn\u0105 na 3-letnie studium duchowo\u015bci. Zaj\u0119cia rozpoczynaj\u0105 si\u0119 4 pa\u017adziernika i b\u0119d\u0105 si\u0119 odbywa\u0107 w ka\u017cdy czwartek od 17.00 do 20.00. Informacje na stronie www.carmelitanum.pl.<\/p>\n<p>9. Zach\u0119camy do czytania prasy katolickiej. W kaplicy przy zakrystii: Przewodnik Katolicki (w najnowszym numerze \u201ePrzewodnika Katolickiego\u201d artyku\u0142 o komunikacji z osobami z g\u0142\u0119bok\u0105 niepe\u0142noprawno\u015bci\u0105), Go\u015b\u0107 Niedzielny, Ma\u0142y Przewodnik Katolicki, Ola i Ja\u015b, Ziarno, gazetka parafialna.<\/p>\n<p>10. M\u00f3dlmy si\u0119 za zmar\u0142ych Parafian. Za dusz\u0119 \u015bp. Bohdana Chatli\u0144skiego, os. Lecha 124, msza \u015bw. pogrzebowa w \u015brod\u0119 o godz. 9.00. Wieczny odpoczynek racz zmar\u0142ym da\u0107 Panie.<\/p>\n<p><br \/>MODLITWA DO \u015aW. RODZINY<\/p>\n<p>Jezu, Maryjo i J\u00f3zefie<br \/>w Was kontemplujemy<br \/>blask prawdziwej mi\u0142o\u015bci,<br \/>do Was zwracamy si\u0119 z ufno\u015bci\u0105.<\/p>\n<p>\u015awi\u0119ta Rodzino z Nazaretu,<br \/>uczy\u0144 tak\u017ce nasze rodziny<br \/>\u015brodowiskami komunii i wieczernikami modlitwy,<br \/>autentycznymi szko\u0142ami Ewangelii<br \/>i ma\u0142ymi Ko\u015bcio\u0142ami domowymi.<br \/>\u015awi\u0119ta Rodzino z Nazaretu<br \/>niech nigdy wi\u0119cej w naszych rodzinach nikt nie do\u015bwiadcza<br \/>przemocy, zamkni\u0119cia i podzia\u0142\u00f3w:<br \/>ktokolwiek zosta\u0142 zraniony albo zgorszony<br \/>niech szybko zazna pocieszenia i uleczenia.<br \/>\u015awi\u0119ta Rodzino z Nazaretu,<br \/>oby przysz\u0142y Synod Biskup\u00f3w<br \/>m\u00f3g\u0142 przywr\u00f3ci\u0107 wszystkim \u015bwiadomo\u015b\u0107<br \/>sakralnego i nienaruszalnego charakteru rodziny,<br \/>jej pi\u0119kna w Bo\u017cym zamy\u015ble.<br \/>Jezu, Maryjo i J\u00f3zefie<br \/>Us\u0142yszcie, wys\u0142uchajcie naszego b\u0142agania.<\/p>\n","protected":false},"excerpt":{"rendered":"<p>OG\u0141OSZENIA DUSZPASTERSKIENIEDZIELA XXV ZWYK\u0141A22 wrze\u015bnia 2019 r. 1.Kalendarz liturgiczny: poniedzia\u0142ek \u2013 \u015bw. Ojca Pio, czwartek \u2013 \u015bw. Kosmy i Damiana oraz Wawrzy\u0144ca Ruiz, pi\u0105tek- \u015bw. Wincentego a Paulo, sobota &#8211; \u015bw. Wac\u0142awa, niedziela \u2013 \u015bw. Archanio\u0142\u00f3w Micha\u0142a Gabriela i Rafa\u0142a. 2. Szczere podzi\u0119kowanie Parafianom, kt\u00f3rzy wzi\u0119li udzia\u0142 w \u015bwi\u0119towaniu 4 rocznicy po\u015bwiecenia naszego ko\u015bcio\u0142a parafialnego &#8230; <span class=\"more\"><a class=\"more-link\" href=\"https:\/\/www.chnk.pl\/?p=2462\">czytaj wi\u0119cej<\/a><\/span><\/p>\n","protected":false},"author":3,"featured_media":0,"comment_status":"open","ping_status":"open","sticky":false,"template":"","format":"standard","meta":{"ngg_post_thumbnail":0,"footnotes":""},"categories":[1],"tags":[],"_links":{"self":[{"href":"https:\/\/www.chnk.pl\/index.php?rest_route=\/wp\/v2\/posts\/2462"}],"collection":[{"href":"https:\/\/www.chnk.pl\/index.php?rest_route=\/wp\/v2\/posts"}],"about":[{"href":"https:\/\/www.chnk.pl\/index.php?rest_route=\/wp\/v2\/types\/post"}],"author":[{"embeddable":true,"href":"https:\/\/www.chnk.pl\/index.php?rest_route=\/wp\/v2\/users\/3"}],"replies":[{"embeddable":true,"href":"https:\/\/www.chnk.pl\/index.php?rest_route=%2Fwp%2Fv2%2Fcomments&post=2462"}],"version-history":[{"count":1,"href":"https:\/\/www.chnk.pl\/index.php?rest_route=\/wp\/v2\/posts\/2462\/revisions"}],"predecessor-version":[{"id":2463,"href":"https:\/\/www.chnk.pl\/index.php?rest_route=\/wp\/v2\/posts\/2462\/revisions\/2463"}],"wp:attachment":[{"href":"https:\/\/www.chnk.pl\/index.php?rest_route=%2Fwp%2Fv2%2Fmedia&parent=2462"}],"wp:term":[{"taxonomy":"category","embeddable":true,"href":"https:\/\/www.chnk.pl\/index.php?rest_route=%2Fwp%2Fv2%2Fcategories&post=2462"},{"taxonomy":"post_tag","embeddable":true,"href":"https:\/\/www.chnk.pl\/index.php?rest_route=%2Fwp%2Fv2%2Ftags&post=2462"}],"curies":[{"name":"wp","href":"https:\/\/api.w.org\/{rel}","templated":true}]}}