{"id":2460,"date":"2019-09-21T20:45:34","date_gmt":"2019-09-21T20:45:34","guid":{"rendered":"http:\/\/www.chnk.pl\/?p=2460"},"modified":"2019-09-21T20:52:59","modified_gmt":"2019-09-21T20:52:59","slug":"pielgrzymka-na-cypr-2","status":"publish","type":"post","link":"https:\/\/www.chnk.pl\/?p=2460","title":{"rendered":"Pielgrzymka na Cypr"},"content":{"rendered":"\n<p>ARCHIDIECEZJALNA PIELGRZYMKA \u015aLADAMI \u015aW. PAW\u0141A APOSTO\u0141A NA CYPR<br \/>W DNIACH 25.04. \u2013 03.05.2020 ROKU<\/p>\n<p><br \/>Podstawowe informacje<br \/>1. Termin od 25 kwietnia (wylot i przylot &#8211; Warszawa) do 3 maja 2020 r.)<br \/>2. Cena 2.000 PLN + 960 EUR z\u0142 dla grupy licz\u0105cej 20-24 os\u00f3b; i 1.950 PLN + 890 EUR z\u0142 dla grupy licz\u0105cej 25-29 os\u00f3b; 1.900 PLN + 840 EUR z\u0142 dla grupy licz\u0105cej 30-34 os\u00f3b; 1.850 PLN + 810 EUR z\u0142 dla grupy licz\u0105cej 35-40 os\u00f3b. W tej cenie s\u0105 wliczone:<br \/>&#8211; przelot na trasie Warszawa \u2013 Larnaka \u2013 Warszawa<br \/>&#8211; 8 nocleg\u00f3w w hotelu 4* (pokoje 2-osobowe; dop\u0142ata do 1-osobowego 280 EUR)<br \/>&#8211; 2 posi\u0142ki dziennie (\u015bniadanie, obiadokolacja)<br \/>&#8211; przejazdy autokarem wg programu<br \/>&#8211; bilety wst\u0119pu do zwiedzanych obiekt\u00f3w<br \/>&#8211; opieka pilota\/przewodnika<br \/>&#8211; sk\u0142adk\u0119 na Turystyczny Fundusz Gwarancyjny <br \/>&#8211; ubezpieczenie KL i NNW (zawiera ubezpieczenie od chor\u00f3b przewlek\u0142ych<\/p>\n<p>3. &#8211; Zg\u0142oszenia na pielgrzymk\u0119 mo\u017cna dokona\u0107 w Kurii Metropolitalnej u Ksi\u0119dza Kanclerza tel. 61\/851-28-00 lub 601-772-833. <br \/>4. Przy zg\u0142oszeniu trzeba poda\u0107 nast\u0119puj\u0105ce dane:<br \/>\uf02d imi\u0119 i nazwisko oraz data i miejsce urodzenia<br \/>\uf02d adres zamieszkania z kodem pocztowym<br \/>\uf02d numer i seria paszportu oraz data wydania i wa\u017cno\u015bci paszportu (paszport musi by\u0107 wa\u017cny przynajmniej do ko\u0144ca sierpnia 2020 r.).<br \/>\uf02d telefon kontaktowy i wp\u0142ata 1.000 z\u0142<br \/>5. Pielgrzymk\u0119 obs\u0142uguje Biuro Pielgrzymkowo-Turystyczne Ad Astra z Ornontowic. <br \/>6. Informacja o pielgrzymce dost\u0119pna jest na stronie Archidiecezji www.archpoznan.pl. w zak\u0142adce Duszpasterstwo \u2013 pielgrzymki.<\/p>\n<p>PROGRAM<\/p>\n<p><br \/><br \/>I DZIE\u0143 \u2013 WARSZAWA \u2013 LARNAKA <br \/>Przelot na trasie Warszawa \u2013 Larnaka (wylot w p\u00f3\u017anych godzinach wieczornych). Nocleg.<\/p>\n<p>II DZIE\u0143 \u2013 \u2013 FAMAGUSTA \u2013 SALAMINA<br \/>Famagusta \u2013 najwa\u017cniejsze w \u015bredniowieczu miasto wyspy; klasztor \u015bw. Barnaby z grobem Aposto\u0142a; meczet \u2013 dawna katedra \u015bw. Miko\u0142aja. Salamina \u2013 ruiny antycznego miasta, kt\u00f3re by\u0142o \u015bwiadkiem bitwy morskiej mi\u0119dzy flotami Demetriusza i Ptolemeusza oraz bitwy na l\u0105dzie i morzu w okresie wojen grecko-perskich. Nocleg.<br \/><br \/>III DZIE\u0143 \u2013 NIKOZJA \u2013 OPACTWO BELLAPAIS \u2013 KYRENIA <br \/>Larnaka \u2013 ko\u015bci\u00f3\u0142 z grobem \u015bw. \u0141azarza, I biskupa Cypru. Nikozja \u2013 stolica Cypru, XVII \u2013 wieczna katedra \u015bw. Jana Teologa. Przejazd malownicz\u0105 tras\u0105 wzd\u0142u\u017c \u0142a\u0144cucha g\u00f3r Pentadaktylos. Opactwo Bellapais \u2013 pi\u0119kny przyk\u0142ad gotyckiej architektury sakralnej, wzniesiony XII\/ XIII wieku przez kanonik\u00f3w \u015bw. Augustyna. Kyrenia \u2013 \u015bredniowieczny zamek wzniesiony w obronie przed najazdem arabskim, malowniczy port, star\u00f3wka z tradycyjnymi, kamiennymi domami. Nocleg.<\/p>\n<p>IV DZIE\u0143 \u2013 PAFOS<br \/>Pafos \u2013 staro\u017cytna stolica Cypru, wpisana na list\u0119 \u015bwiatowego dziedzictwa UNESCO, ko\u015bci\u00f3\u0142 Agia Kiriaki \u2013 wzniesiony nad najwi\u0119kszymi na wyspie ruinami wczesnochrze\u015bcija\u0144skiej bazyliki, kamienny pr\u0119gierz, przy kt\u00f3rym ch\u0142ostany by\u0142 \u015bw. Pawe\u0142; klasztor \u015bw. Neofita \u2013 pustelnika i ascety, z cennymi bizantyjskimi freskami. Yeroskipou \u2013 ko\u015bci\u00f3\u0142 bizantyjski Agia Paraskevi. Nocleg.<\/p>\n<p>V DZIE\u0143 \u2013 KALOPANAYIOTIS \u2013 KYKKO <br \/>Przejazd dolin\u0105 w p\u00f3\u0142nocnej cz\u0119\u015bci g\u00f3r Troodos. Punkty widokowe na urocze wioski Moutoullas i Pedoulas. Kalopanayiotis \u2013 klasztor \u015bw. Jana, miejsce gdzie \u015bw. Pawe\u0142 i \u015bw. Barnaba ochrzcili \u015bw. Heraclidiosa. Kykko \u2013 najwi\u0119kszy klasztor na wyspie, ufundowany w XII wieku, <br \/>w miejscu \u017cycia pustelnika Izajasza, przechowywana jest w nim ikona NMP przypisywana autorstwu \u015bw. \u0141ukasza. Nocleg.<\/p>\n<p>VI DZIE\u0143 \u2013 LIMASSOL \u2013 KOURION \u2013 OMODOS <br \/>Limassol \u2013 Stare Miasto. Kourion \u2013 ruiny jednego z najwa\u017cniejszych staro\u017cytnych pa\u0144stw \u2013 miast, grecko \u2013 rzymski teatr, wczesnochrze\u015bcija\u0144ska bazylika z baptysterium, nimfeum, Dom Achillesa i Dom Gladiator\u00f3w z pi\u0119knymi mozaikami posadzkowymi, Dom Eustoliosa z kompleksem \u0142a\u017ani. Omodos \u2013 klasztor \u015awi\u0119tego Krzy\u017ca. Nocleg.<\/p>\n<p>VII DZIE\u0143 \u2013 PLATANISTASA \u2013 LAGOUDERA \u2013 NIKITARI \u2013 KAKOPETRIA <br \/>S\u0142ynne miejscowo\u015bci turystyczne w g\u00f3rach Troodos \u2013 kryj\u0105ce bizantyjskie ko\u015bcio\u0142y, przylepione do g\u00f3rskich zboczy lub wtulone w doliny, a tak\u017ce malownicze wioski, wzniesione na tarasowych zboczach. Platanistasa \u2013 XV \u2013 wieczny ko\u015bci\u00f3\u0142ek Stavros tou Agiasmati z kompletnym cyklem \u015bredniowiecznych obraz\u00f3w \u015bciennych. Lagoudera \u2013 XII \u2013 wieczny ko\u015bci\u00f3\u0142ek Panagia tou Araka z pi\u0119knymi freskami. Nikitari \u2013 XII \u2013 wieczny ko\u015bci\u00f3\u0142 Asinou uwa\u017cany za najlepszy przyk\u0142ad bizantyjskiego malarstwa \u015bciennego na wyspie. Kakopetria \u2013 ko\u015bci\u00f3\u0142 Agios Nikolaos tis Stegis. Nocleg.<\/p>\n<p>VIII DZIE\u0143 \u2013 DZIE\u0143 WOLNY<br \/>Ca\u0142odzienny wypoczynek. Nocleg.<\/p>\n<p>IX DZIE\u0143 \u2013 LARNAKA \u2013 WARSZAWA<br \/>Przelot na trasie Larnaka \u2013 Warszawa (wylot w bardzo wczesnych godzinach porannych).<\/p>\n","protected":false},"excerpt":{"rendered":"<p>ARCHIDIECEZJALNA PIELGRZYMKA \u015aLADAMI \u015aW. PAW\u0141A APOSTO\u0141A NA CYPRW DNIACH 25.04. \u2013 03.05.2020 ROKU Podstawowe informacje1. Termin od 25 kwietnia (wylot i przylot &#8211; Warszawa) do 3 maja 2020 r.)2. Cena 2.000 PLN + 960 EUR z\u0142 dla grupy licz\u0105cej 20-24 os\u00f3b; i 1.950 PLN + 890 EUR z\u0142 dla grupy licz\u0105cej 25-29 os\u00f3b; 1.900 PLN &#8230; <span class=\"more\"><a class=\"more-link\" href=\"https:\/\/www.chnk.pl\/?p=2460\">czytaj wi\u0119cej<\/a><\/span><\/p>\n","protected":false},"author":3,"featured_media":0,"comment_status":"open","ping_status":"open","sticky":false,"template":"","format":"standard","meta":{"ngg_post_thumbnail":0,"footnotes":""},"categories":[1],"tags":[],"_links":{"self":[{"href":"https:\/\/www.chnk.pl\/index.php?rest_route=\/wp\/v2\/posts\/2460"}],"collection":[{"href":"https:\/\/www.chnk.pl\/index.php?rest_route=\/wp\/v2\/posts"}],"about":[{"href":"https:\/\/www.chnk.pl\/index.php?rest_route=\/wp\/v2\/types\/post"}],"author":[{"embeddable":true,"href":"https:\/\/www.chnk.pl\/index.php?rest_route=\/wp\/v2\/users\/3"}],"replies":[{"embeddable":true,"href":"https:\/\/www.chnk.pl\/index.php?rest_route=%2Fwp%2Fv2%2Fcomments&post=2460"}],"version-history":[{"count":1,"href":"https:\/\/www.chnk.pl\/index.php?rest_route=\/wp\/v2\/posts\/2460\/revisions"}],"predecessor-version":[{"id":2461,"href":"https:\/\/www.chnk.pl\/index.php?rest_route=\/wp\/v2\/posts\/2460\/revisions\/2461"}],"wp:attachment":[{"href":"https:\/\/www.chnk.pl\/index.php?rest_route=%2Fwp%2Fv2%2Fmedia&parent=2460"}],"wp:term":[{"taxonomy":"category","embeddable":true,"href":"https:\/\/www.chnk.pl\/index.php?rest_route=%2Fwp%2Fv2%2Fcategories&post=2460"},{"taxonomy":"post_tag","embeddable":true,"href":"https:\/\/www.chnk.pl\/index.php?rest_route=%2Fwp%2Fv2%2Ftags&post=2460"}],"curies":[{"name":"wp","href":"https:\/\/api.w.org\/{rel}","templated":true}]}}