{"id":2457,"date":"2019-09-14T18:00:11","date_gmt":"2019-09-14T18:00:11","guid":{"rendered":"http:\/\/www.chnk.pl\/?p=2457"},"modified":"2019-09-14T18:00:11","modified_gmt":"2019-09-14T18:00:11","slug":"24-niedziela-zwykla-2","status":"publish","type":"post","link":"https:\/\/www.chnk.pl\/?p=2457","title":{"rendered":"24 Niedziela Zwyk\u0142a"},"content":{"rendered":"\n<p><br \/>OG\u0141OSZENIA DUSZPASTERSKIE<br \/>NIEDZIELA XXIV ZWYK\u0141A<br \/>15 wrze\u015bnia 2019 r.<br \/>1.Kalendarz liturgiczny: poniedzia\u0142ek \u2013 \u015bw.\u015bw. Korneliusza i Cypriana, wtorek \u2013 \u015bw. Zygmunta Szcz\u0119snego Feli\u0144skiego, \u015broda &#8211; Stanis\u0142awa Kostki, czwartek \u2013 \u015bw. Januarego, pi\u0105tek \u2013 \u015bw. Andrzeja Kim Taegon, sobota \u2013 \u015bw. Mateusza.<br \/>2. W \u015brod\u0119, 18 wrze\u015bnia br. Ksi\u0105dz Arcybiskup Metropolita Stanis\u0142aw G\u0105decki b\u0119dzie \u015bwi\u0119towa\u0142 swoje Imieniny. Tego dnia Czcigodny Solenizant w Katedrze o godz. 10.00 przewodniczy\u0142 b\u0119dzie uroczystej Mszy \u015bwi\u0119tej. Zapraszamy do udzia\u0142u w tej mszy \u015bw. Po Mszy \u015bwi\u0119tej w Seminarium, b\u0119dzie mo\u017cna z\u0142o\u017cy\u0107 Ksi\u0119dzu Arcybiskupowi \u017cyczenia imieninowe osobi\u015bcie.<br \/>3. W sobot\u0119 21 wrze\u015bnia br. w Poznaniu odb\u0119dzie si\u0119 Og\u00f3lnopolskie Forum Duszpasterskie. Jego temat brzmi: \u201eWielka tajemnica wiary&#8221;. Sesja wprowadzi nas w program pracy duszpasterskiej proponowany na nowy rok duszpasterski, kt\u00f3ry podejmie refleksj\u0119 nad sakramentem Eucharystii. Sesj\u0119 rozpocznie Msza \u015bw. koncelebrowana w ko\u015bciele \u015bw. Rocha o godz. 9.30 pod przewodnictwem ks. Arcybiskupa Gintarasa Grusasa, Metropolity Wile\u0144skiego. Po Mszy \u015bw. wyst\u0105pienia zaproszonych go\u015bci w Sali Centrum Wyk\u0142adowo-Konferencyjnego Politechniki Pozna\u0144skiej przy ul. Piotrowo 2. Zapraszamy do udzia\u0142u w Forum zar\u00f3wno osoby \u015bwieckie jak i duchowne. Szczeg\u00f3\u0142y dotycz\u0105ce zg\u0142osze\u0144 podane s\u0105 na stronie www.poznan.ak.org.pl.<br \/>4. W najbli\u017cszy czwartek, 19 wrze\u015bnia, przypada czwarta rocznica po\u015bwi\u0119cenia naszego ko\u015bcio\u0142a i odpust ku czci Matki Bo\u017cej Salety\u0144skiej. Adoracja Naj\u015bwi\u0119tszego Sakramentu od godz. 18.00 i r\u00f3\u017caniec salety\u0144ski, msza \u015bw. o godz. 19.00 i procesja. B\u0119dziemy dzi\u0119kowa\u0107 Panu Bogu za nasz\u0105 \u015bwi\u0105tyni\u0119, modli\u0107 si\u0119 za jej fundator\u00f3w \u017cyj\u0105cych i zmar\u0142ych i prosi\u0107, aby by\u0142a nape\u0142niana modlitw\u0105 przez obecne i przysz\u0142e pokolenia.<br \/>5. W sobot\u0119, 21 wrze\u015bnia, odpust w Parafii \u015bw. Mateusza na os. Or\u0142a Bia\u0142ego. Suma odpustowa godz. 18.00. Zapraszamy celnik\u00f3w i urz\u0119dnik\u00f3w skarbowych, w dniu ich Patrona.<br \/>6. Zapraszamy do Katedry ma\u0142\u017ce\u0144stwa, kt\u00f3re prze\u017cywaj\u0105 25 i 50 rocznic\u0119 ma\u0142\u017ce\u0144stwa. Msza \u015bw. z odnowieniem przyrzecze\u0144 ma\u0142\u017ce\u0144skich, w niedziel\u0119 22 wrze\u015bnia, o godz.16.00.<br \/>7. Podstawowy kurs formacji biblijnej rozpocznie si\u0119 5 pa\u017adziernika w budynku Wydzia\u0142u Teologicznego, przy ul. Wie\u017cowej 2-4. Szczeg\u00f3\u0142y na stronie internetowej Dzie\u0142a Biblijnego w Archidiecezji Pozna\u0144skiej.<br \/>8. W przysz\u0142\u0105 niedziel\u0119 b\u0119dziemy go\u015bci\u0107 OO. Oblat\u00f3w, kt\u00f3rzy b\u0119d\u0105 g\u0142osili kazania i rozprowadzali kalendarze misyjne na 2020 r. Ofiary z\u0142o\u017cone przy okazji ich nabywania przeznaczone s\u0105 na misyjn\u0105 dzia\u0142alno\u015b\u0107 Misjonarzy Oblat\u00f3w.<br \/>9. Zach\u0119camy do czytania prasy katolickiej. Przy zakrystii: Przewodnik Katolicki ( a w nim artyku\u0142y: o dr Wandzie B\u0142e\u0144kiej, misjonarce w Ugandzie, a tak\u017ce o narzeczonej, kt\u00f3ra napisa\u0142a u progu ma\u0142\u017ce\u0144stwa: \u201dP\u00f3jdziemy razem w \u017cycia zn\u00f3j, na rado\u015b\u0107 i wesele, Nie b\u0119dziesz sam, kochany m\u00f3j, ja rado\u015b\u0107 tw\u0105 podziel\u0119. A kiedy przyjdzie gorycz pi\u0107, rzecz najzupe\u0142niej godna, Nie b\u0119dziesz sam kochany m\u00f3j, spe\u0142nimy kielich do dna.\u201d I jak to si\u0119 sko\u0144czy\u0142o. ), Ma\u0142y Przewodnik Katolicki, Go\u015b\u0107 Niedzielny, Ola i Ja\u015b, Egzorcysta, gazetka parafialna i dla dzieci Ziarno.<br \/>10. M\u00f3dlmy si\u0119 za zmar\u0142ych parafian. Za dusze \u015bp. W\u0142odzimierza G\u0142adyszaka, os. Lecha 126 (msza \u015bw. pogrzebowa w poniedzia\u0142ek o godz. 10.00, pogrzeb na Junikowie o godz.12.30) i dusze \u015bp. Felicji Wawrzyniak ( msza \u015bw. w poniedzia\u0142ek o godz. 19.00). Wieczny odpoczynek racz zmar\u0142ym da\u0107 Panie.<\/p>\n","protected":false},"excerpt":{"rendered":"<p>OG\u0141OSZENIA DUSZPASTERSKIENIEDZIELA XXIV ZWYK\u0141A15 wrze\u015bnia 2019 r.1.Kalendarz liturgiczny: poniedzia\u0142ek \u2013 \u015bw.\u015bw. Korneliusza i Cypriana, wtorek \u2013 \u015bw. Zygmunta Szcz\u0119snego Feli\u0144skiego, \u015broda &#8211; Stanis\u0142awa Kostki, czwartek \u2013 \u015bw. Januarego, pi\u0105tek \u2013 \u015bw. Andrzeja Kim Taegon, sobota \u2013 \u015bw. Mateusza.2. W \u015brod\u0119, 18 wrze\u015bnia br. Ksi\u0105dz Arcybiskup Metropolita Stanis\u0142aw G\u0105decki b\u0119dzie \u015bwi\u0119towa\u0142 swoje Imieniny. Tego dnia Czcigodny &#8230; <span class=\"more\"><a class=\"more-link\" href=\"https:\/\/www.chnk.pl\/?p=2457\">czytaj wi\u0119cej<\/a><\/span><\/p>\n","protected":false},"author":3,"featured_media":0,"comment_status":"open","ping_status":"open","sticky":false,"template":"","format":"standard","meta":{"ngg_post_thumbnail":0,"footnotes":""},"categories":[1],"tags":[],"_links":{"self":[{"href":"https:\/\/www.chnk.pl\/index.php?rest_route=\/wp\/v2\/posts\/2457"}],"collection":[{"href":"https:\/\/www.chnk.pl\/index.php?rest_route=\/wp\/v2\/posts"}],"about":[{"href":"https:\/\/www.chnk.pl\/index.php?rest_route=\/wp\/v2\/types\/post"}],"author":[{"embeddable":true,"href":"https:\/\/www.chnk.pl\/index.php?rest_route=\/wp\/v2\/users\/3"}],"replies":[{"embeddable":true,"href":"https:\/\/www.chnk.pl\/index.php?rest_route=%2Fwp%2Fv2%2Fcomments&post=2457"}],"version-history":[{"count":1,"href":"https:\/\/www.chnk.pl\/index.php?rest_route=\/wp\/v2\/posts\/2457\/revisions"}],"predecessor-version":[{"id":2458,"href":"https:\/\/www.chnk.pl\/index.php?rest_route=\/wp\/v2\/posts\/2457\/revisions\/2458"}],"wp:attachment":[{"href":"https:\/\/www.chnk.pl\/index.php?rest_route=%2Fwp%2Fv2%2Fmedia&parent=2457"}],"wp:term":[{"taxonomy":"category","embeddable":true,"href":"https:\/\/www.chnk.pl\/index.php?rest_route=%2Fwp%2Fv2%2Fcategories&post=2457"},{"taxonomy":"post_tag","embeddable":true,"href":"https:\/\/www.chnk.pl\/index.php?rest_route=%2Fwp%2Fv2%2Ftags&post=2457"}],"curies":[{"name":"wp","href":"https:\/\/api.w.org\/{rel}","templated":true}]}}