{"id":2453,"date":"2019-09-07T16:05:08","date_gmt":"2019-09-07T16:05:08","guid":{"rendered":"http:\/\/www.chnk.pl\/?p=2453"},"modified":"2019-09-07T16:05:08","modified_gmt":"2019-09-07T16:05:08","slug":"23-niedziela-zwykla-2","status":"publish","type":"post","link":"https:\/\/www.chnk.pl\/?p=2453","title":{"rendered":"23 Niedziela Zwyk\u0142a"},"content":{"rendered":"\n<p>OG\u0141OSZENIA DUSZPASTERSKIE<br \/>NIEDZIELA XXIII ZWYK\u0141A<br \/>8 wrze\u015bnia 2019 r.<br \/>1. Spotkanie \u017bywego R\u00f3\u017ca\u0144ca w \u015brod\u0119, w kaplicy po wieczornej mszy \u015bw.<br \/>2. Kr\u0119g Biblijny w \u015brod\u0119 o godz. 18.50 (po mszy \u015bw.) w salce parafialnej<br \/>3. Spotkanie dla rodzic\u00f3w dzieci pierwszokomunijnych w czwartek, 12 wrze\u015bnia o godz. 19.15 w ko\u015bciele. Do I Komunii \u015bw. w naszym ko\u015bciele przyst\u0105pi\u0105 jedynie te dzieci, kt\u00f3re zamieszkuj\u0105 na terenie naszej parafii.<br \/>4. Zbi\u00f3rka dla ministrant\u00f3w w sobot\u0119 o godz. 9.00. Zapraszamy tak\u017ce tych, kt\u00f3rzy chcieliby wr\u00f3ci\u0107 do s\u0142u\u017cby o\u0142tarza.<br \/>5. W przysz\u0142\u0105 sobot\u0119 obchodzimy \u015bwi\u0119to podwy\u017cszenia Krzy\u017ca \u015bw. Centralne uroczysto\u015bci odb\u0119d\u0105 si\u0119 we W\u0142oc\u0142awku-Kruszynie. Informacja jest zamieszczone na tablicy og\u0142osze\u0144 i na stronie internetowej www. polskapodkrzy\u017cem.pl. W odpowiedzi na apel organizator\u00f3w Czuwania modlitewnego \u201ePOLSKA POD KRZY\u017bEM\u201d informujemy, \u017ce dnia 14 wrze\u015bnia 2019 roku o godzinie 21.00 przy Krzy\u017cu Papieskim w Parku Jana Paw\u0142a II (dawne \u0141\u0119gi D\u0119bi\u0144skie) odb\u0119dzie si\u0119 czuwanie modlitewne, na kt\u00f3re zaproszone s\u0105 osoby, kt\u00f3re nie mog\u0105 wzi\u0105\u0107 udzia\u0142u w uroczysto\u015bciach we W\u0142oc\u0142awku. B\u0142ogos\u0142awie\u0144stwa na czas modlitwy udzieli\u0142 Ksi\u0105dz Arcybiskup Stanis\u0142aw G\u0105decki. W naszej parafii zapraszamy na msz\u0119 \u015bw. o godz. 8.00. Do ko\u015bcio\u0142a przynosimy swoje krzy\u017ce domowe. Po mszy \u015bw. procesja do naszego pierwszego krzy\u017ca parafialnego, w 30 rocznic\u0119 jego po\u015bwi\u0119cenia przez Ks. Biskupa Stanis\u0142awa Napiera\u0142\u0119.<br \/>6. W \u015awi\u0119to Podwy\u017cszenia Krzy\u017ca \u015awi\u0119tego wsp\u00f3lnota Hospicjum \u015bw. Jana Kantego zaprasza do katedry na msz\u0119 \u015bw. w intencji wszystkich, kt\u00f3rzy w swoim \u017cyciu do\u015bwiadczyli krzy\u017ca, jego trudu i b\u00f3lu. Organizatorzy zapraszaj\u0105 na modlitw\u0119 tak\u017ce tych, kt\u00f3rzy pomagaj\u0105 d\u017awiga\u0107 trud cierpienia i choroby bliskim. Msza \u015awi\u0119ta zostanie odprawiona, dnia 14 wrze\u015bnia 2019 roku o godzinie 18.00.<br \/>7. Archidiecezjalny Marsz dla \u017bycia \u2013 w niedziel\u0119, 15 wrze\u015bnia. Spotkanie rozpocznie o godz. 14:30 festynem rodzinnym na pl. A. Mickiewicza. Nast\u0119pnie wyruszymy w kierunku Katedry Pozna\u0144skiej, gdzie zostanie odprawiona Msza \u015bw. Poka\u017cmy, \u017ce rodzina i \u017cycie ka\u017cdego z nas to dla nas warto\u015bci fundamentalne!<br \/>8. Tradycyjny Marsz pokutny 15 wrze\u015bnia, w trzeci\u0105 niedziel\u0119 miesi\u0105ca. O godz.12.30 msza \u015bw. w ko\u015bciele Bo\u017cego Cia\u0142a i modlitwa r\u00f3\u017ca\u0144cowa ulicami Starego Miasta. B\u0119dziemy si\u0119 modli\u0107 o Polsk\u0119 wiern\u0105 Bogu, Krzy\u017cowi i Ewangelii oraz wynagradza\u0107 Maryi za wszelkie z\u0142o, blu\u017anierstwa i zniewagi oraz nieposzanowanie dla naszych \u015bwi\u0119to\u015bci. <br \/>9. Dnia 21 wrze\u015bnia 2019 roku odb\u0119dzie si\u0119 Pozna\u0144skie Forum Duszpasterskie, pt: \u201eWielka Tajemnica Wiary&#8221;. Wydarzenie swoim patronatem obj\u0105\u0142 Ksi\u0105dz Arcybiskup Metropolita Stanis\u0142aw G\u0105decki. Szczeg\u00f3\u0142owy program oraz mo\u017cliwo\u015b\u0107 zapisu za pomoc\u0105 strony internetowej www.poznan.ak.org.pl.<br \/>10. Zapraszamy do Katedry ma\u0142\u017ce\u0144stwa, kt\u00f3re prze\u017cywaj\u0105 25 i 50 rocznic\u0119 ma\u0142\u017ce\u0144stwa. Msza \u015bw. z odnowieniem \u015blubowa\u0144 ma\u0142\u017ce\u0144skich zostanie odprawiona w niedziel\u0119, 22 wrze\u015bnia, o godz. 16.00. Po Mszy \u015bw. przewidziane jest spotkanie ksi\u0119dza Biskupa z czcigodnymi Jubilatami w gmachu Arcybiskupiego Seminarium Duchownego.<br \/>11.W przysz\u0142\u0105 niedziel\u0119, przed ko\u015bcio\u0142em mo\u017cliwo\u015b\u0107 z\u0142o\u017cenia ofiary na KUL. B\u00f3g zap\u0142a\u0107 za ofiary z \u201e\u017c\u00f3\u0142tych kartek\u201d na doposa\u017canie naszego ko\u015bcio\u0142a.<br \/>12. Zach\u0119camy do czytania prasy katolickiej.<br \/>13. M\u00f3dlmy si\u0119 za zmar\u0142ych parafian. Za dusz\u0119 \u015bp. Anny Fr\u0105ckowiak, os. Lecha 39. Msza \u015bw. pogrzebowa w pi\u0105tek o godz. 11.30. Wieczny odpoczynek racz zmar\u0142ym da\u0107 Panie.<\/p>\n","protected":false},"excerpt":{"rendered":"<p>OG\u0141OSZENIA DUSZPASTERSKIENIEDZIELA XXIII ZWYK\u0141A8 wrze\u015bnia 2019 r.1. Spotkanie \u017bywego R\u00f3\u017ca\u0144ca w \u015brod\u0119, w kaplicy po wieczornej mszy \u015bw.2. Kr\u0119g Biblijny w \u015brod\u0119 o godz. 18.50 (po mszy \u015bw.) w salce parafialnej3. Spotkanie dla rodzic\u00f3w dzieci pierwszokomunijnych w czwartek, 12 wrze\u015bnia o godz. 19.15 w ko\u015bciele. Do I Komunii \u015bw. w naszym ko\u015bciele przyst\u0105pi\u0105 jedynie te &#8230; <span class=\"more\"><a class=\"more-link\" href=\"https:\/\/www.chnk.pl\/?p=2453\">czytaj wi\u0119cej<\/a><\/span><\/p>\n","protected":false},"author":3,"featured_media":0,"comment_status":"open","ping_status":"open","sticky":false,"template":"","format":"standard","meta":{"ngg_post_thumbnail":0,"footnotes":""},"categories":[1],"tags":[],"_links":{"self":[{"href":"https:\/\/www.chnk.pl\/index.php?rest_route=\/wp\/v2\/posts\/2453"}],"collection":[{"href":"https:\/\/www.chnk.pl\/index.php?rest_route=\/wp\/v2\/posts"}],"about":[{"href":"https:\/\/www.chnk.pl\/index.php?rest_route=\/wp\/v2\/types\/post"}],"author":[{"embeddable":true,"href":"https:\/\/www.chnk.pl\/index.php?rest_route=\/wp\/v2\/users\/3"}],"replies":[{"embeddable":true,"href":"https:\/\/www.chnk.pl\/index.php?rest_route=%2Fwp%2Fv2%2Fcomments&post=2453"}],"version-history":[{"count":1,"href":"https:\/\/www.chnk.pl\/index.php?rest_route=\/wp\/v2\/posts\/2453\/revisions"}],"predecessor-version":[{"id":2454,"href":"https:\/\/www.chnk.pl\/index.php?rest_route=\/wp\/v2\/posts\/2453\/revisions\/2454"}],"wp:attachment":[{"href":"https:\/\/www.chnk.pl\/index.php?rest_route=%2Fwp%2Fv2%2Fmedia&parent=2453"}],"wp:term":[{"taxonomy":"category","embeddable":true,"href":"https:\/\/www.chnk.pl\/index.php?rest_route=%2Fwp%2Fv2%2Fcategories&post=2453"},{"taxonomy":"post_tag","embeddable":true,"href":"https:\/\/www.chnk.pl\/index.php?rest_route=%2Fwp%2Fv2%2Ftags&post=2453"}],"curies":[{"name":"wp","href":"https:\/\/api.w.org\/{rel}","templated":true}]}}