{"id":2442,"date":"2019-09-01T06:40:14","date_gmt":"2019-09-01T06:40:14","guid":{"rendered":"http:\/\/www.chnk.pl\/?p=2442"},"modified":"2019-09-01T06:40:14","modified_gmt":"2019-09-01T06:40:14","slug":"22-niedziela-zwykla-2","status":"publish","type":"post","link":"https:\/\/www.chnk.pl\/?p=2442","title":{"rendered":"22 Niedziela Zwyk\u0142a"},"content":{"rendered":"\n<p><br \/>OG\u0141OSZENIA DUSZPASTERSKIE<br \/>NIEDZIELA XXII ZWYK\u0141A<br \/>1 wrze\u015bnia 2019 r.<br \/>1. Kalendarz liturgiczny:<br \/>wtorek \u2013 \u015bw. Grzegorza,<br \/>\u015broda &#8211; b\u0142. Marii Stelii,<br \/>sobota \u2013 \u015bw. Melchiora Grodzieckiego,<br \/>niedziela &#8211; \u015bwi\u0119to Narodzenia Naj\u015bwi\u0119tszej Maryi Panny.<br \/>2. Od wrze\u015bnia, powracamy do tradycyjnych godzin odprawiania mszy \u015bw. w niedziele i dni powszednie, a tak\u017ce godzin urz\u0119dowania Biura Parafialnego. Msza \u015bw. w dni powszednie o godz. 8.00 i 18.00; Nowenna do Matki Bo\u017cej Nieustaj\u0105cej Pomocy w \u015brod\u0119 o godz. 18.00; R\u00f3\u017caniec do MB Patronki Dobrej \u015amierci we wtorek o godz. 7.30. Biuro Parafialne: poniedzia\u0142ki godz. 16.00 do 17.30; czwartki godz. 9.00 do 10.30; soboty godz. 19.00 do 20.00.<br \/>3. Modlitewne rozpocz\u0119cie roku szkolnego i katechetycznego: Msza \u015bw. szkolna na rozpocz\u0119cie roku szkolnego i katechetycznego, z po\u015bwi\u0119ceniem przybor\u00f3w szkolnych, we wtorek o godz. 11.00. Prosimy rodzic\u00f3w, aby razem ze swoimi dzie\u0107mi wzi\u0119li udzia\u0142 w modlitewnym rozpocz\u0119ciu nowego roku szkolnego. Prosimy o str\u00f3j galowy.<br \/>4. W czwartek zakrystia zostanie wyposa\u017cona w nowe meble. W \u015brod\u0119 o godz. 19.00 prosimy pan\u00f3w o pomoc w przygotowaniu zakrystii do przemeblowania.<br \/>5. W tym tygodniu I czwartek, I pi\u0105tek i I sobota miesi\u0105ca. Adoracja Naj\u015bwi\u0119tszego Sakramentu w czwartek: od godz. 17.00 do 18.00. Uczestnicz\u0105cych w duchowej adopcji zapraszamy na r\u00f3\u017caniec o godz. 17.15 w intencji obrony \u017cycia. Po mszy \u015bw. wieczornej adoracja do godz. 21.00 w intencji zachowania i o nowe powo\u0142ania kap\u0142a\u0144skie i zakonne. Spowied\u017a \u015bw. w I pi\u0105tek miesi\u0105ca dla dzieci i m\u0142odzie\u017cy od godz. 15.00 do 18.00. Koronka do Mi\u0142osierdzia Bo\u017cego za Ko\u015bci\u00f3\u0142 prze\u015bladowany w pi\u0105tek o godz.17.40. Zapraszamy na msz\u0119 \u015bw. pierwszopi\u0105tkow\u0105 na godz.18.00. Odwiedziny chorych z sakramentami \u015bw. w pi\u0105tek i w sobot\u0119 wed\u0142ug sta\u0142ego planu. W sobot\u0119 r\u00f3\u017caniec do Niepokalanego Serca Matki Bo\u017cej o godz. 7.15, msza \u015bw. i nabo\u017ce\u0144stwo.<br \/>6. Archidiecezjalny Marsz dla \u017bycia przejdzie ulicami Poznania w nowym terminie \u2013 w niedziel\u0119, 15 wrze\u015bnia. Spotkanie rozpocznie o godz. 14:30 festyn rodzinny na pl. A. Mickiewicza. Nast\u0119pnie wyruszymy w kierunku Katedry Pozna\u0144skiej, gdzie zostanie odprawiona Msza \u015bw. Zach\u0119camy do w\u0142\u0105czenia si\u0119 w promocj\u0119 wydarzenia w\u015br\u00f3d znajomych. Poka\u017cmy, \u017ce rodzina i \u017cycie ka\u017cdego z nas to dla nas warto\u015bci fundamentalne!<br \/>7. Rodzic\u00f3w dzieci pierwszokomunijnych prosimy by zakupili r\u00f3\u017ca\u0144ce dla swoich dzieci przygotowuj\u0105cych si\u0119 do pierwszej komunii \u015bw. Spotkanie dla rodzic\u00f3w tych dzieci w czwartek, 12 wrze\u015bnia o godz. 19.15 w ko\u015bciele. Do I Komunii \u015bw. w naszym ko\u015bciele przyst\u0105pi\u0105 jedynie te dzieci, kt\u00f3re zamieszkuj\u0105 na terenie naszej parafii.<br \/>8. Zach\u0119camy do czytania prasy katolickiej. Przy zakrystii: Przewodnik Katolicki (o siostrach zakonnych od zda\u0144 specjalnych), Ma\u0142y Przewodnik Katolicki, Go\u015b\u0107 Niedzielny, Ola i Ja\u015b, Egzorcysta, gazetka parafialna.<br \/>9. M\u00f3dlmy si\u0119 za zmar\u0142ych parafian. Za dusz\u0119 \u015bp. Ludomi\u0142y Kowalczyk, os. Lecha 128. Msza \u015bw. pogrzebowa w poniedzia\u0142ek o godz. 9.00. Wieczny odpoczynek racz zmar\u0142ym da\u0107 Panie.<\/p>\n","protected":false},"excerpt":{"rendered":"<p>OG\u0141OSZENIA DUSZPASTERSKIENIEDZIELA XXII ZWYK\u0141A1 wrze\u015bnia 2019 r.1. Kalendarz liturgiczny:wtorek \u2013 \u015bw. Grzegorza,\u015broda &#8211; b\u0142. Marii Stelii,sobota \u2013 \u015bw. Melchiora Grodzieckiego,niedziela &#8211; \u015bwi\u0119to Narodzenia Naj\u015bwi\u0119tszej Maryi Panny.2. Od wrze\u015bnia, powracamy do tradycyjnych godzin odprawiania mszy \u015bw. w niedziele i dni powszednie, a tak\u017ce godzin urz\u0119dowania Biura Parafialnego. Msza \u015bw. w dni powszednie o godz. 8.00 i &#8230; <span class=\"more\"><a class=\"more-link\" href=\"https:\/\/www.chnk.pl\/?p=2442\">czytaj wi\u0119cej<\/a><\/span><\/p>\n","protected":false},"author":3,"featured_media":0,"comment_status":"open","ping_status":"open","sticky":false,"template":"","format":"standard","meta":{"ngg_post_thumbnail":0,"footnotes":""},"categories":[1],"tags":[],"_links":{"self":[{"href":"https:\/\/www.chnk.pl\/index.php?rest_route=\/wp\/v2\/posts\/2442"}],"collection":[{"href":"https:\/\/www.chnk.pl\/index.php?rest_route=\/wp\/v2\/posts"}],"about":[{"href":"https:\/\/www.chnk.pl\/index.php?rest_route=\/wp\/v2\/types\/post"}],"author":[{"embeddable":true,"href":"https:\/\/www.chnk.pl\/index.php?rest_route=\/wp\/v2\/users\/3"}],"replies":[{"embeddable":true,"href":"https:\/\/www.chnk.pl\/index.php?rest_route=%2Fwp%2Fv2%2Fcomments&post=2442"}],"version-history":[{"count":1,"href":"https:\/\/www.chnk.pl\/index.php?rest_route=\/wp\/v2\/posts\/2442\/revisions"}],"predecessor-version":[{"id":2443,"href":"https:\/\/www.chnk.pl\/index.php?rest_route=\/wp\/v2\/posts\/2442\/revisions\/2443"}],"wp:attachment":[{"href":"https:\/\/www.chnk.pl\/index.php?rest_route=%2Fwp%2Fv2%2Fmedia&parent=2442"}],"wp:term":[{"taxonomy":"category","embeddable":true,"href":"https:\/\/www.chnk.pl\/index.php?rest_route=%2Fwp%2Fv2%2Fcategories&post=2442"},{"taxonomy":"post_tag","embeddable":true,"href":"https:\/\/www.chnk.pl\/index.php?rest_route=%2Fwp%2Fv2%2Ftags&post=2442"}],"curies":[{"name":"wp","href":"https:\/\/api.w.org\/{rel}","templated":true}]}}