{"id":2437,"date":"2019-08-26T20:36:15","date_gmt":"2019-08-26T20:36:15","guid":{"rendered":"http:\/\/www.chnk.pl\/?p=2437"},"modified":"2019-08-26T20:36:15","modified_gmt":"2019-08-26T20:36:15","slug":"21-niedziela-zwykla","status":"publish","type":"post","link":"https:\/\/www.chnk.pl\/?p=2437","title":{"rendered":"21 Niedziela Zwyk\u0142a"},"content":{"rendered":"\n<p>OG\u0141OSZENIA DUSZPASTERSKIE<br \/>\nNIEDZIELA XXI ZWYK\u0141A<br \/>\n25 sierpnia 2019 r.<br \/>\n1.Kalendarz liturgiczny:<br \/>\nponiedzia\u0142ek &#8211; Naj\u015bwi\u0119tszej Maryi Panny Cz\u0119stochowskiej,<br \/>\nwtorek &#8211; \u015bw. Moniki,<br \/>\n\u015broda &#8211; \u015bw. Augustyna,<br \/>\nczwartek \u2013 M\u0119cze\u0144stwo \u015bw. Jana Chrzciciela.<\/p>\n\n\n\n<ol><li>W poniedzia\u0142ek uroczysto\u015b\u0107 Naj\u015bwi\u0119tszej Maryi Panny Cz\u0119stochowskiej. Msza \u015bw. o godz. 8.00. Na mszy \u015bw. odnowienie \u015alub\u00f3w Jasnog\u00f3rskich. <\/li><li>W przysz\u0142\u0105 niedziel\u0119 msza \u015bw. tak\u017ce o  godz. 12.30. Od 1 wrze\u015bnia powracamy do tradycyjnych godzin odprawiania mszy \u015bw. i urz\u0119dowania biura parafialnego.<\/li><li>Zapraszamy na piesz\u0105 pielgrzymk\u0119  na odpust Narodzenia Naj\u015bwi\u0119tszej Maryi Panny do sanktuarium w Tulcach. Suma odpustowa w niedziel\u0119 1 wrze\u015bnia o godz. 12.00 pod przewodnictwem Ks. Bpa Zdzis\u0142awa Fortuniaka. Piesza pielgrzymka z naszej parafii w \u0142\u0105czno\u015bci z Parafi\u0105 na os. Rusa. Zbi\u00f3rka przy naszym ko\u015bciele w niedziel\u0119, 1 wrze\u015bnia o godz. 6.50 i przej\u015bcie do ko\u015bcio\u0142a \u015bw. \u0141ukasza. Pielgrzymka rowerowa \u2013 zbi\u00f3rka o godz. 9.45 przy figurze Matki Bo\u017cej z La Salette.<\/li><li>B\u00f3g zap\u0142a\u0107 za ofiary z\u0142o\u017cone na doposa\u017cenie naszego Ko\u015bcio\u0142a, na Caritas Archidiecezjaln\u0105 i Katolicki Uniwersytet Lubelski.<\/li><li>Zach\u0119camy do czytania prasy katolickiej. Przy zakrystii: Przewodnik Katolicki z modlitewnikiem na wrzesie\u0144, Go\u015b\u0107 Niedzielny i Egzorcysta.<\/li><li>M\u00f3dlmy si\u0119 za zmar\u0142ych Parafian, dzi\u015b w spos\u00f3b szczeg\u00f3lny za <br \/> \u015bp. Jana Walkowiaka os. Lecha 28. Msza \u015bw. pogrzebowa w poniedzia\u0142ek o godz. 11.30. Wieczny odpoczynek racz zmar\u0142ym da\u0107 Panie.<\/li><\/ol>\n\n\n\n<p>INFORMACJE  STA\u0141E  NA SIERPIE\u0143<br \/>\nA. W sierpniu zmienione godziny odprawiania Mszy \u015bw. w niedziele oraz zmienione godziny urz\u0119dowania Biura Parafialnego. W niedziele wakacyjne nie ma mszy \u015bw. o godz. 12.30.Msza \u015bw. w dni powszednie o godz. 8.00 i o godz.18.00.Nowenna do Matki Bo\u017cej Nieustaj\u0105cej Pomocy w \u015brod\u0119 o godz. 8.00<br \/>\nR\u00f3\u017caniec do Matki Bo\u017cej Patronki Dobrej \u015amierci i Nowenna do \u015bw. J\u00f3zefa  we wtorek o godz. 17.30<br \/>\nBiuro Parafialne: poniedzia\u0142ek godz. 9.00 do 10.30, czwartek godz. 16.00 do 17.30, sobota godz. 19.00 do 20.00.<br \/>\nB. Msza \u015bw. niedzielna w godzinach p\u00f3\u017aniejszych w najbli\u017cszych parafiach Parafia Pierwszych Polskich M\u0119czennik\u00f3w, os. Tysi\u0105clecia &#8211; godz. 20.00 i Parafia \u015bw. \u0141ukasza, os. Rusa &#8211; godz. 20.30<br \/>\nC. Grupa Anonimowych Alkoholik\u00f3w spotyka si\u0119 w ka\u017cdy wtorek o godz. 19.00 w salce parafialnej.<br \/>\nD.  Prosimy o podawanie intencji mszalnych, uprzednio zarezerwowanych, na sierpie\u0144 i wrzesie\u0144. Mo\u017cna to uczyni\u0107 w niedziel\u0119, po Mszy \u015bw., w zakrystii.<br \/>\nE. Dzieci wyje\u017cd\u017caj\u0105ce na kolonie powinny zabra\u0107 pisemne o\u015bwiadczenie rodzic\u00f3w, i\u017c jest ich wol\u0105, aby dziecko uczestniczy\u0142o w niedzielnej Mszy \u015bw.<br \/>\nF. Spowied\u017a \u015bw. p\u00f3\u0142 godziny przed Msz\u0105 \u015bw. i w sobot\u0119 od godz. 16.00-18.00.                                                                                                                                                                                                                                                                                      <\/p>\n","protected":false},"excerpt":{"rendered":"<p>OG\u0141OSZENIA DUSZPASTERSKIE NIEDZIELA XXI ZWYK\u0141A 25 sierpnia 2019 r. 1.Kalendarz liturgiczny: poniedzia\u0142ek &#8211; Naj\u015bwi\u0119tszej Maryi Panny Cz\u0119stochowskiej, wtorek &#8211; \u015bw. Moniki, \u015broda &#8211; \u015bw. Augustyna, czwartek \u2013 M\u0119cze\u0144stwo \u015bw. Jana Chrzciciela. W poniedzia\u0142ek uroczysto\u015b\u0107 Naj\u015bwi\u0119tszej Maryi Panny Cz\u0119stochowskiej. Msza \u015bw. o godz. 8.00. Na mszy \u015bw. odnowienie \u015alub\u00f3w Jasnog\u00f3rskich. W przysz\u0142\u0105 niedziel\u0119 msza \u015bw. tak\u017ce &#8230; <span class=\"more\"><a class=\"more-link\" href=\"https:\/\/www.chnk.pl\/?p=2437\">czytaj wi\u0119cej<\/a><\/span><\/p>\n","protected":false},"author":3,"featured_media":0,"comment_status":"open","ping_status":"open","sticky":false,"template":"","format":"standard","meta":{"ngg_post_thumbnail":0,"footnotes":""},"categories":[1],"tags":[],"_links":{"self":[{"href":"https:\/\/www.chnk.pl\/index.php?rest_route=\/wp\/v2\/posts\/2437"}],"collection":[{"href":"https:\/\/www.chnk.pl\/index.php?rest_route=\/wp\/v2\/posts"}],"about":[{"href":"https:\/\/www.chnk.pl\/index.php?rest_route=\/wp\/v2\/types\/post"}],"author":[{"embeddable":true,"href":"https:\/\/www.chnk.pl\/index.php?rest_route=\/wp\/v2\/users\/3"}],"replies":[{"embeddable":true,"href":"https:\/\/www.chnk.pl\/index.php?rest_route=%2Fwp%2Fv2%2Fcomments&post=2437"}],"version-history":[{"count":1,"href":"https:\/\/www.chnk.pl\/index.php?rest_route=\/wp\/v2\/posts\/2437\/revisions"}],"predecessor-version":[{"id":2438,"href":"https:\/\/www.chnk.pl\/index.php?rest_route=\/wp\/v2\/posts\/2437\/revisions\/2438"}],"wp:attachment":[{"href":"https:\/\/www.chnk.pl\/index.php?rest_route=%2Fwp%2Fv2%2Fmedia&parent=2437"}],"wp:term":[{"taxonomy":"category","embeddable":true,"href":"https:\/\/www.chnk.pl\/index.php?rest_route=%2Fwp%2Fv2%2Fcategories&post=2437"},{"taxonomy":"post_tag","embeddable":true,"href":"https:\/\/www.chnk.pl\/index.php?rest_route=%2Fwp%2Fv2%2Ftags&post=2437"}],"curies":[{"name":"wp","href":"https:\/\/api.w.org\/{rel}","templated":true}]}}