{"id":2430,"date":"2019-08-17T19:41:08","date_gmt":"2019-08-17T19:41:08","guid":{"rendered":"http:\/\/www.chnk.pl\/?p=2430"},"modified":"2019-08-17T19:46:01","modified_gmt":"2019-08-17T19:46:01","slug":"19-niedziela-zwykla-2","status":"publish","type":"post","link":"https:\/\/www.chnk.pl\/?p=2430","title":{"rendered":"20 Niedziela Zwyk\u0142a"},"content":{"rendered":"\n<p>OG\u0141OSZENIA DUSZPASTERSKIE<br \/> NIEDZIELA XX ZWYK\u0141A<br \/> 18 sierpnia 2019 r.<\/p>\n\n\n\n<ol><li>Kalendarz liturgiczny: wtorek \u015bw. Bernarda opata, \u015broda Piusa X papie\u017ca, czwartek NMP Kr\u00f3lowej, sobota \u015bw. Bart\u0142omieja Aposto\u0142a<\/li><li>Procesja salety\u0144ska w poniedzia\u0142ek po Mszy \u015awi\u0119tej o 8.00.<\/li><li>Ruch Rodzin Nazareta\u0144skich organizuje rekolekcje dla ma\u0142\u017ce\u0144stw we wrze\u015bniu i pa\u017adzierniku, szczeg\u00f3\u0142y na tablicy og\u0142osze\u0144.<\/li><li>Zapraszamy na Og\u00f3lnopolskie Forum Duszpasterskie 21 wrze\u015bnia br , szczeg\u00f3\u0142y na tablicy og\u0142osze\u0144<\/li><li>Archidiecezja Pozna\u0144ska organizuje pielgrzymk\u0119 do Ziemi \u015awi\u0119tej na prze\u0142omie stycznia i lutego 2020. Szczeg\u00f3\u0142y w zakrystii.<\/li><li>Pielgrzymka autokarowa do G\u00f3rki Duchownej na Wielki Odpust ku czci Matki Bo\u017cej Pocieszenia dnia 29 sierpnia (czwartek) 2019 r. Komunikat na tablicy og\u0142osze\u0144.<\/li><li>Zach\u0119camy do czytania prasy katolickiej. Przewodnik Katolicki (artyku\u0142 o niezwyk\u0142ej osobowo\u015bci b\u0142. Ks. Jerzego Popie\u0142uszki), Ma\u0142y Przewodnik Katolicki, Egzorcysta i Go\u015b\u0107 Niedzielny.<\/li><li>Zmar\u0142a +Kazimiera Soboniak, os. Lecha 80, Msza pogrzebowa we wtorek o 10.00, pogrzeb na cm. Junikowo o 12.30<br \/>                                                                                                                                                                                                                                         INFORMACJE STA\u0141E NA  LIPIEC I SIERPIE\u0143<br \/> A. W lipcu i w sierpniu zmienione godziny odprawiania Mszy \u015bw. w niedziele i dni powszednie oraz zmienione godziny urz\u0119dowania Biura Parafialnego. W niedziele wakacyjne nie ma mszy \u015bw. o godz. 12.30.<br \/> Msza \u015bw. o godz. 8.00 w poniedzia\u0142ek, \u015brod\u0119 i pi\u0105tek<br \/>             o godz.18.00 we wtorek, czwartek i sobot\u0119.<br \/> Nowenna do Matki Bo\u017cej Nieustaj\u0105cej Pomocy w \u015brod\u0119 o godz. 8.00<br \/> R\u00f3\u017caniec do Matki Bo\u017cej Patronki Dobrej \u015amierci we wtorek o godz. 17.30<br \/> Biuro Parafialne: poniedzia\u0142ek godz. 9.00 do 10.30, czwartek godz. 16.00 do 17.30                    i sobota godz. 19.00 do 20.00.<br \/> B. Msza \u015bw. niedzielna w godzinach p\u00f3\u017aniejszych w najbli\u017cszych parafiach: Parafia Pierwszych Polskich M\u0119czennik\u00f3w, os. Tysi\u0105clecia &#8211; godz. 20.00 i Parafia \u015bw. \u0141ukasza, os. Rusa &#8211; godz. 20.30<br \/> C.   Spowied\u017a \u015bw. p\u00f3\u0142 godziny przed Msz\u0105 \u015bw. i w sobot\u0119 od godz. 16.00 &#8211; 18.00.                                                                                                                                                                                                                                                                                      <\/li><\/ol>\n","protected":false},"excerpt":{"rendered":"<p>OG\u0141OSZENIA DUSZPASTERSKIE NIEDZIELA XX ZWYK\u0141A 18 sierpnia 2019 r. Kalendarz liturgiczny: wtorek \u015bw. Bernarda opata, \u015broda Piusa X papie\u017ca, czwartek NMP Kr\u00f3lowej, sobota \u015bw. Bart\u0142omieja Aposto\u0142a Procesja salety\u0144ska w poniedzia\u0142ek po Mszy \u015awi\u0119tej o 8.00. Ruch Rodzin Nazareta\u0144skich organizuje rekolekcje dla ma\u0142\u017ce\u0144stw we wrze\u015bniu i pa\u017adzierniku, szczeg\u00f3\u0142y na tablicy og\u0142osze\u0144. Zapraszamy na Og\u00f3lnopolskie Forum Duszpasterskie &#8230; <span class=\"more\"><a class=\"more-link\" href=\"https:\/\/www.chnk.pl\/?p=2430\">czytaj wi\u0119cej<\/a><\/span><\/p>\n","protected":false},"author":3,"featured_media":0,"comment_status":"open","ping_status":"open","sticky":false,"template":"","format":"standard","meta":{"ngg_post_thumbnail":0,"footnotes":""},"categories":[1],"tags":[],"_links":{"self":[{"href":"https:\/\/www.chnk.pl\/index.php?rest_route=\/wp\/v2\/posts\/2430"}],"collection":[{"href":"https:\/\/www.chnk.pl\/index.php?rest_route=\/wp\/v2\/posts"}],"about":[{"href":"https:\/\/www.chnk.pl\/index.php?rest_route=\/wp\/v2\/types\/post"}],"author":[{"embeddable":true,"href":"https:\/\/www.chnk.pl\/index.php?rest_route=\/wp\/v2\/users\/3"}],"replies":[{"embeddable":true,"href":"https:\/\/www.chnk.pl\/index.php?rest_route=%2Fwp%2Fv2%2Fcomments&post=2430"}],"version-history":[{"count":4,"href":"https:\/\/www.chnk.pl\/index.php?rest_route=\/wp\/v2\/posts\/2430\/revisions"}],"predecessor-version":[{"id":2436,"href":"https:\/\/www.chnk.pl\/index.php?rest_route=\/wp\/v2\/posts\/2430\/revisions\/2436"}],"wp:attachment":[{"href":"https:\/\/www.chnk.pl\/index.php?rest_route=%2Fwp%2Fv2%2Fmedia&parent=2430"}],"wp:term":[{"taxonomy":"category","embeddable":true,"href":"https:\/\/www.chnk.pl\/index.php?rest_route=%2Fwp%2Fv2%2Fcategories&post=2430"},{"taxonomy":"post_tag","embeddable":true,"href":"https:\/\/www.chnk.pl\/index.php?rest_route=%2Fwp%2Fv2%2Ftags&post=2430"}],"curies":[{"name":"wp","href":"https:\/\/api.w.org\/{rel}","templated":true}]}}