{"id":2416,"date":"2019-08-10T20:34:00","date_gmt":"2019-08-10T20:34:00","guid":{"rendered":"http:\/\/www.chnk.pl\/?p=2416"},"modified":"2019-08-10T20:34:00","modified_gmt":"2019-08-10T20:34:00","slug":"19-niedziela-zwykla","status":"publish","type":"post","link":"https:\/\/www.chnk.pl\/?p=2416","title":{"rendered":"19 Niedziela Zwyk\u0142a"},"content":{"rendered":"\n<p>OG\u0141OSZENIA DUSZPASTERSKIE<br \/>\nNIEDZIELA XIX ZWYK\u0141A<br \/>\n11 sierpnia 2019 r.<\/p>\n\n\n\n<p>1.Kalendarz liturgiczny: \u015broda \u015bw. Maksymiliana Marii Kolbego, wieczorna Msza \u015awi\u0119ta z Uroczysto\u015bci Wniebowzi\u0119cia, po niej procesja. W czwartek Uroczysto\u015b\u0107 Wniebowzi\u0119cia NMP, Msze \u015bwi\u0119te jak w niedziele wakacyjne. Caritas rozprowadza zio\u0142a i zbiera ofiary do  puszek.<\/p>\n\n\n\n<p>2.Ministranci podczas akcji charytatywnej zebrali 2.164 pln, dzi\u0119kujemy wszystkim parafianom, kt\u00f3rzy wsparli t\u0119 inicjatyw\u0119.<\/p>\n\n\n\n<p>3.Dzisiejsza Taca jest przeznaczona na KUL, WT UAM i szko\u0142y katolickie<\/p>\n\n\n\n<p>4.Pielgrzymka autokarowa do G\u00f3rki Duchownej na Wielki Odpust ku czci Matki Bo\u017cej Pocieszenia dnia 29 sierpnia (czwartek) 2019 r. Komunikat na tablicy og\u0142osze\u0144.<\/p>\n\n\n\n<p>5.Zach\u0119camy do czytania prasy katolickiej. Przewodnik Katolicki (\u201eWniebowzi\u0119cie Maryi ukazuje prawd\u0119 o ludzkim spe\u0142nieniu\u201d), Ma\u0142y Przewodnik Katolicki, Egzorcysta i Go\u015b\u0107 Niedzielny.<\/p>\n\n\n\n<p>6.Zmar\u0142 +Jan Grzegorek, os. Lecha 122, Msza pogrzebowa w poniedzia\u0142ek o godz. 11.00, pogrzeb o godz. 13.30 na Cmentarzu Mi\u0142ostowo od ul. Warszawskiej, zmar\u0142a +Kazimiera Soboniak, os. Lecha 80<br \/>                                                                                                                                                                                                                                         INFORMACJE STA\u0141E NA  LIPIEC I SIERPIE\u0143<br \/> A. W lipcu i w sierpniu zmienione godziny odprawiania Mszy \u015bw. w niedziele i dni powszednie oraz zmienione godziny urz\u0119dowania Biura Parafialnego. W niedziele wakacyjne nie ma mszy \u015bw. o godz. 12.30.<br \/> Msza \u015bw. o godz. 8.00 w poniedzia\u0142ek, \u015brod\u0119 i pi\u0105tek<br \/>             o godz.18.00 we wtorek, czwartek i sobot\u0119.<br \/> Nowenna do Matki Bo\u017cej Nieustaj\u0105cej Pomocy w \u015brod\u0119 o godz. 8.00<br \/> R\u00f3\u017caniec do Matki Bo\u017cej Patronki Dobrej \u015amierci we wtorek o godz. 17.30<br \/> Biuro Parafialne: poniedzia\u0142ek godz. 9.00 do 10.30, czwartek godz. 16.00 do 17.30                    i sobota godz. 19.00 do 20.00.<br \/> B. Msza \u015bw. niedzielna w godzinach p\u00f3\u017aniejszych w najbli\u017cszych parafiach: Parafia Pierwszych Polskich M\u0119czennik\u00f3w, os. Tysi\u0105clecia &#8211; godz. 20.00 i Parafia \u015bw. \u0141ukasza, os. Rusa &#8211; godz. 20.30<br \/> C.   Spowied\u017a \u015bw. p\u00f3\u0142 godziny przed Msz\u0105 \u015bw. i w sobot\u0119 od godz. 16.00 &#8211; 18.00.                                                                                                                                                                                                                                                                                      <\/p>\n","protected":false},"excerpt":{"rendered":"<p>OG\u0141OSZENIA DUSZPASTERSKIE NIEDZIELA XIX ZWYK\u0141A 11 sierpnia 2019 r. 1.Kalendarz liturgiczny: \u015broda \u015bw. Maksymiliana Marii Kolbego, wieczorna Msza \u015awi\u0119ta z Uroczysto\u015bci Wniebowzi\u0119cia, po niej procesja. W czwartek Uroczysto\u015b\u0107 Wniebowzi\u0119cia NMP, Msze \u015bwi\u0119te jak w niedziele wakacyjne. Caritas rozprowadza zio\u0142a i zbiera ofiary do puszek. 2.Ministranci podczas akcji charytatywnej zebrali 2.164 pln, dzi\u0119kujemy wszystkim parafianom, kt\u00f3rzy &#8230; <span class=\"more\"><a class=\"more-link\" href=\"https:\/\/www.chnk.pl\/?p=2416\">czytaj wi\u0119cej<\/a><\/span><\/p>\n","protected":false},"author":3,"featured_media":0,"comment_status":"open","ping_status":"open","sticky":false,"template":"","format":"standard","meta":{"ngg_post_thumbnail":0,"footnotes":""},"categories":[1],"tags":[],"_links":{"self":[{"href":"https:\/\/www.chnk.pl\/index.php?rest_route=\/wp\/v2\/posts\/2416"}],"collection":[{"href":"https:\/\/www.chnk.pl\/index.php?rest_route=\/wp\/v2\/posts"}],"about":[{"href":"https:\/\/www.chnk.pl\/index.php?rest_route=\/wp\/v2\/types\/post"}],"author":[{"embeddable":true,"href":"https:\/\/www.chnk.pl\/index.php?rest_route=\/wp\/v2\/users\/3"}],"replies":[{"embeddable":true,"href":"https:\/\/www.chnk.pl\/index.php?rest_route=%2Fwp%2Fv2%2Fcomments&post=2416"}],"version-history":[{"count":1,"href":"https:\/\/www.chnk.pl\/index.php?rest_route=\/wp\/v2\/posts\/2416\/revisions"}],"predecessor-version":[{"id":2417,"href":"https:\/\/www.chnk.pl\/index.php?rest_route=\/wp\/v2\/posts\/2416\/revisions\/2417"}],"wp:attachment":[{"href":"https:\/\/www.chnk.pl\/index.php?rest_route=%2Fwp%2Fv2%2Fmedia&parent=2416"}],"wp:term":[{"taxonomy":"category","embeddable":true,"href":"https:\/\/www.chnk.pl\/index.php?rest_route=%2Fwp%2Fv2%2Fcategories&post=2416"},{"taxonomy":"post_tag","embeddable":true,"href":"https:\/\/www.chnk.pl\/index.php?rest_route=%2Fwp%2Fv2%2Ftags&post=2416"}],"curies":[{"name":"wp","href":"https:\/\/api.w.org\/{rel}","templated":true}]}}