{"id":2408,"date":"2019-08-05T09:10:38","date_gmt":"2019-08-05T09:10:38","guid":{"rendered":"http:\/\/www.chnk.pl\/?p=2408"},"modified":"2019-08-05T09:13:44","modified_gmt":"2019-08-05T09:13:44","slug":"2408","status":"publish","type":"post","link":"https:\/\/www.chnk.pl\/?p=2408","title":{"rendered":"18 Niedziela Zwyk\u0142a"},"content":{"rendered":"\n<p>OG\u0141OSZENIA DUSZPASTERSKIE<br \/>\nNIEDZIELA XVIII ZWYK\u0141A<br \/>\n4 sierpnia 2019 r.<\/p>\n\n\n\n<p>1.Kalendarz liturgiczny: wtorek  Przemienienie Pa\u0144skie, w czwartek \u015bw. Dominika, w pi\u0105tek \u015bw. Teresy Benedykty od Krzy\u017ca, w sobot\u0119 \u015bw. Wawrzy\u0144ca<br \/>\n2.Sierpie\u0144 &#8211; miesi\u0105c \u015bwi\u0105t maryjnych i narodowych rocznic. Zach\u0119camy do powstrzymania si\u0119 od spo\u017cywania alkoholu. Wszystkich trwaj\u0105cych w trze\u017awo\u015bci zach\u0119camy do postawy wynagrodzenia Panu Bogu za pija\u0144stwo i  do modlitwy za cierpi\u0105cych i poszkodowanych z powodu pija\u0144stwa. Grupa AA spotyka si\u0119 w naszej salce parafialnej we wtorki o godz. 19.00 i jest otwarta na tych, kt\u00f3rzy szukaj\u0105 pomocy do \u017cycia w trze\u017awo\u015bci.<\/p>\n\n\n\n<ol><li>Pielgrzymka autokarowa do G\u00f3rki Duchownej na Wielki Odpust ku czci Matki Bo\u017cej Pocieszenia dnia 29 sierpnia (czwartek) 2019 r. Komunikat na tablicy og\u0142osze\u0144.<\/li><li>Zach\u0119camy do czytania prasy katolickiej. Przewodnik Katolicki (\u201eWi\u0119\u017aniowie w\u0142asnych dom\u00f3w\u201d &#8211; o osobach chorych i samotnych mieszkaj\u0105cych tu\u017c za \u015bcian\u0105), Ma\u0142y Przewodnik Katolicki, Egzorcysta i Go\u015b\u0107 Niedzielny.<br \/>                                                                                                                                                                                                                                         INFORMACJE STA\u0141E NA  LIPIEC I SIERPIE\u0143<br \/> A. W lipcu i w sierpniu zmienione godziny odprawiania Mszy \u015bw. w niedziele i dni powszednie oraz zmienione godziny urz\u0119dowania Biura Parafialnego. W niedziele wakacyjne nie ma mszy \u015bw. o godz. 12.30.<br \/> Msza \u015bw. o godz. 8.00 w poniedzia\u0142ek, \u015brod\u0119 i pi\u0105tek o godz.18.00 we wtorek, czwartek i sobot\u0119.<br \/> Nowenna do Matki Bo\u017cej Nieustaj\u0105cej Pomocy w \u015brod\u0119 o godz. 8.00<br \/> R\u00f3\u017caniec do Matki Bo\u017cej Patronki Dobrej \u015amierci we wtorek o godz. 17.30<br \/> Biuro Parafialne: poniedzia\u0142ek godz. 9.00 do 10.30, czwartek godz. 16.00 do 17.30 i sobota godz. 19.00 do 20.00.<br \/> B. Msza \u015bw. niedzielna w godzinach p\u00f3\u017aniejszych w najbli\u017cszych parafiach: Parafia Pierwszych Polskich M\u0119czennik\u00f3w, os. Tysi\u0105clecia &#8211; godz. 20.00 i Parafia \u015bw. \u0141ukasza, os. Rusa &#8211; godz. 20.30<br \/> C.   Spowied\u017a \u015bw. p\u00f3\u0142 godziny przed Msz\u0105 \u015bw. i w sobot\u0119 od godz. 16.00 &#8211; 18.00.                                                                                                                                                                                                                                                                                      <\/li><\/ol>\n\n\n\n<p>INFORMACJE STA\u0141E NA LIPIEC I SIERPIE\u0143<br \/> A. W sierpniu zmienione godziny odprawiania Mszy \u015bw. w niedziele oraz zmienione godziny urz\u0119dowania Biura Parafialnego.<br \/> W niedziele wakacyjne nie ma mszy \u015bw. o godz. 12.30.<br \/> Msza \u015bw. w dni powszednie o godz. 8.00 i 18.00.<br \/> Nowenna do Matki Bo\u017cej Nieustaj\u0105cej Pomocy w \u015brod\u0119 o godz. 8.00<br \/> R\u00f3\u017caniec do Matki Bo\u017cej Patronki Dobrej \u015amierci i Nowenna do \u015bw. J\u00f3zefa  we wtorek o godz. 17.30<br \/> Biuro Parafialne: poniedzia\u0142ek godz. 9.00 do 10.30,czwartek godz. 16.00 do 17.30, sobota godz. 19.00 do 20.00.<br \/> B. Msza \u015bw. niedzielna w godzinach p\u00f3\u017aniejszych w najbli\u017cszych parafiach. Parafia Pierwszych Polskich M\u0119czennik\u00f3w, os. Tysi\u0105clecia &#8211; godz. 20.00                     i Parafia \u015bw. \u0141ukasza, os. Rusa &#8211; godz. 20.30<br \/> C. Grupa Anonimowych Alkoholik\u00f3w spotyka si\u0119 w ka\u017cdy wtorek o godz. 19.00 w salce parafialnej.<br \/> D. Spowied\u017a \u015bw. p\u00f3\u0142 godziny przed Msz\u0105 \u015bw. i w sobot\u0119 od godz. 16.00-18.00.<br \/> E. Dzieci wyje\u017cd\u017caj\u0105ce na kolonie powinny zabra\u0107 pisemne o\u015bwiadczenie rodzic\u00f3w, i\u017c jest ich wol\u0105, aby dziecko uczestniczy\u0142o w niedzielnej Mszy \u015bw.<br \/> F. Spowied\u017a \u015bw. p\u00f3\u0142 godziny przed Msz\u0105 \u015bw. i w sobot\u0119 od godz. 16.00-18.00.                                                                                                                                                                                                                                                                                      <\/p>\n\n\n\n<p>Prosimy o podawanie intencji mszalnych, uprzednio zarezerwowanych, na lipiec i sierpie\u0144. Mo\u017cna to uczyni\u0107 w niedziel\u0119, po Mszy \u015bw., w zakrystii.<\/p>\n","protected":false},"excerpt":{"rendered":"<p>OG\u0141OSZENIA DUSZPASTERSKIE NIEDZIELA XVIII ZWYK\u0141A 4 sierpnia 2019 r. 1.Kalendarz liturgiczny: wtorek Przemienienie Pa\u0144skie, w czwartek \u015bw. Dominika, w pi\u0105tek \u015bw. Teresy Benedykty od Krzy\u017ca, w sobot\u0119 \u015bw. Wawrzy\u0144ca 2.Sierpie\u0144 &#8211; miesi\u0105c \u015bwi\u0105t maryjnych i narodowych rocznic. Zach\u0119camy do powstrzymania si\u0119 od spo\u017cywania alkoholu. Wszystkich trwaj\u0105cych w trze\u017awo\u015bci zach\u0119camy do postawy wynagrodzenia Panu Bogu za &#8230; <span class=\"more\"><a class=\"more-link\" href=\"https:\/\/www.chnk.pl\/?p=2408\">czytaj wi\u0119cej<\/a><\/span><\/p>\n","protected":false},"author":3,"featured_media":0,"comment_status":"open","ping_status":"open","sticky":false,"template":"","format":"standard","meta":{"ngg_post_thumbnail":0,"footnotes":""},"categories":[1],"tags":[],"_links":{"self":[{"href":"https:\/\/www.chnk.pl\/index.php?rest_route=\/wp\/v2\/posts\/2408"}],"collection":[{"href":"https:\/\/www.chnk.pl\/index.php?rest_route=\/wp\/v2\/posts"}],"about":[{"href":"https:\/\/www.chnk.pl\/index.php?rest_route=\/wp\/v2\/types\/post"}],"author":[{"embeddable":true,"href":"https:\/\/www.chnk.pl\/index.php?rest_route=\/wp\/v2\/users\/3"}],"replies":[{"embeddable":true,"href":"https:\/\/www.chnk.pl\/index.php?rest_route=%2Fwp%2Fv2%2Fcomments&post=2408"}],"version-history":[{"count":3,"href":"https:\/\/www.chnk.pl\/index.php?rest_route=\/wp\/v2\/posts\/2408\/revisions"}],"predecessor-version":[{"id":2413,"href":"https:\/\/www.chnk.pl\/index.php?rest_route=\/wp\/v2\/posts\/2408\/revisions\/2413"}],"wp:attachment":[{"href":"https:\/\/www.chnk.pl\/index.php?rest_route=%2Fwp%2Fv2%2Fmedia&parent=2408"}],"wp:term":[{"taxonomy":"category","embeddable":true,"href":"https:\/\/www.chnk.pl\/index.php?rest_route=%2Fwp%2Fv2%2Fcategories&post=2408"},{"taxonomy":"post_tag","embeddable":true,"href":"https:\/\/www.chnk.pl\/index.php?rest_route=%2Fwp%2Fv2%2Ftags&post=2408"}],"curies":[{"name":"wp","href":"https:\/\/api.w.org\/{rel}","templated":true}]}}